{"id":661538,"date":"2026-09-02T04:21:35","date_gmt":"2026-09-02T04:21:35","guid":{"rendered":"https:\/\/www.europesays.com\/pl\/661538\/"},"modified":"2026-09-02T04:21:35","modified_gmt":"2026-09-02T04:21:35","slug":"46-lat-solidarnosci-rocznicowe-uroczystosci-w-bydgoszczy-i-wloclawku","status":"publish","type":"post","link":"https:\/\/www.europesays.com\/pl\/661538\/","title":{"rendered":"46 lat \u201eSolidarno\u015bci\u201d. Rocznicowe uroczysto\u015bci w Bydgoszczy i W\u0142oc\u0142awku"},"content":{"rendered":"<p>fot. facebook\/IPN Bydgoszcz<\/p>\n<p>        Przypomniane wydarzenia i ludzie<\/p>\n<p>Rocznicowe uroczysto\u015bci odby\u0142y si\u0119 31 sierpnia w kilku miejscach wojew\u00f3dztwa kujawsko-pomorskiego. Ich uczestnicy przypominali nie tylko wydarzenia sprzed 46 lat, ale r\u00f3wnie\u017c osoby zaanga\u017cowane w dzia\u0142alno\u015b\u0107 \u201eSolidarno\u015bci\u201d i opozycji antykomunistycznej.<\/p>\n<p>Bydgoszcz pami\u0119ta o \u201eSolidarno\u015bci\u201d robotniczej i rolniczej<\/p>\n<p>W Bydgoszczy uroczysto\u015bci odby\u0142y si\u0119 przy pomniku Bohater\u00f3w Solidarno\u015bci Robotniczej i Rolniczej, znajduj\u0105cym si\u0119 na placu przed ko\u015bcio\u0142em pw. \u015bw. Andrzeja Boboli.<\/p>\n<p>Uczestnicy obchod\u00f3w z\u0142o\u017cyli wi\u0105zanki kwiat\u00f3w, oddaj\u0105c ho\u0142d osobom zaanga\u017cowanym w dzia\u0142alno\u015b\u0107 zwi\u0105zku i walk\u0119 o prawa pracownicze oraz przemiany demokratyczne w Polsce. Modlitw\u0119 w intencji ludzi \u201eSolidarno\u015bci\u201d odm\u00f3wi\u0142 proboszcz o. Bogus\u0142aw Choma.<\/p>\n<p>Nast\u0119pnie w ko\u015bciele odprawiona zosta\u0142a uroczysta Msza \u015bw. za Ojczyzn\u0119, ludzi pracy oraz osoby, kt\u00f3re tworzy\u0142y i nadal tworz\u0105 wsp\u00f3lnot\u0119 \u201eSolidarno\u015bci\u201d.<\/p>\n<p>W obchodach uczestniczyli przedstawiciele w\u0142adz pa\u0144stwowych i samorz\u0105dowych, zwi\u0105zkowcy, mieszka\u0144cy Bydgoszczy i zaproszeni go\u015bcie.\u00a0<\/p>\n<p>\u201eTU rodzi\u0142a si\u0119 Solidarno\u015b\u0107\u201d<\/p>\n<p>R\u00f3wnie\u017c we W\u0142oc\u0142awku rocznica Porozumie\u0144 Sierpniowych sta\u0142a si\u0119 okazj\u0105 do przypomnienia wydarze\u0144, kt\u00f3re w 1980 roku doprowadzi\u0142y do narodzin niezale\u017cnego zwi\u0105zku zawodowego.<\/p>\n<p>W Miejskiej Bibliotece Publicznej im. Zdzis\u0142awa Arentowicza otwarto wystaw\u0119 IPN \u201eTU rodzi\u0142a si\u0119 Solidarno\u015b\u0107\u201d.<\/p>\n<p>W wydarzeniu uczestniczyli m.in. prezydent W\u0142oc\u0142awka Krzysztof Kukucki, wiceprzewodnicz\u0105cy Zarz\u0105du Regionu Toru\u0144sko-W\u0142oc\u0142awskiego NSZZ \u201eSolidarno\u015b\u0107\u201d Janusz D\u0119bczy\u0144ski oraz dyrektor biblioteki Andrzej Chmielewski.<\/p>\n<p>Delegatur\u0119 IPN w Bydgoszczy reprezentowali Marcin Habel, kierownik Referatu Edukacji Narodowej, oraz dr Przemys\u0142aw W\u00f3jtowicz.<\/p>\n<p>W\u0142oc\u0142awek te\u017c mia\u0142 sw\u00f3j Sierpie\u0144 \u201980<\/p>\n<p>Ekspozycja przypomina masowe protesty i strajki z lata 1980 roku, kt\u00f3re obj\u0119\u0142y wiele zak\u0142ad\u00f3w pracy w ca\u0142ej Polsce i doprowadzi\u0142y do powstania NSZZ \u201eSolidarno\u015b\u0107\u201d.<\/p>\n<p>Wa\u017cne miejsce zajmuj\u0105 na niej wydarzenia z W\u0142oc\u0142awka. 19 sierpnia 1980 roku protest rozpocz\u0105\u0142 si\u0119 w Zak\u0142adach Azotowych, a dzie\u0144 p\u00f3\u017aniej do akcji strajkowej przyst\u0105pili pracownicy Miejskiego Przedsi\u0119biorstwa Komunikacyjnego.<\/p>\n<p>22 sierpnia w Fabryce Maszyn i Urz\u0105dze\u0144 \u201eWis\u0142a\u201d odby\u0142 si\u0119 natomiast wiec solidarno\u015bciowy z robotnikami Wybrze\u017ca.<\/p>\n<p>Kolejn\u0105 wa\u017cn\u0105 dat\u0105 by\u0142 15 wrze\u015bnia 1980 roku, kiedy utworzono pierwsz\u0105 w regionie Komisj\u0119 Za\u0142o\u017cycielsk\u0105. Struktury zwi\u0105zku rozwija\u0142y si\u0119 bardzo szybko \u2013 przed wprowadzeniem stanu wojennego w\u0142oc\u0142awska \u201eSolidarno\u015b\u0107\u201d mia\u0142a liczy\u0107 oko\u0142o 90 tys. cz\u0142onk\u00f3w.<\/p>\n<p>Historia og\u00f3lnopolska, regionalna i lokalna<\/p>\n<p>Wystawa jest cz\u0119\u015bci\u0105 og\u00f3lnopolskiego projektu Instytutu Pami\u0119ci Narodowej \u201eBia\u0142o-czerwony szlak: TU rodzi\u0142a si\u0119 Solidarno\u015b\u0107\u201d.<\/p>\n<p>Ekspozycj\u0119 podzielono na cz\u0119\u015bci po\u015bwi\u0119cone wydarzeniom og\u00f3lnopolskim, regionalnym i lokalnym. Dzi\u0119ki temu zwiedzaj\u0105cy mog\u0105 zobaczy\u0107, jak ruch solidarno\u015bciowy rozwija\u0142 si\u0119 nie tylko w najwi\u0119kszych o\u015brodkach strajkowych, ale tak\u017ce w miastach Kujaw i Pomorza.<\/p>\n<p>Autorami cz\u0119\u015bci regionalnej s\u0105 historycy bydgoskiej Delegatury IPN \u2013 dr Katarzyna Maniewska oraz dr Przemys\u0142aw W\u00f3jtowicz.<\/p>\n<p>Wystaw\u0119 wsp\u00f3\u0142organizuj\u0105 Delegatura IPN w Bydgoszczy, Miejska Biblioteka Publiczna im. Zdzis\u0142awa Arentowicza we W\u0142oc\u0142awku oraz Zarz\u0105d Regionu Toru\u0144sko-W\u0142oc\u0142awskiego NSZZ \u201eSolidarno\u015b\u0107\u201d.<\/p>\n","protected":false},"excerpt":{"rendered":"fot. facebook\/IPN Bydgoszcz Przypomniane wydarzenia i ludzie Rocznicowe uroczysto\u015bci odby\u0142y si\u0119 31 sierpnia w kilku miejscach wojew\u00f3dztwa kujawsko-pomorskiego.&hellip;\n","protected":false},"author":2,"featured_media":661539,"comment_status":"","ping_status":"","sticky":false,"template":"","format":"standard","meta":{"footnotes":"","_share_on_mastodon":"0"},"categories":[51613],"tags":[210,7132,291,7988,106284,42,38,40,39,41,16651,6008,7870,128632,128631,73813,1092,13263],"class_list":["post-661538","post","type-post","status-publish","format-standard","has-post-thumbnail","category-bydgoszcz","tag-aktualnosci","tag-bydgoszcz","tag-historia","tag-ipn","tag-msza-swieta","tag-pl","tag-poland","tag-polish","tag-polska","tag-polski","tag-pomnik","tag-rocznica","tag-solidarnosc","tag-solidarnosc-robotnicza","tag-solidarnosc-rolnicza","tag-uroczystosci","tag-wydarzenia","tag-wystawa"],"share_on_mastodon":{"url":"https:\/\/pubeurope.com\/@pl\/117199535014532581","error":""},"_links":{"self":[{"href":"https:\/\/www.europesays.com\/pl\/wp-json\/wp\/v2\/posts\/661538","targetHints":{"allow":["GET"]}}],"collection":[{"href":"https:\/\/www.europesays.com\/pl\/wp-json\/wp\/v2\/posts"}],"about":[{"href":"https:\/\/www.europesays.com\/pl\/wp-json\/wp\/v2\/types\/post"}],"author":[{"embeddable":true,"href":"https:\/\/www.europesays.com\/pl\/wp-json\/wp\/v2\/users\/2"}],"replies":[{"embeddable":true,"href":"https:\/\/www.europesays.com\/pl\/wp-json\/wp\/v2\/comments?post=661538"}],"version-history":[{"count":0,"href":"https:\/\/www.europesays.com\/pl\/wp-json\/wp\/v2\/posts\/661538\/revisions"}],"wp:featuredmedia":[{"embeddable":true,"href":"https:\/\/www.europesays.com\/pl\/wp-json\/wp\/v2\/media\/661539"}],"wp:attachment":[{"href":"https:\/\/www.europesays.com\/pl\/wp-json\/wp\/v2\/media?parent=661538"}],"wp:term":[{"taxonomy":"category","embeddable":true,"href":"https:\/\/www.europesays.com\/pl\/wp-json\/wp\/v2\/categories?post=661538"},{"taxonomy":"post_tag","embeddable":true,"href":"https:\/\/www.europesays.com\/pl\/wp-json\/wp\/v2\/tags?post=661538"}],"curies":[{"name":"wp","href":"https:\/\/api.w.org\/{rel}","templated":true}]}}