{"id":661540,"date":"2026-09-02T04:22:37","date_gmt":"2026-09-02T04:22:37","guid":{"rendered":"https:\/\/www.europesays.com\/pl\/661540\/"},"modified":"2026-09-02T04:22:37","modified_gmt":"2026-09-02T04:22:37","slug":"pozar-w-zakladach-w-lublinie-prokuratura-zabezpieczyla-serwer-monitoringu","status":"publish","type":"post","link":"https:\/\/www.europesays.com\/pl\/661540\/","title":{"rendered":"Po\u017car w zak\u0142adach w Lublinie. Prokuratura zabezpieczy\u0142a serwer monitoringu"},"content":{"rendered":"<p>\u015aledczy wci\u0105\u017c nie ustalili, co by\u0142o bezpo\u015bredni\u0105 przyczyn\u0105 po\u017caru. Policjanci z Centralnego Biura Zwalczania Cyberprzest\u0119pczo\u015bci analizuj\u0105 obecnie zabezpieczony serwer, licz\u0105c na to, \u017ce zgromadzone na nim dane pomog\u0105 w \u015bledztwie. Urz\u0105dzenie znajdowa\u0142o si\u0119 w \u015brodku hali obj\u0119tej ogniem i zosta\u0142o nara\u017cone na dzia\u0142anie du\u017cej ilo\u015bci \u015brodk\u00f3w ga\u015bniczych, dlatego nie ma pewno\u015bci, czy uda si\u0119 odzyska\u0107 z niego jakiekolwiek informacje.<\/p>\n<p>Dalszy ci\u0105g artyku\u0142u pod materia\u0142em wideo<\/p>\n<p>Wed\u0142ug informacji Polskiego Radia prokuratura musia\u0142a przerwa\u0107 ogl\u0119dziny pogorzeliska ze wzgl\u0119du na ryzyko zawalenia si\u0119 konstrukcji. W\u0142a\u015bciciel zak\u0142adu wst\u0119pnie oszacowa\u0142 straty na 5 mln euro [ponad 20 mln z\u0142].<\/p>\n<p><a href=\"https:\/\/www.onet.pl\/\" title=\"Strona G\u0142\u00f3wna\" aria-label=\"Strona G\u0142\u00f3wna\" data-astro-prefetch=\"tap\" class=\"ods-a-logo-main-desktop\" rel=\"nofollow noopener\" target=\"_blank\"><img src=\"https:\/\/cdn.wiadomosci.onet.pl\/img\/Logo_desktop_Onet.svg\" class=\"ods-a-logo-main-desktop__image\" alt=\"Logo\" width=\"107\" height=\"60\" fetchpriority=\"high\" decoding=\"sync\" style=\"height:60px\"\/><\/a><\/p>\n<p class=\"ods-m-google-article__text\">Czytaj nas cz\u0119\u015bciej w Google<\/p>\n<p><a href=\"https:\/\/google.com\/preferences\/source?q=wiadomosci.onet.pl\" target=\"_blank\" rel=\"noopener noreferrer nofollow\" aria-label=\"Dodaj w Google\" title=\"Dodaj w Google\" class=\"ods-a-button ods-a-button__primary ods-a-button__default ods-a-button-l\">Dodaj w Google<\/a>Hipotezy dotycz\u0105ce przyczyn po\u017caru<\/p>\n<p>Na obecnym etapie \u015bledztwa brane s\u0105 pod uwag\u0119 r\u00f3\u017cne scenariusze, w tym zar\u00f3wno celowe podpalenie, jak i samozap\u0142on spowodowany awari\u0105 techniczn\u0105. \u015aledczy podkre\u015blaj\u0105, \u017ce nie znaleziono dot\u0105d wystarczaj\u0105cych dowod\u00f3w, kt\u00f3re pozwoli\u0142yby jednoznacznie wskaza\u0107 przyczyn\u0119 po\u017caru. Z kolei TVP Info, powo\u0142uj\u0105c si\u0119 na nieoficjalne \u017ar\u00f3d\u0142a, poda\u0142o w poniedzia\u0142ek, \u017ce ogie\u0144 m\u00f3g\u0142 by\u0107 wynikiem podpalenia, a tropy prowadz\u0105 do s\u0142u\u017cb ze Wschodu.<\/p>\n<p>Prawdziwy pow\u00f3d wizyty dyrektora CIA w Moskwie. &#8222;Rosjanie testuj\u0105 nie Warszaw\u0119, ale Waszyngton&#8221; [KOMENTARZ]<img class=\"ods-a-photo ods-a-photo--background\" src=\"https:\/\/www.europesays.com\/pl\/wp-content\/uploads\/2026\/09\/XDKk9lBaHR0cHM6Ly9vY2RuLmV1L3B1bHNjbXMvTURBXy9lYzFkOTExNTQ1MzY0OWFmYjBhNjhjMjQxZTI5MGQyMi5qcGeRlQLNA.jpeg\" height=\"323\" width=\"450\" alt=\"W\u0142adimir Putin\" loading=\"lazy\" fetchpriority=\"low\" decoding=\"async\"\/><\/p>\n<p>Opracowanie:Karolina Gawot<\/p>\n<p>Data utworzenia:1 wrze\u015bnia 2026, 17:43<\/p>\n","protected":false},"excerpt":{"rendered":"\u015aledczy wci\u0105\u017c nie ustalili, co by\u0142o bezpo\u015bredni\u0105 przyczyn\u0105 po\u017caru. Policjanci z Centralnego Biura Zwalczania Cyberprzest\u0119pczo\u015bci analizuj\u0105 obecnie zabezpieczony&hellip;\n","protected":false},"author":2,"featured_media":661541,"comment_status":"","ping_status":"","sticky":false,"template":"","format":"standard","meta":{"footnotes":"","_share_on_mastodon":"0"},"categories":[51612],"tags":[61195,1081,48,46,42,38,40,39,41,2148,1627,47],"class_list":["post-661540","post","type-post","status-publish","format-standard","has-post-thumbnail","category-lublin","tag-bottomfeed_styl","tag-lublin","tag-nat_styl","tag-omp","tag-pl","tag-poland","tag-polish","tag-polska","tag-polski","tag-pozar","tag-prokuratura","tag-screening_general"],"share_on_mastodon":{"url":"https:\/\/pubeurope.com\/@pl\/117199540364966270","error":""},"_links":{"self":[{"href":"https:\/\/www.europesays.com\/pl\/wp-json\/wp\/v2\/posts\/661540","targetHints":{"allow":["GET"]}}],"collection":[{"href":"https:\/\/www.europesays.com\/pl\/wp-json\/wp\/v2\/posts"}],"about":[{"href":"https:\/\/www.europesays.com\/pl\/wp-json\/wp\/v2\/types\/post"}],"author":[{"embeddable":true,"href":"https:\/\/www.europesays.com\/pl\/wp-json\/wp\/v2\/users\/2"}],"replies":[{"embeddable":true,"href":"https:\/\/www.europesays.com\/pl\/wp-json\/wp\/v2\/comments?post=661540"}],"version-history":[{"count":0,"href":"https:\/\/www.europesays.com\/pl\/wp-json\/wp\/v2\/posts\/661540\/revisions"}],"wp:featuredmedia":[{"embeddable":true,"href":"https:\/\/www.europesays.com\/pl\/wp-json\/wp\/v2\/media\/661541"}],"wp:attachment":[{"href":"https:\/\/www.europesays.com\/pl\/wp-json\/wp\/v2\/media?parent=661540"}],"wp:term":[{"taxonomy":"category","embeddable":true,"href":"https:\/\/www.europesays.com\/pl\/wp-json\/wp\/v2\/categories?post=661540"},{"taxonomy":"post_tag","embeddable":true,"href":"https:\/\/www.europesays.com\/pl\/wp-json\/wp\/v2\/tags?post=661540"}],"curies":[{"name":"wp","href":"https:\/\/api.w.org\/{rel}","templated":true}]}}