{"id":661546,"date":"2026-09-02T04:25:20","date_gmt":"2026-09-02T04:25:20","guid":{"rendered":"https:\/\/www.europesays.com\/pl\/661546\/"},"modified":"2026-09-02T04:25:20","modified_gmt":"2026-09-02T04:25:20","slug":"falstart-giganta-tak-w-miniony-weekend-radzili-sobie-rywale-lecha-poznan-w-lidze-europy","status":"publish","type":"post","link":"https:\/\/www.europesays.com\/pl\/661546\/","title":{"rendered":"Falstart giganta! Tak w miniony weekend radzili sobie rywale Lecha Pozna\u0144 w Lidze Europy"},"content":{"rendered":"<p><img decoding=\"async\" data-not-lazy=\"\" alt=\"Falstart giganta! Tak w miniony weekend radzili sobie rywale Lecha Pozna\u0144 w Lidze Europy - Zdj\u0119cie g\u0142\u00f3wne\" style=\"object-fit:cover;object-position:center;position:absolute;left:0;top:0;width:100%;height:100%;\" src=\"https:\/\/www.europesays.com\/pl\/wp-content\/uploads\/2026\/09\/197d051a-559b-4b34-834e-4f1e3b1627b9.webp\"\/><\/p>\n<p>Autor: Przemys\u0142aw Szyszka | Opis: Sprawdzili\u015bmy, jak w miniony weekend poradzi\u0142y sobie zespo\u0142y, kt\u00f3rym przyjdzie zmierzy\u0107 si\u0119 z Lechem Pozna\u0144 w fazie ligowej Ligi Europy<\/p>\n<p>Crystal Palace rozbite przez wicemistrza Anglii<\/p>\n<p data-start=\"983\" data-end=\"1217\">28 sierpnia Crystal Palace podejmowa\u0142o na w\u0142asnym stadionie Manchester City. Dla gospodarzy by\u0142 to bardzo trudny wiecz\u00f3r. \u201eObywatele\u201d ca\u0142kowicie zdominowali swoich rywali i ostatecznie zwyci\u0119\u017cyli a\u017c 4:1.<\/p>\n<p data-start=\"1219\" data-end=\"1525\">Szczeg\u00f3lnie zab\u00f3jczy okaza\u0142 si\u0119 duet Erling Haaland &#8211; Rayan Cherki. Obaj zawodnicy dwukrotnie wpisali si\u0119 na list\u0119 strzelc\u00f3w, a ich indywidualna jako\u015b\u0107 by\u0142a dla Palace nie do zatrzymania. Londy\u0144czycy oddali zaledwie jeden celny strza\u0142, a przez du\u017c\u0105 cz\u0119\u015b\u0107 spotkania byli ca\u0142kowicie zepchni\u0119ci do defensywy.<\/p>\n<p data-start=\"1527\" data-end=\"1733\">To ju\u017c druga pora\u017cka Crystal Palace w tym sezonie &#8211; w 1. kolejce londy\u0144czycy przegrali bowiem na wyje\u017adzie 0:2 z Evertonem. Na chwil\u0119 obecn\u0105 nie mog\u0105 mie\u0107 wi\u0119c powod\u00f3w do wielkiego optymizmu. O pierwsze punkty w obecnych rozgrywkach powalcz\u0105 za tydzie\u0144 na Craven Cottage, w wyjazdowym starciu z Fulham.<\/p>\n<p>Sensacyjny falstart Bayeru Leverkusen<\/p>\n<p data-start=\"1779\" data-end=\"2045\">Dzie\u0144 p\u00f3\u017aniej, 29 sierpnia, na boisko wyszed\u0142 Bayer Leverkusen. Mistrz Niemiec z sezonu 2023\/24 rozpocz\u0105\u0142 sezon Bundesligi od spotkania z Elversbergiem &#8211; beniaminkiem, kt\u00f3ry dopiero w poprzednim sezonie wywalczy\u0142 historyczny, pierwszy w dziejach klubu awans do niemieckiej elity.<\/p>\n<p data-start=\"2047\" data-end=\"2353\">Faworyt tego spotkania m\u00f3g\u0142 by\u0107 tylko jeden, ale rzeczywisto\u015b\u0107 okaza\u0142a si\u0119 zupe\u0142nie inna. Elversberg do przerwy prowadzi\u0142 ju\u017c 2:0, a kr\u00f3tko po zmianie stron do\u0142o\u017cy\u0142 trzeciego gola. Leverkusen odpowiedzia\u0142o dopiero w 77. minucie za spraw\u0105 Patricka Schicka, natomiast w doliczonym czasie gry Christian Kofane zdoby\u0142 bramk\u0119 na 2:3. Na wi\u0119cej nie by\u0142o ju\u017c czasu. Bayer przegra\u0142 z beniaminkiem 2:3, zaliczaj\u0105c niezwykle bolesny i sensacyjny falstart nowego sezonu niemieckiej ekstraklasy.<\/p>\n<p>Premierowe zwyci\u0119stwo Sunderlandu<\/p>\n<p data-start=\"2625\" data-end=\"2840\">30 sierpnia sw\u00f3j mecz rozgrywa\u0142 natomiast Sunderland. Zesp\u00f3\u0142, kt\u00f3ry zako\u0144czy\u0142 poprzednie rozgrywki angielskiej Premier League na 7. miejscu, wyprzedzaj\u0105c mi\u0119dzy innymi londy\u0144sk\u0105 Chelsea, podejmowa\u0142 na w\u0142asnym stadionie Fulham i mia\u0142 okazj\u0119 odpowiedzie\u0107 na pora\u017ck\u0119 z 1. kolejki, kiedy to przegra\u0142 na wyje\u017adzie z beniaminkiem, Ipswich Town.<\/p>\n<p data-start=\"2842\" data-end=\"3073\">Tym razem \u201eCzarne Koty\u201d stan\u0119\u0142y na wysoko\u015bci zadania. O skromnym zwyci\u0119stwie przes\u0105dzi\u0142 Wilson Isidor, ustalaj\u0105c wynik meczu w 75. minucie. Sunderland zdoby\u0142 wi\u0119c pierwsze trzy punkty w tym sezonie Premier League, odkuwaj\u0105c si\u0119 po pora\u017cce sprzed tygodnia.<\/p>\n<p>Benfica z kompletem punkt\u00f3w, Kami\u0144ski nie podni\u00f3s\u0142 si\u0119 z \u0142awki<\/p>\n<p data-start=\"3121\" data-end=\"3318\">Najp\u00f3\u017aniej, bo dopiero w poniedzia\u0142kowy wiecz\u00f3r, na muraw\u0119 wybieg\u0142a portugalska Benfica. Lizbo\u0144czycy przed w\u0142asn\u0105 publiczno\u015bci\u0105 mierzyli si\u0119 z Estorilem i zgodnie z oczekiwaniami si\u0119gn\u0119li po komplet punkt\u00f3w, wygrywaj\u0105c 2:1\u00a0po trafieniach Vangelisa Pavlidisa i Clementa Lengleta.<\/p>\n<p data-start=\"3320\" data-end=\"3568\">Ca\u0142y mecz na \u0142awce rezerwowych przesiedzia\u0142 natomiast wychowanek Kolejorza, Jakub Kami\u0144ski. Skrzyd\u0142owy, za kt\u00f3rego Portugalczycy zap\u0142acili w lipcu 17 milion\u00f3w euro, notuje bardzo trudny pocz\u0105tek w nowym klubie, o czym szerzej pisali\u015bmy <a href=\"https:\/\/sportowy-poznan.pl\/pilka-nozna\/wychowanek-lecha-poznan-ma-problem-nie-tak-mial-wygladac-poczatek-w-nowym-klubie\/69ReuBHCgkSejm5zIlHO\" rel=\"nofollow noopener\" target=\"_blank\">TUTAJ.<\/a>\u00a0<\/p>\n<p>Derbowa wygrana Royale Union Saint-Gilloise\u00a0<\/p>\n<p data-start=\"3629\" data-end=\"3870\">W niedziel\u0119, 30 sierpnia, bardzo cenne zwyci\u0119stwo odnios\u0142o tak\u017ce belgijskie Royale Union Saint-Gilloise. Wicemistrz kraju podejmowa\u0142 w derbach Brukseli dru\u017cyn\u0119 Anderlechtu i nie pozostawi\u0142 rywalom wi\u0119kszych z\u0142udze\u0144, wygrywaj\u0105c a\u017c 3:0.<\/p>\n<p data-start=\"3872\" data-end=\"4242\">Na list\u0119 strzelc\u00f3w wpisali si\u0119 Besfort Zeneli, Mateo Biondi\u0107 oraz Raul Florucz, a Union potwierdzi\u0142, \u017ce notuje naprawd\u0119 udany pocz\u0105tek sezonu Jupiler Pro League. W 1. kolejce Belgowie rozbili na wyje\u017adzie Westerlo a\u017c 5:1, nast\u0119pnie bezbramkowo zremisowali z Zulte Waregem, a teraz efektownie rozprawili si\u0119 z Anderlechtem.<\/p>\n<p>\u015awietna forma Ferencvarosu<\/p>\n<p data-start=\"4345\" data-end=\"4543\">Tak\u017ce 30 sierpnia sw\u00f3j ligowy mecz rozgrywa\u0142 Ferencvaros. Zesp\u00f3\u0142 z Budapesztu, kt\u00f3ry w III rundzie eliminacji Ligi Europy wyeliminowa\u0142 G\u00f3rnika Zabrze, tym razem mierzy\u0142 si\u0119 na wyje\u017adzie z Puskas Academy. Ferencvaros wygra\u0142 2:1, a gole dla go\u015bci zdobyli Zachariassen oraz Krisztian Lisztes. W ko\u0144c\u00f3wce spotkania go\u015bcie mogli jeszcze podwy\u017cszy\u0107 prowadzenie, ale nie wykorzystali rzutu karnego.<\/p>\n<p data-start=\"4740\" data-end=\"5093\">To dla Ferencvarosu drugie ligowe zwyci\u0119stwo w obecnym sezonie, a zarazem druga wygrana z rz\u0119du. W\u0119grzy s\u0105 zreszt\u0105 w bardzo dobrej dyspozycji. Je\u015bli we\u017amiemy pod uwag\u0119 r\u00f3wnie\u017c eliminacje europejskich puchar\u00f3w, wygrali cztery ostatnie spotkania, a szczeg\u00f3lnie imponuj\u0105co wygl\u0105da wynik ich dwumeczu z Trabzonsporem &#8211; pokonali oni bowiem Turk\u00f3w a\u017c 5:0.<\/p>\n<p>Torreense z bardzo s\u0142abym pocz\u0105tkiem sezonu<\/p>\n<p data-start=\"5145\" data-end=\"5384\">W zdecydowanie gorszych nastrojach weekend ko\u0144czy\u0142 sensacyjny zdobywca Pucharu Portugalii, SCU Torreense. Portugalczycy, kt\u00f3rzy wyst\u0119puj\u0105 na zapleczu tamtejszej ekstraklasy, a do ko\u0144ca poprzedniego sezonu bili si\u0119 o awans do elity, ostatecznie przegrywaj\u0105c w bara\u017cach z Casa Pi\u0105, notuj\u0105 wyj\u0105tkowo s\u0142aby pocz\u0105tek sezonu.<\/p>\n<p data-start=\"5386\" data-end=\"5587\">29 sierpnia Torreense podejmowa\u0142o Vizel\u0119 i ponios\u0142o bolesn\u0105 pora\u017ck\u0119 0:3. By\u0142 to ju\u017c czwarty ligowy mecz bez zwyci\u0119stwa w obecnych rozgrywkach &#8211; wcze\u015bniej zesp\u00f3\u0142 zanotowa\u0142 dwa remisy i pora\u017ck\u0119. Na razie trudno wi\u0119c m\u00f3wi\u0107 o powt\u00f3rzeniu wynik\u00f3w z poprzednich rozgrywek. Pocz\u0105tek nowych rozgrywek pokazuje natomiast, \u017ce przed zespo\u0142em jeszcze sporo pracy. Lech zmierzy si\u0119 z Torreense dopiero w styczniu, dlatego do tego czasu sytuacja klubu z Torres Vedras mo\u017ce si\u0119 oczywi\u015bcie ca\u0142kowicie zmieni\u0107.<\/p>\n<p>OFI Kreta gorsze od Arisu Saloniki<\/p>\n<p data-start=\"5923\" data-end=\"6110\">Ostatnim rywalem Lecha w fazie ligowej Ligi Europy b\u0119dzie OFI Kreta. 30 sierpnia grecki zesp\u00f3\u0142 uda\u0142 si\u0119 do Salonik na spotkanie z Arisem i wr\u00f3ci\u0142 do domu bez punkt\u00f3w. Gospodarze zwyci\u0119\u017cyli 2:1, a OFI zdo\u0142a\u0142o zdoby\u0107 kontaktow\u0105 bramk\u0119 dopiero w doliczonym czasie gry. W 95. minucie do siatki trafi\u0142 Bo\u015bniak Kenan Kodro, ale na doprowadzenie do remisu nie wystarczy\u0142o ju\u017c czasu.<\/p>\n<p data-start=\"6334\" data-end=\"6566\" data-is-last-node=\"\" data-is-only-node=\"\">OFI rozpocz\u0119\u0142o sezon od zwyci\u0119stwa 2:0 przed w\u0142asn\u0105 publiczno\u015bci\u0105, wi\u0119c po dw\u00f3ch kolejkach ma na koncie trzy punkty. To umiarkowanie udany pocz\u0105tek, cho\u0107 pora\u017cka z Arisem pokaza\u0142a, \u017ce zesp\u00f3\u0142 z Krety ma jeszcze nad czym pracowa\u0107.<\/p>\n<p><img decoding=\"async\" data-not-lazy=\"\" alt=\"Antoni Malinowski - zdj\u0119cie autora\" class=\"rounded-circle article__author--image\" src=\"https:\/\/www.europesays.com\/pl\/wp-content\/uploads\/2026\/09\/147929fc-8803-455a-a0a9-741eb5db8fd5.jpeg\"\/><a href=\"https:\/\/sportowy-poznan.pl\/autor\/LIaaC0JBjBfaLZ1tYpAu\" rel=\"nofollow noopener\" target=\"_blank\"><\/p>\n<p>Wielki fan futbolu, wok\u00f3\u0142 kt\u00f3rego kr\u0119ci si\u0119 ca\u0142e jego \u017cycie. Wybierze mecz Ekstraklasy nawet kosztem El Clasico. Na \u0142amach portalu Sportowy-Poznan.pl od pa\u017adziernika 2024 roku pisze g\u0142\u00f3wnie o Warcie i Lechu.<\/p>\n","protected":false},"excerpt":{"rendered":"Autor: Przemys\u0142aw Szyszka | Opis: Sprawdzili\u015bmy, jak w miniony weekend poradzi\u0142y sobie zespo\u0142y, kt\u00f3rym przyjdzie zmierzy\u0107 si\u0119 z&hellip;\n","protected":false},"author":2,"featured_media":661547,"comment_status":"","ping_status":"","sticky":false,"template":"","format":"standard","meta":{"footnotes":"","_share_on_mastodon":"0"},"categories":[51609],"tags":[215,5240,42,38,40,39,41,1817],"class_list":["post-661546","post","type-post","status-publish","format-standard","has-post-thumbnail","category-poznan","tag-lech-poznan","tag-liga-europy","tag-pl","tag-poland","tag-polish","tag-polska","tag-polski","tag-poznan"],"share_on_mastodon":{"url":"https:\/\/pubeurope.com\/@pl\/117199550972613029","error":""},"_links":{"self":[{"href":"https:\/\/www.europesays.com\/pl\/wp-json\/wp\/v2\/posts\/661546","targetHints":{"allow":["GET"]}}],"collection":[{"href":"https:\/\/www.europesays.com\/pl\/wp-json\/wp\/v2\/posts"}],"about":[{"href":"https:\/\/www.europesays.com\/pl\/wp-json\/wp\/v2\/types\/post"}],"author":[{"embeddable":true,"href":"https:\/\/www.europesays.com\/pl\/wp-json\/wp\/v2\/users\/2"}],"replies":[{"embeddable":true,"href":"https:\/\/www.europesays.com\/pl\/wp-json\/wp\/v2\/comments?post=661546"}],"version-history":[{"count":0,"href":"https:\/\/www.europesays.com\/pl\/wp-json\/wp\/v2\/posts\/661546\/revisions"}],"wp:featuredmedia":[{"embeddable":true,"href":"https:\/\/www.europesays.com\/pl\/wp-json\/wp\/v2\/media\/661547"}],"wp:attachment":[{"href":"https:\/\/www.europesays.com\/pl\/wp-json\/wp\/v2\/media?parent=661546"}],"wp:term":[{"taxonomy":"category","embeddable":true,"href":"https:\/\/www.europesays.com\/pl\/wp-json\/wp\/v2\/categories?post=661546"},{"taxonomy":"post_tag","embeddable":true,"href":"https:\/\/www.europesays.com\/pl\/wp-json\/wp\/v2\/tags?post=661546"}],"curies":[{"name":"wp","href":"https:\/\/api.w.org\/{rel}","templated":true}]}}