{"id":661570,"date":"2026-09-02T04:38:19","date_gmt":"2026-09-02T04:38:19","guid":{"rendered":"https:\/\/www.europesays.com\/pl\/661570\/"},"modified":"2026-09-02T04:38:19","modified_gmt":"2026-09-02T04:38:19","slug":"spotkanie-ministrow-g20-bez-wspolnego-komunikatu-usa-obwiniaja-chiny","status":"publish","type":"post","link":"https:\/\/www.europesays.com\/pl\/661570\/","title":{"rendered":"Spotkanie ministr\u00f3w G20 bez wsp\u00f3lnego komunikatu. USA obwiniaj\u0105 Chiny"},"content":{"rendered":"<p>Dwudniowe spotkanie ministr\u00f3w finans\u00f3w i bank\u00f3w centralnych G20 zako\u0144czy\u0142o si\u0119 bez tradycyjnego wsp\u00f3lnego o\u015bwiadczenia uczestnik\u00f3w. Powodem by\u0142 sprzeciw Chin dotycz\u0105cy proponowanych sformu\u0142owa\u0144 dotycz\u0105cych krytyki &#8222;nierynkowych praktyk&#8221;. Waszyngton i inne pa\u0144stwa Zachodu od dawna oskar\u017caj\u0105 Pekin m.in. o subsydiowanie nadwy\u017cki produkcyjnej i utrzymywanie sztucznego kursu swojej waluty, by zdominowa\u0107 \u015bwiatowy eksport. &#8222;Globalne nier\u00f3wnowagi&#8221; by\u0142y jednym z g\u0142\u00f3wnych temat\u00f3w spotkania w Asheville. Wed\u0142ug ameryka\u0144skich urz\u0119dnik\u00f3w Chiny by\u0142y jedynym krajem, kt\u00f3ry sprzeciwia\u0142 si\u0119 wsp\u00f3lnemu o\u015bwiadczeniu.<\/p>\n<p>Zamiast wsp\u00f3lnego o\u015bwiadczenia, swoje o\u015bwiadczenie wyda\u0142a ameryka\u0144ska prezydencja G20. W o\u015bwiadczeniu napisano, \u017ce &#8222;kraje powinny podj\u0105\u0107 kroki w celu wyeliminowania polityk i praktyk pozarynkowych, kt\u00f3re pog\u0142\u0119biaj\u0105 nier\u00f3wnowagi&#8221;, wymieniaj\u0105c w szczeg\u00f3lno\u015bci kraje z &#8222;nadmiernymi i utrzymuj\u0105cymi si\u0119 nadwy\u017ckami w obrotach zewn\u0119trznych&#8221; i nadmiernie uzale\u017cnionych od eksportu, co jest jasnym odwo\u0142aniem do polityki Pekinu.<\/p>\n<p><a href=\"https:\/\/www.onet.pl\/\" title=\"Strona G\u0142\u00f3wna\" aria-label=\"Strona G\u0142\u00f3wna\" data-astro-prefetch=\"tap\" class=\"ods-a-logo-main-desktop\" rel=\"nofollow noopener\" target=\"_blank\"><img src=\"https:\/\/cdn.wiadomosci.onet.pl\/img\/Logo_desktop_Onet.svg\" class=\"ods-a-logo-main-desktop__image\" alt=\"Logo\" width=\"107\" height=\"60\" fetchpriority=\"high\" decoding=\"sync\" style=\"height:60px\"\/><\/a><\/p>\n<p class=\"ods-m-google-article__text\">Czytaj nas cz\u0119\u015bciej w Google<\/p>\n<p><a href=\"https:\/\/google.com\/preferences\/source?q=onet.pl\" target=\"_blank\" rel=\"noopener noreferrer nofollow\" aria-label=\"Dodaj w Google\" title=\"Dodaj w Google\" class=\"ods-a-button ods-a-button__primary ods-a-button__default ods-a-button-l\">Dodaj w Google<\/a><\/p>\n<p>W o\u015bwiadczeniu podkre\u015blono r\u00f3wnie\u017c zaniepokojenie &#8222;ci\u0105g\u0142ymi zak\u0142\u00f3ceniami w handlu energi\u0105&#8221; i podkre\u015blono, \u017ce &#8222;swobodna, bezpieczna i przewidywalna \u017cegluga przez Cie\u015bnin\u0119 Ormuz i na ca\u0142ym \u015bwiecie, a tak\u017ce rozwi\u0105zywanie trwaj\u0105cych wojen i konflikt\u00f3w s\u0105 niezb\u0119dne do utrzymania trwa\u0142ego wzrostu&#8221;. Nie znalaz\u0142y si\u0119 tam \u017cadne wzmianki do wojny w Ukrainie.<\/p>\n<p class=\"ods-o-frame-in-text__paragraph\">POLECAMY: <a href=\"https:\/\/wiadomosci.onet.pl\/politico\/za-zamknietymi-drzwiami-dyplomaci-szepcza-o-usa-gleboko-niepokojace-rzeczy\/v0mx70x\" id=\"a405b375-665b-4c10-abd2-9befd3c146f1\" rel=\"nofollow noopener\" target=\"_blank\">&#8222;Oczywiste pytanie, kt\u00f3rego nikt nie chce g\u0142o\u015bno zada\u0107&#8221;. Jak Ameryka sama os\u0142abi\u0142a swoj\u0105 pot\u0119g\u0119<\/a><\/p>\n<p><img class=\"ods-a-photo ods-a-photo--background\" src=\"https:\/\/www.europesays.com\/pl\/wp-content\/uploads\/2026\/09\/l9Xk9lBaHR0cHM6Ly9vY2RuLmV1L3B1bHNjbXMvTURBXy81MDc1MGIxM2MwNTMwNzQzNWVjNjJmYWYyM2U3MjI5OS5qcGeRlQLNA.jpeg\" height=\"300\" width=\"450\" alt=\"Donald Trump\" loading=\"lazy\" fetchpriority=\"low\" decoding=\"async\"\/><\/p>\n<p>Cho\u0107 minister finans\u00f3w USA Scott Bessent podczas ko\u0144cowej konferencji prasowej wstrzyma\u0142 si\u0119 od stawiania bezpo\u015brednich zarzut\u00f3w Chinom, podkre\u015bli\u0142, \u017ce tylko jeden kraj sta\u0142 na przeszkodzie konsensusu, za\u015b reszta cz\u0142onk\u00f3w G20 zgadza si\u0119 z wydanym o\u015bwiadczeniem.<\/p>\n<p>Podczas konferencji Bessent odni\u00f3s\u0142 si\u0119 te\u017c do wojny z Iranem i pr\u00f3b gospodarczego odizolowania go, w tym odci\u0119cia od wsparcia Iranu i Rosji. Jak stwierdzi\u0142, mia\u0142 &#8222;ciche rozmowy&#8221; z przedstawicielami obydwu pa\u0144stw. Odrzuci\u0142 te\u017c sugestie, \u017ce Chiny chroni\u0105 Iran przed zapa\u015bci\u0105.<\/p>\n<p>\u2014 Z Chinami w kwestii Iranu mamy wi\u0119cej wsp\u00f3lnego ni\u017c r\u00f3\u017cnic. Chiny zgadzaj\u0105 si\u0119, \u017ce Iran nie mo\u017ce posiada\u0107 broni j\u0105drowej. Chiny zgadzaj\u0105 si\u0119, \u017ce musi istnie\u0107 wolny handel morski w cie\u015bninie Ormuz, a Chiny pozyskuj\u0105 50 proc. swojej energii z Zatoki Perskiej \u2014 zaznaczy\u0142 minister. \u2014 Uwa\u017cam wi\u0119c, \u017ce to Chiny, a raczej osoby zobowi\u0105zane do dzia\u0142ania w Chinach, musz\u0105 d\u0105\u017cy\u0107 do rozwi\u0105zania. Zobaczymy, jak to zrobi\u0105 \u2014 doda\u0142.<\/p>\n<p>Polska po raz pierwszy jako pe\u0142noprawny cz\u0142onek G20<\/p>\n<p>Spotkanie ministr\u00f3w w Asheville \u2014 g\u00f3rskim kurorcie zniszczonym przez powodzie i huragan Helen w 2024 r. \u2014 by\u0142o pierwszym, w kt\u00f3rym Polska uczestniczy\u0142a jako pe\u0142noprawny cz\u0142onek. Polsk\u0119 reprezentowali minister finans\u00f3w Andrzej Doma\u0144ski i prezes NBP Adam Glapi\u0144ski. Doma\u0144ski przewodniczy\u0142 jednej z dyskusji na temat wzrostu gospodarczego, przedstawiaj\u0105c Polsk\u0119 jako przyk\u0142ad udanej transformacji i szybkiego wzrostu.<\/p>\n","protected":false},"excerpt":{"rendered":"Dwudniowe spotkanie ministr\u00f3w finans\u00f3w i bank\u00f3w centralnych G20 zako\u0144czy\u0142o si\u0119 bez tradycyjnego wsp\u00f3lnego o\u015bwiadczenia uczestnik\u00f3w. Powodem by\u0142 sprzeciw&hellip;\n","protected":false},"author":2,"featured_media":661571,"comment_status":"","ping_status":"","sticky":false,"template":"","format":"standard","meta":{"footnotes":"","_share_on_mastodon":"0"},"categories":[14],"tags":[5483,61195,32,33,85,1128,27,34,35,7495,28,31,48,25,46,55,40,41,47,80,29,30,71,26,82,83,84],"class_list":["post-661570","post","type-post","status-publish","format-standard","has-post-thumbnail","category-swiat","tag-andrzej_domanski","tag-bottomfeed_styl","tag-breaking-news","tag-breakingnews","tag-chiny","tag-g20","tag-headlines","tag-latest-news","tag-latestnews","tag-ministerstwo_finansow","tag-naglowki","tag-najwazniejsze-artykuly","tag-nat_styl","tag-news","tag-omp","tag-phx","tag-polish","tag-polski","tag-screening_general","tag-swiat","tag-top-stories","tag-topstories","tag-usa","tag-wiadomosci","tag-world","tag-world-news","tag-worldnews"],"share_on_mastodon":{"url":"https:\/\/pubeurope.com\/@pl\/117199603222416643","error":""},"_links":{"self":[{"href":"https:\/\/www.europesays.com\/pl\/wp-json\/wp\/v2\/posts\/661570","targetHints":{"allow":["GET"]}}],"collection":[{"href":"https:\/\/www.europesays.com\/pl\/wp-json\/wp\/v2\/posts"}],"about":[{"href":"https:\/\/www.europesays.com\/pl\/wp-json\/wp\/v2\/types\/post"}],"author":[{"embeddable":true,"href":"https:\/\/www.europesays.com\/pl\/wp-json\/wp\/v2\/users\/2"}],"replies":[{"embeddable":true,"href":"https:\/\/www.europesays.com\/pl\/wp-json\/wp\/v2\/comments?post=661570"}],"version-history":[{"count":0,"href":"https:\/\/www.europesays.com\/pl\/wp-json\/wp\/v2\/posts\/661570\/revisions"}],"wp:featuredmedia":[{"embeddable":true,"href":"https:\/\/www.europesays.com\/pl\/wp-json\/wp\/v2\/media\/661571"}],"wp:attachment":[{"href":"https:\/\/www.europesays.com\/pl\/wp-json\/wp\/v2\/media?parent=661570"}],"wp:term":[{"taxonomy":"category","embeddable":true,"href":"https:\/\/www.europesays.com\/pl\/wp-json\/wp\/v2\/categories?post=661570"},{"taxonomy":"post_tag","embeddable":true,"href":"https:\/\/www.europesays.com\/pl\/wp-json\/wp\/v2\/tags?post=661570"}],"curies":[{"name":"wp","href":"https:\/\/api.w.org\/{rel}","templated":true}]}}