{"id":661574,"date":"2026-09-02T04:40:22","date_gmt":"2026-09-02T04:40:22","guid":{"rendered":"https:\/\/www.europesays.com\/pl\/661574\/"},"modified":"2026-09-02T04:40:22","modified_gmt":"2026-09-02T04:40:22","slug":"usa-atakuje-iran-nowa-seria-atakow-donald-trump-grozi-niewiele-pozostanie","status":"publish","type":"post","link":"https:\/\/www.europesays.com\/pl\/661574\/","title":{"rendered":"USA atakuje Iran, nowa seria atak\u00f3w. Donald Trump grozi. &#8222;Niewiele pozostanie&#8221;"},"content":{"rendered":"<p>Jak og\u0142osi\u0142 Donald Trump, we wtorek Stany Zjednoczone rozpocz\u0119\u0142y now\u0105 seri\u0119 atak\u00f3w na Iran. To kolejny ameryka\u0144ski nalot po ponad miesi\u0119cznej przerwie we wzajemnych ostrza\u0142ach USA i Iranu.<\/p>\n<p>\u00a0<\/p>\n<p>&#8222;Je\u015bli upad\u0142y nar\u00f3d ira\u0144ski odpowie na ten w pe\u0142ni uzasadniony atak, zostanie ponownie uderzony, o wiele mocniej i z wi\u0119kszym impetem. Nie b\u0119dzie to jednak najwi\u0119kszy atak ze wszystkich, najwi\u0119kszy dopiero czeka w gotowo\u015bci, a kiedy ju\u017c nast\u0105pi, z Islamskiej Republiki Iranu niewiele pozostanie&#8221; &#8211; napisa\u0142 Trump w swoim serwisie Truth Social.<\/p>\n<p>USA rozpocz\u0119\u0142y nowe ataki. Iran grozi &#8222;niszczycielskim ciosem&#8221;<\/p>\n<p>Dow\u00f3dztwo Centralne ameryka\u0144skich si\u0142 zbrojnych (CENTCOM) poinformowa\u0142o wcze\u015bniej o nowej fali atak\u00f3w na cele wojskowe Iranu. Media w tym pa\u0144stwie poinformowa\u0142y w eksplozjach w rejonie cie\u015bniny Ormuz: w portach Bandar Abbas i Sirik oraz na wyspie Keszm.<\/p>\n<p>\u00a0<\/p>\n<p>Ataki s\u0105 wymierzone w cele ira\u0144skiej Gwardii Rewolucyjnej (IRGC) i stanowi\u0105 odpowied\u017a na ostatnie uderzenia tej formacji wymierzone w \u017ceglug\u0119 przez Ormuz i ameryka\u0144skich \u017co\u0142nierzy w regionie &#8211; napisano w komunikacie CENTCOM na platformie X.<\/p>\n<p>\u00a0<\/p>\n<p>ZOBACZ: <a href=\"https:\/\/www.polsatnews.pl\/wiadomosc\/2026-09-01\/putin-spotkal-sie-z-prezydentem-iranu-usa-nie-maja-prawa\/\" rel=\"nofollow noopener\" target=\"_blank\">Putin spotka\u0142 si\u0119 z prezydentem Iranu. &#8222;USA nie maj\u0105 prawa&#8221;<\/a><\/p>\n<p>\u00a0<\/p>\n<p>Rzecznik IRGC skomentowa\u0142, \u017ce USA &#8222;po\u017ca\u0142uj\u0105 swoich nowych uderze\u0144&#8221; &#8211; przekaza\u0142a zwi\u0105zana z t\u0105 formacj\u0105 ira\u0144ska agencja Fars. Ira\u0144skie wojsko poinformowa\u0142o p\u00f3\u017aniej w mediach, \u017ce rozpocz\u0119\u0142o operacj\u0119 odwetow\u0105, wysy\u0142aj\u0105c rakiety oraz drony i podkre\u015blaj\u0105c, \u017ce b\u0119dzie to &#8222;mia\u017cd\u017c\u0105cy i niszczycielski cios&#8221; dla USA.<\/p>\n<p>\u00a0<\/p>\n<p>Pa\u0144stwowa ira\u0144ska telewizja przekaza\u0142a, \u017ce podczas ameryka\u0144skiego nalotu zaatakowano dom w miasteczku Kuhestak w prowincji Hormozgan na po\u0142udniu Iranu, w kt\u00f3rym odbywa\u0142o si\u0119 wesele. Wed\u0142ug przekazu zgin\u0119\u0142y co najmniej cztery osoby, a 35 jest ci\u0119\u017cko rannych.<\/p>\n<p>\u00a0<\/p>\n<p>Kuhestak to portowa miejscowo\u015b\u0107 nad cie\u015bnin\u0105 Ormuz, wok\u00f3\u0142 kt\u00f3rej skupia si\u0119 obecna faza trwaj\u0105cej od p\u00f3\u0142 roku wojny USA z Iranem.<\/p>\n<p>Wojna USA i Izraela z Iranem. W tle blokada cie\u015bniny Ormuz<\/p>\n<p>W nocy z niedzieli na poniedzia\u0142ek dosz\u0142o do pierwszych od ko\u0144ca lipca wzajemnych ostrza\u0142\u00f3w mi\u0119dzy USA a Iranem. Wojska ameryka\u0144skie uderzy\u0142y w wyrzutnie rakietowe na wyspie Larak le\u017c\u0105cej w cie\u015bninie Ormuz, oskar\u017caj\u0105c Iran, \u017ce przygotowuje si\u0119 do stawiania min w tym akwenie. Si\u0142y ira\u0144skie odpowiedzia\u0142y odpaleniem rakiet balistycznych na ameryka\u0144skie bazy w Jordanii.<\/p>\n<p>\u00a0<\/p>\n<p>W poniedzia\u0142ek p\u00f3\u017anym wieczorem firmy monitoruj\u0105ce bezpiecze\u0144stwo \u017ceglugi poinformowa\u0142y o ataku na dwa saudyjskie tankowce przep\u0142ywaj\u0105ce przez Ormuz.<\/p>\n<p>\u00a0<\/p>\n<p>ZOBACZ: <a href=\"https:\/\/www.polsatnews.pl\/wiadomosc\/2026-08-31\/usa-zaatakowaly-wyrzutnie-rakiet-w-ciesninie-ormuz-teheran-odpowiedzial-smiertelnym-atakiem\/\" rel=\"nofollow noopener\" target=\"_blank\">USA zaatakowa\u0142y wyrzutnie rakiet w Cie\u015bninie Ormuz. Teheran odpowiedzia\u0142 &#8222;\u015bmiertelnym atakiem&#8221;<\/a><\/p>\n<p>\u00a0<\/p>\n<p>Wojna USA i Izraela z Iranem rozpocz\u0119\u0142a si\u0119 p\u00f3\u0142 roku temu. Najbardziej intensywna faza walk zako\u0144czy\u0142a si\u0119 w kwietniu, ale p\u00f3\u017aniej obie strony kontynuowa\u0142y sporadyczne ostrza\u0142y. Starcie pozostaje nierozstrzygni\u0119te, a Waszyngton i Teheran nie prowadz\u0105 obecnie negocjacji dotycz\u0105cych rozejmu. Ci\u0119\u017car dzia\u0142a\u0144 przeni\u00f3s\u0142 si\u0119 na blokady morskie i presj\u0119 gospodarcz\u0105.<\/p>\n<p>\u00a0<\/p>\n<p>Konflikt w du\u017cej mierze koncentruje si\u0119 obecnie wok\u00f3\u0142 cie\u015bniny Ormuz. Przed wybuchem konfliktu transportowano przez ni\u0105 ok. 20 proc. zu\u017cywanej na \u015bwiecie ropy naftowej i skroplonego gazu ziemnego, obecnie szlak jest w du\u017cej mierze zablokowany.<\/p>\n<p>\u00a0<\/p>\n<p>Obie strony deklaruj\u0105, \u017ce kontroluj\u0105 cie\u015bnin\u0119. Iran og\u0142osi\u0142, \u017ce Ormuz pozostaje zamkni\u0119ty i wielokrotnie atakowa\u0142 statki, kt\u00f3re nie podporz\u0105dkowa\u0142y si\u0119 jego \u017c\u0105daniom. USA zapewniaj\u0105, \u017ce szlak jest otwarty, a ameryka\u0144skie wojska b\u0119d\u0105 chroni\u0142y wolno\u015b\u0107 \u017ceglugi przed ira\u0144skim zagro\u017ceniem.\u00a0<\/p>\n<p>                <img decoding=\"async\" src=\"https:\/\/www.europesays.com\/pl\/wp-content\/uploads\/2026\/09\/1788324022_61_32s3t8o4g3ii8tj34xeapgxh5agk2i2i.jpeg\" alt=\"\" itemprop=\"contentUrl\" style=\"position:absolute; width: 100%; max-height: 100%;\"\/><video controls=\"\" controlslist=\"nodownload\" poster=\"https:\/\/www.europesays.com\/pl\/wp-content\/uploads\/2026\/09\/1788324022_61_32s3t8o4g3ii8tj34xeapgxh5agk2i2i.jpeg\" class=\"videoPlayer player6868668 news__video\" data-id=\"6868668\">Twoja przegl\u0105darka nie wspiera odtwarzacza wideo&#8230;<\/video><\/p>\n<p>                <a class=\"news__read-more-button\" href=\"https:\/\/www.polsatnews.pl\/\" rel=\"nofollow noopener\" target=\"_blank\">Czytaj wi\u0119cej<\/a><\/p>\n","protected":false},"excerpt":{"rendered":"Jak og\u0142osi\u0142 Donald Trump, we wtorek Stany Zjednoczone rozpocz\u0119\u0142y now\u0105 seri\u0119 atak\u00f3w na Iran. To kolejny ameryka\u0144ski nalot&hellip;\n","protected":false},"author":2,"featured_media":661575,"comment_status":"","ping_status":"","sticky":false,"template":"","format":"standard","meta":{"footnotes":"","_share_on_mastodon":"0"},"categories":[5],"tags":[32,33,36,37,27,34,35,28,31,25,42,38,40,39,41,29,30,26],"class_list":["post-661574","post","type-post","status-publish","format-standard","has-post-thumbnail","category-naglowki","tag-breaking-news","tag-breakingnews","tag-featured-news","tag-featurednews","tag-headlines","tag-latest-news","tag-latestnews","tag-naglowki","tag-najwazniejsze-artykuly","tag-news","tag-pl","tag-poland","tag-polish","tag-polska","tag-polski","tag-top-stories","tag-topstories","tag-wiadomosci"],"share_on_mastodon":{"url":"https:\/\/pubeurope.com\/@pl\/117199609858079032","error":""},"_links":{"self":[{"href":"https:\/\/www.europesays.com\/pl\/wp-json\/wp\/v2\/posts\/661574","targetHints":{"allow":["GET"]}}],"collection":[{"href":"https:\/\/www.europesays.com\/pl\/wp-json\/wp\/v2\/posts"}],"about":[{"href":"https:\/\/www.europesays.com\/pl\/wp-json\/wp\/v2\/types\/post"}],"author":[{"embeddable":true,"href":"https:\/\/www.europesays.com\/pl\/wp-json\/wp\/v2\/users\/2"}],"replies":[{"embeddable":true,"href":"https:\/\/www.europesays.com\/pl\/wp-json\/wp\/v2\/comments?post=661574"}],"version-history":[{"count":0,"href":"https:\/\/www.europesays.com\/pl\/wp-json\/wp\/v2\/posts\/661574\/revisions"}],"wp:featuredmedia":[{"embeddable":true,"href":"https:\/\/www.europesays.com\/pl\/wp-json\/wp\/v2\/media\/661575"}],"wp:attachment":[{"href":"https:\/\/www.europesays.com\/pl\/wp-json\/wp\/v2\/media?parent=661574"}],"wp:term":[{"taxonomy":"category","embeddable":true,"href":"https:\/\/www.europesays.com\/pl\/wp-json\/wp\/v2\/categories?post=661574"},{"taxonomy":"post_tag","embeddable":true,"href":"https:\/\/www.europesays.com\/pl\/wp-json\/wp\/v2\/tags?post=661574"}],"curies":[{"name":"wp","href":"https:\/\/api.w.org\/{rel}","templated":true}]}}