{"id":661576,"date":"2026-09-02T04:41:13","date_gmt":"2026-09-02T04:41:13","guid":{"rendered":"https:\/\/www.europesays.com\/pl\/661576\/"},"modified":"2026-09-02T04:41:13","modified_gmt":"2026-09-02T04:41:13","slug":"trybunal-konstytucyjny-sedzia-markiewicz-odniosl-sie-do-slow-premiera-tuska-wprost","status":"publish","type":"post","link":"https:\/\/www.europesays.com\/pl\/661576\/","title":{"rendered":"Trybuna\u0142 Konstytucyjny. S\u0119dzia Markiewicz odni\u00f3s\u0142 si\u0119 do s\u0142\u00f3w premiera Tuska \u2013 Wprost"},"content":{"rendered":"\n<p>&#13;<br \/>\nPremier Donald Tusk podczas Campusu Polska Przysz\u0142o\u015bci omawia\u0142 kwesti\u0119 Trybuna\u0142u Konstytucyjnego. \u2013\u00a0Nie\u00a0b\u0119d\u0119 pi\u0119knoduchem w\u00a0tej sprawie. We\u00a0wrze\u015bniu musz\u0119 mie\u0107 pewno\u015b\u0107, \u017ce\u00a0nasi s\u0119dziowie wejd\u0105 do\u00a0tego gmachu, \u017ce\u00a0to\u00a0b\u0119dzie wszystko zgodne z\u00a0prawem \u2013\u00a0stwierdzi\u0142. &#13;\n<\/p>\n<p>Tusk m\u00f3wi\u0142 o\u00a0\u201enaszych s\u0119dziach\u201d. Krystian Markiewicz komentuje<\/p>\n<p>&#13;<br \/>\nUwag\u0119 \u015brodowiska s\u0119dziowskiego przyku\u0142o okre\u015blenie <a href=\"https:\/\/www.wprost.pl\/kraj\/12427020\/tusk-zapowiada-ruch-w-sprawie-tk-ostra-reakcja-palacu-prezydenckiego.html\" rel=\"nofollow noopener\" target=\"_blank\">\u201enasi s\u0119dziowie\u201d<\/a>, zastosowane przez premiera w\u00a0tej wypowiedzi. W\u00a0programie \u201eRozmowa Piaseckiego\u201d w\u00a0TVN24 mo\u017cliwo\u015b\u0107 skomentowania tych s\u0142\u00f3w dosta\u0142 s\u0119dzia TK Krystian Markiewicz. To\u00a0jeden z\u00a0czterech s\u0119dzi\u00f3w Trybuna\u0142u kt\u00f3rzy nadal nie\u00a0zostali dopuszczeni do\u00a0orzekania. &#13;\n<\/p>\n<p>&#13;<br \/>\n\u2013 Nadmierne uproszczenia nigdy nie\u00a0s\u0105 dobre, zw\u0142aszcza w\u00a0sytuacji takiego napi\u0119cia, kiedy stara si\u0119 przedstawi\u0107 wyb\u00f3r s\u0119dzi\u00f3w Trybuna\u0142u Konstytucyjnego w\u00a0kontek\u015bcie politycznym \u2013\u00a0m\u00f3wi\u0142 dyplomatycznie Markiewicz. &#13;\n<\/p>\n<p>&#13;<br \/>\nDopytywany przez prowadz\u0105cego, czy\u00a0ocenia s\u0142owa szefa rz\u0105du jako przej\u0119zyczenie, czy\u00a0skr\u00f3t my\u015blowy, u\u017cy\u0142 jeszcze innego okre\u015blenia. \u2013\u00a0Za\u00a0pewn\u0105 interpretacj\u0119 sytuacji polityczno-s\u0119dziowsko-trybunalskiej, kt\u00f3ra w\u00a0g\u0142owie premiera jest i\u00a0b\u0119dzie \u2013\u00a0przyzna\u0142. &#13;\n<\/p>\n<p>Markiewicz o\u00a0s\u0142owach Tuska: Niezr\u0119czno\u015b\u0107, wymagaj\u0105ca reakcji<\/p>\n<p>&#13;<br \/>\n\u2013 Za\u00a0tak\u0105 niezr\u0119czno\u015b\u0107, kt\u00f3ra jednak wymaga\u0142a reakcji. St\u0105d nasze o\u015bwiadczenie s\u0119dzi\u00f3w Trybuna\u0142u Konstytucyjnego, \u017ceby mie\u0107 na\u00a0uwadze te\u017c tego typu wypowiedzi, kt\u00f3re padaj\u0105 z\u00a0r\u00f3\u017cnych stron, bo\u00a0to przecie\u017c nie\u00a0tylko chodzi o\u00a0wypowied\u017a pana premiera \u2013\u00a0zauwa\u017ca\u0142 Markiewicz. &#13;\n<\/p>\n<p>&#13;<br \/>\n\u2013 I\u00a0te\u017c apelujemy o\u00a0to, \u017ceby dba\u0107 o\u00a0przekaz, o\u00a0j\u0119zyk \u2013\u00a0dodawa\u0142. \u2013\u00a0My\u00a0wiemy jedno \u2013\u00a0\u017ce\u00a0s\u0119dziowie s\u0105 niezawi\u015bli, odpowiadaj\u0105 przed narodem i\u00a0podlegaj\u0105 konstytucji. I\u00a0jeste\u015bmy s\u0119dziami wszystkich obywateli \u2013\u00a0przypomina\u0142. &#13;\n<\/p>\n<p>Markiewicz o\u00a0Berku w\u00a0TK<\/p>\n<p>&#13;<br \/>\nS\u0119dzia Markiewicz zosta\u0142 te\u017c zapytany o\u00a0mo\u017cliwy wyb\u00f3r Macieja Berka do\u00a0TK. To\u00a0by\u0142y minister i\u00a0bliski wsp\u00f3\u0142pracownik Donalda Tuska. &#13;\n<\/p>\n<p>&#13;<br \/>\n\u2013 By\u0142em zwolennikiem i\u00a0wsp\u00f3\u0142tworzy\u0142em w\u00a0jakiej\u015b mierze, jeszcze jako szef Iustitii, ten projekt spo\u0142eczny, kt\u00f3ry potem zosta\u0142 przyj\u0119ty przez parlament, kt\u00f3ry wskazywa\u0142 na\u00a0konieczn\u0105 przerw\u0119 w\u00a0pe\u0142nieniu funkcji \u2013\u00a0stwierdzi\u0142 Markiewicz. &#13;\n<\/p>\n<p>&#13;<br \/>\n\u2013 Zdania nie\u00a0zmieni\u0142em w\u00a0tym zakresie. To\u00a0jest jedna rzecz. To, \u017ce\u00a0pan doktor Berek jest dobrym prawnikiem, to\u00a0jest jakby te\u017c poza sporem. Parlament jest od\u00a0tego, Sejm dok\u0142adnie, \u017ceby dokonywa\u0107 wyboru \u2013\u00a0m\u00f3wi\u0142. &#13;\n<\/p>\n<p>&#13;<br \/>\n   Czytaj te\u017c:<br \/><a href=\"https:\/\/www.wprost.pl\/kraj\/12415908\/maciej-berek-kandydatem-do-tk-iustitia-zabrala-glos.html\" rel=\"follow nofollow noopener\" data-schema=\"WPROST\" data-image=\"https:\/\/img.wprost.pl\/_thumb\/af\/66\/606e9b69e68fdc40543d1d7a7ff1.jpeg\" target=\"_blank\">S\u0119dziowie apeluj\u0105 ws. wyboru Berka do\u00a0TK. \u201eMa\u00a0chroni\u0107 prawa obywateli\u201d<\/a>   Czytaj te\u017c:<br \/><a href=\"https:\/\/www.wprost.pl\/kraj\/12409821\/nawrocki-w-centrum-sporu-o-trybunal-konstytucyjny-przymusinski-o-slubowaniu-sedziow-tk.html\" rel=\"follow nofollow noopener\" data-schema=\"WPROST\" data-image=\"https:\/\/img.wprost.pl\/_thumb\/c5\/0a\/4a05d44ff2c90aba9da131dfbf88.jpeg\" target=\"_blank\">Konstytucjonalista nie\u00a0ma\u00a0w\u0105tpliwo\u015bci. T\u0142umaczy, co\u00a0musi zrobi\u0107 Nawrocki w\u00a0sprawie TK<\/a>&#13;<\/p>\n","protected":false},"excerpt":{"rendered":"&#13; Premier Donald Tusk podczas Campusu Polska Przysz\u0142o\u015bci omawia\u0142 kwesti\u0119 Trybuna\u0142u Konstytucyjnego. \u2013\u00a0Nie\u00a0b\u0119d\u0119 pi\u0119knoduchem w\u00a0tej sprawie. We\u00a0wrze\u015bniu musz\u0119&hellip;\n","protected":false},"author":2,"featured_media":661577,"comment_status":"","ping_status":"","sticky":false,"template":"","format":"standard","meta":{"footnotes":"","_share_on_mastodon":"0"},"categories":[62713],"tags":[66586,1345,49,127700,128633,59734,907,2226,8232,43315],"class_list":["post-661576","post","type-post","status-publish","format-standard","has-post-thumbnail","category-donald-tusk","tag-campus-polska","tag-donald-tusk","tag-kraj","tag-krystian-markiewicz","tag-nasi-sedziowie","tag-opinie-i-komentarze","tag-polityka","tag-sedzia","tag-trybunal-konstytucyjny","tag-wprost"],"share_on_mastodon":{"url":"https:\/\/pubeurope.com\/@pl\/117199613906178473","error":""},"_links":{"self":[{"href":"https:\/\/www.europesays.com\/pl\/wp-json\/wp\/v2\/posts\/661576","targetHints":{"allow":["GET"]}}],"collection":[{"href":"https:\/\/www.europesays.com\/pl\/wp-json\/wp\/v2\/posts"}],"about":[{"href":"https:\/\/www.europesays.com\/pl\/wp-json\/wp\/v2\/types\/post"}],"author":[{"embeddable":true,"href":"https:\/\/www.europesays.com\/pl\/wp-json\/wp\/v2\/users\/2"}],"replies":[{"embeddable":true,"href":"https:\/\/www.europesays.com\/pl\/wp-json\/wp\/v2\/comments?post=661576"}],"version-history":[{"count":0,"href":"https:\/\/www.europesays.com\/pl\/wp-json\/wp\/v2\/posts\/661576\/revisions"}],"wp:featuredmedia":[{"embeddable":true,"href":"https:\/\/www.europesays.com\/pl\/wp-json\/wp\/v2\/media\/661577"}],"wp:attachment":[{"href":"https:\/\/www.europesays.com\/pl\/wp-json\/wp\/v2\/media?parent=661576"}],"wp:term":[{"taxonomy":"category","embeddable":true,"href":"https:\/\/www.europesays.com\/pl\/wp-json\/wp\/v2\/categories?post=661576"},{"taxonomy":"post_tag","embeddable":true,"href":"https:\/\/www.europesays.com\/pl\/wp-json\/wp\/v2\/tags?post=661576"}],"curies":[{"name":"wp","href":"https:\/\/api.w.org\/{rel}","templated":true}]}}