{"id":661618,"date":"2026-09-02T05:11:16","date_gmt":"2026-09-02T05:11:16","guid":{"rendered":"https:\/\/www.europesays.com\/pl\/661618\/"},"modified":"2026-09-02T05:11:16","modified_gmt":"2026-09-02T05:11:16","slug":"sts-puchar-polski-sedziowie-wypaczyli-wynik-ale-motor-i-tak-wygral-z-legia-wysoko-wideo-sport-tvp-pl","status":"publish","type":"post","link":"https:\/\/www.europesays.com\/pl\/661618\/","title":{"rendered":"STS Puchar Polski. S\u0119dziowie wypaczyli wynik, ale Motor i tak wygra\u0142 z Legi\u0105 wysoko [WIDEO] &#8211; sport.tvp.pl"},"content":{"rendered":"<ol>\n<li><a href=\"https:\/\/news.google.com\/rss\/articles\/CBMipAFBVV95cUxPR0ZKaVRoOFE5V21wZzVXMzllaElQdUNuS3g0ZjdzWXFEbWdtS0NwOWkwRDVhb3ZHQ1JyUXR6WTl6TWY4VzhKNUJXVXRRSjFrc21pdTFRSndvbzc2cUlST3UxaUFLV1hsbHVtTzdMdGdVQ1RQM1Y5MTh6NEhSdWZEbmRiSUJ0eGo4RFRNckgyNVpJT29DdXVhZGlKWHU0VGRxUGtaUtIBqgFBVV95cUxPSHVCSnpnWGpHb3YtM0ZUMUJwY3dlVkhtSHppaVJiczRpaDFHVHhpQmVrTkl5S3hTZzBZSkNXSjhYdzU3Z2VhVDlaU0l4ZUs5QUcwUmFwU2RQaVp2bnV0Rm5LY2dhTzdodmVEd2pKdDBDV0tYTnI2eGQyYnRpaVVwVk84SllJNVZBa1pKZENidE1ZTkxBOXcyWS1LS1NMbmRRRmhEOXFNbG9UZw?oc=5\" target=\"_blank\" rel=\"nofollow noopener\">STS Puchar Polski. S\u0119dziowie wypaczyli wynik, ale Motor i tak wygra\u0142 z Legi\u0105 wysoko [WIDEO]<\/a>&nbsp;&nbsp;sport.tvp.pl<\/li>\n<li><a href=\"https:\/\/news.google.com\/rss\/articles\/CBMiywFBVV95cUxOeWozLUtLekgzOUVwNmJjX1BwS0J5VXpWV3B5Z3pqUTMtQ2RQZkFPbnFWYmF4RTdvc1NXU3ZFWE9YbG0xRkdmNWRtLTh0RnJYYWpYTFRpZUNOczdiRnpJTEwxcjgxcGdpcmZRX3VUZlo2U3JfenZUT1Z2YTU1YmFpaWlYQXZUMkhfQmwzeGZScUl3MEhNbmdDNXMxdU1PcGxXYnRaM29ES1g0X0FnbU1RWXRkXzU5eDlRMGFZSjJ3YVBrVlJTdEhtLUxtYw?oc=5\" target=\"_blank\" rel=\"nofollow noopener\">Kl\u0119ska Legii Warszawa ju\u017c w 1. rundzie PP! To by\u0142 absolutny nokaut<\/a>&nbsp;&nbsp;Przegl\u0105d Sportowy<\/li>\n<li><a href=\"https:\/\/news.google.com\/rss\/articles\/CBMirgFBVV95cUxPb0JRTkQ2blRMZWJfQUJoUC1ZNVV6cVh2N19hR29WUUQ1SlJZLWUwYUFLS2ZDemloMk5FeHhyLUR1bGlrcHhpLWdSYVZLREdRcnNhTTVjclpuNWZ3bU1KWEFYRU56c1BvcGo0bmd2TjFIYTdlc3BGb1FQSUx6dk9sRzRSX2hFZVZLZDlJUU5qQUN0YkQxN2dEVU5iVmZJMnN2aFpPZjRDczU2RGxLcXc?oc=5\" target=\"_blank\" rel=\"nofollow noopener\">Eksperci m\u00f3wi\u0105 jednym g\u0142osem po kompromitacji Legii w Pucharze Polski<\/a>&nbsp;&nbsp;Sport.pl<\/li>\n<li><a href=\"https:\/\/news.google.com\/rss\/articles\/CBMiwwFBVV95cUxORGJpZjdGRXdsSHBTODNQQkN1Um5LOTVPbWlQMEM2eVVNRzNuMmUyUXJvRmt2b05QcXoyVkI1TjNyVmtHWXFvcWxKRWtNSUF1VlNoeFNGUmMyNkpDUXkzX3B1U2NLeXpnWjNTemltMDZCRGNIcHJVVzlEamF6LTdvN3kxT3hLVDB4YXltWEdJU3k2NUM4V2t4bDZnRlFmYkt0UFFramlaWUdVMUdtTWp5cjBQLWlXWU9nYjllYTZhclZJQ0E?oc=5\" target=\"_blank\" rel=\"nofollow noopener\">Relacja na \u017cywo<\/a>&nbsp;&nbsp;Meczyki.pl<\/li>\n<li><a href=\"https:\/\/news.google.com\/rss\/articles\/CBMieEFVX3lxTE42NnlRcnYtV2Z2SllqaVBvb0hiLTQ0MFd4UkpaSTNJUlktWS1XWTBKN1h3bk45WnZwOGV1UWJEenZqNzlwWHZOVnZKSWd2OVZycmhBZUdvLXlHUGttZHZOSWtpdTd5UUVxTU5Ma2pHYkwxcVFvaTFmUQ?oc=5\" target=\"_blank\" rel=\"nofollow noopener\">Ruben Vinagre: To boli i b\u0119dzie bola\u0142o<\/a>&nbsp;&nbsp;Legia Warszawa \u2014 Strona Oficjalna<\/li>\n<\/ol>\n","protected":false},"excerpt":{"rendered":"STS Puchar Polski. S\u0119dziowie wypaczyli wynik, ale Motor i tak wygra\u0142 z Legi\u0105 wysoko [WIDEO]&nbsp;&nbsp;sport.tvp.pl Kl\u0119ska Legii Warszawa&hellip;\n","protected":false},"author":2,"featured_media":661619,"comment_status":"","ping_status":"","sticky":false,"template":"","format":"standard","meta":{"footnotes":"","_share_on_mastodon":"0"},"categories":[5],"tags":[32,33,36,37,27,20220,70510,34,35,713,3364,28,31,25,38977,269,61964,42,38,40,39,41,4702,3182,334,4637,3181,29,30,3180,26],"class_list":["post-661618","post","type-post","status-publish","format-standard","has-post-thumbnail","category-naglowki","tag-breaking-news","tag-breakingnews","tag-featured-news","tag-featurednews","tag-headlines","tag-karol-czubak","tag-kornel-paszkiewicz","tag-latest-news","tag-latestnews","tag-legia-warszawa","tag-motor-lublin","tag-naglowki","tag-najwazniejsze-artykuly","tag-news","tag-otto-hindrich","tag-pilka-nozna","tag-piotr-lasyk","tag-pl","tag-poland","tag-polish","tag-polska","tag-polski","tag-rafal-augustyniak","tag-sedzia-wideo","tag-sport-tvp-pl","tag-sts-puchar-polski","tag-system-var","tag-top-stories","tag-topstories","tag-var","tag-wiadomosci"],"share_on_mastodon":{"url":"","error":"Validation failed: Text character limit of 500 exceeded"},"_links":{"self":[{"href":"https:\/\/www.europesays.com\/pl\/wp-json\/wp\/v2\/posts\/661618","targetHints":{"allow":["GET"]}}],"collection":[{"href":"https:\/\/www.europesays.com\/pl\/wp-json\/wp\/v2\/posts"}],"about":[{"href":"https:\/\/www.europesays.com\/pl\/wp-json\/wp\/v2\/types\/post"}],"author":[{"embeddable":true,"href":"https:\/\/www.europesays.com\/pl\/wp-json\/wp\/v2\/users\/2"}],"replies":[{"embeddable":true,"href":"https:\/\/www.europesays.com\/pl\/wp-json\/wp\/v2\/comments?post=661618"}],"version-history":[{"count":0,"href":"https:\/\/www.europesays.com\/pl\/wp-json\/wp\/v2\/posts\/661618\/revisions"}],"wp:featuredmedia":[{"embeddable":true,"href":"https:\/\/www.europesays.com\/pl\/wp-json\/wp\/v2\/media\/661619"}],"wp:attachment":[{"href":"https:\/\/www.europesays.com\/pl\/wp-json\/wp\/v2\/media?parent=661618"}],"wp:term":[{"taxonomy":"category","embeddable":true,"href":"https:\/\/www.europesays.com\/pl\/wp-json\/wp\/v2\/categories?post=661618"},{"taxonomy":"post_tag","embeddable":true,"href":"https:\/\/www.europesays.com\/pl\/wp-json\/wp\/v2\/tags?post=661618"}],"curies":[{"name":"wp","href":"https:\/\/api.w.org\/{rel}","templated":true}]}}