{"id":661626,"date":"2026-09-02T05:18:13","date_gmt":"2026-09-02T05:18:13","guid":{"rendered":"https:\/\/www.europesays.com\/pl\/661626\/"},"modified":"2026-09-02T05:18:13","modified_gmt":"2026-09-02T05:18:13","slug":"orlen-znacznie-rozszerzyl-wspolprace-z-jedna-z-plockich-szkol-to-wazne-dla-przyszlosci-jej-uczniow","status":"publish","type":"post","link":"https:\/\/www.europesays.com\/pl\/661626\/","title":{"rendered":"Orlen znacznie rozszerzy\u0142 wsp\u00f3\u0142prac\u0119 z jedn\u0105 z p\u0142ockich szk\u00f3\u0142. To wa\u017cne dla przysz\u0142o\u015bci jej uczni\u00f3w"},"content":{"rendered":"<p style=\"text-align: justify;\">Orlen zawar\u0142 porozumienie o wsp\u00f3\u0142pracy z Zespo\u0142em Szk\u00f3\u0142 Centrum Edukacji im. Ignacego \u0141ukasiewicza w P\u0142ocku. Porozumienie rozszerza i uzupe\u0142nia wieloletni\u0105 relacj\u0119 firmy ze szko\u0142\u0105, kt\u00f3ra od ponad 60 lat kszta\u0142ci specjalist\u00f3w na potrzeby p\u0142ockiego rynku pracy oraz bran\u017c kluczowych dla dzia\u0142alno\u015bci koncernu.<\/p>\n<p style=\"text-align: justify;\">\u2013 Zawarte porozumienie obejmuje wsp\u00f3\u0142prac\u0119 o charakterze naukowym, rozwojowym, edukacyjnym i wizerunkowym, a jego celem jest wspieranie kszta\u0142cenia uczni\u00f3w w profilach istotnych dla dzia\u0142alno\u015bci Orlenu, rozwijanie praktycznych kompetencji m\u0142odzie\u017cy oraz przybli\u017canie jej reali\u00f3w pracy w nowoczesnym zak\u0142adzie produkcyjnym \u2013 informuje sp\u00f3\u0142ka.<\/p>\n<p style=\"text-align: justify;\">Dalej Orlen wymienia, \u017ce planowana jest mi\u0119dzy innymi organizacja szkolnych praktyk grupowych, wsp\u00f3lnych projekt\u00f3w, szkole\u0144, wyk\u0142ad\u00f3w, konkurs\u00f3w oraz konferencji, jak r\u00f3wnie\u017c wsp\u00f3\u0142praca przy opracowywaniu program\u00f3w kszta\u0142cenia, przedmiot\u00f3w autorskich i form edukacji odpowiadaj\u0105cych na potrzeby nowoczesnego przemys\u0142u. Uczniowie szko\u0142y wezm\u0105 udzia\u0142 w wizytach, spotkaniach i wydarzeniach, kt\u00f3re przybli\u017c\u0105 im dzia\u0142alno\u015b\u0107 koncernu oraz perspektywy zatrudnienia w Grupie Orlen.<\/p>\n<p style=\"text-align: justify;\">Dotychczasowa wsp\u00f3\u0142praca sp\u00f3\u0142ki z Zespo\u0142em Szk\u00f3\u0142 Centrum Edukacji obejmowa\u0142a m.in. patronat nad klasami profilowanymi, takimi jak technik technologii chemicznej (technikum) i energetyka przysz\u0142o\u015bci (specjalizacja). Uczniowie klas 3. i 4. technikum ZSCE odbywaj\u0105 praktyki w Orlenie (m.in. w Zak\u0142adzie Produkcyjnym w P\u0142ocku, w Centrum Badawczo-Rozwojowym) oraz w Orlen Laboratorium. W latach 2019 \u2013 2026 odby\u0142o je blisko 690 os\u00f3b. Du\u017c\u0105 cz\u0119\u015b\u0107 dzia\u0142a\u0144 w ramach wsp\u00f3\u0142pracy stanowi\u0105 spotkania, jak dni otwarte, zebrania i warsztaty skierowane do uczni\u00f3w, rodzic\u00f3w i nauczycieli. <\/p>\n<p style=\"text-align: justify;\">Anga\u017cuj\u0105 si\u0119 w nie pracownicy Orlenu, kt\u00f3rzy dziel\u0105 si\u0119 w\u0142asnym do\u015bwiadczeniem zawodowym, prezentuj\u0105c mo\u017cliwe \u015bcie\u017cki rozwoju po uko\u0144czeniu szko\u0142y oraz przybli\u017caj\u0105c specyfik\u0119 pracy w Zak\u0142adzie Produkcyjnym w P\u0142ocku. Dzi\u0119ki temu m\u0142odzie\u017c mo\u017ce lepiej pozna\u0107 realia pracy w przemy\u015ble, w tym prac\u0119 M\u0142odszego Operatora Proces\u00f3w Produkcyjnych jako jedn\u0105 z mo\u017cliwych dr\u00f3g rozpocz\u0119cia kariery w obszarze produkcji.<\/p>\n<p style=\"text-align: justify;\">Wsparcie Orlenu dla p\u0142ockiego \u015brodowiska edukacyjnego zak\u0142ada tak\u017ce realizacj\u0119 projekt\u00f3w edukacyjnych, warsztat\u00f3w i inicjatyw popularyzuj\u0105cych wiedz\u0119 techniczn\u0105 i przemys\u0142ow\u0105. Projekt edukacyjny \u201eORLEN w Szkole\u201d w latach 2023 \u2013 2025 obj\u0105\u0142 ponad 1600 uczni\u00f3w z regionu p\u0142ockiego, w tym ponad 230 uczni\u00f3w Zespo\u0142u Szk\u00f3\u0142 Centrum Edukacji. W 2026 roku sp\u00f3\u0142ka zainaugurowa\u0142a projekt \u201eM\u0142odzi w reAKCJI\u201d, kt\u00f3rego partnerem by\u0142o Centrum Edukacji. <\/p>\n<p style=\"text-align: justify;\">Program skierowany jest do uczni\u00f3w klas 7. i 8. szk\u00f3\u0142 podstawowych z P\u0142ocka, zainteresowanych chemi\u0105, fizyk\u0105, technologi\u0105 i ochron\u0105 \u015brodowiska. W P\u0142ocku funkcjonuje tak\u017ce program \u201e\u015acie\u017cka \u0141ukasiewicza\u201d, kt\u00f3r\u0105 tworz\u0105 Zesp\u00f3\u0142 Szk\u00f3\u0142 Centrum Edukacji, Politechnika Warszawska i Orlen, po\u0142o\u017cone przy ul. \u0141ukasiewicza. Z kolei w 2025 roku, we wsp\u00f3\u0142pracy z ZSCE i Centrum Edukacji, Orlen uruchomi\u0142 pierwsze Bran\u017cowe Centrum Umiej\u0119tno\u015bci dla bran\u017cy petrochemicznej.<\/p>\n<p style=\"text-align: justify;\">Dzi\u0119ki wsp\u00f3\u0142pracy z ZSCE Orlen konsekwentnie rozwija model wsp\u00f3\u0142pracy edukacyjnej, kt\u00f3rego celem jest budowanie przysz\u0142ych kadr dla kluczowych obszar\u00f3w biznesowych Grupy Orlen w my\u015bl has\u0142a \u201eEnergia jutra zaczyna si\u0119 dzi\u015b\u201d. Dzia\u0142ania te wzmacniaj\u0105 jednocze\u015bnie relacje Sp\u00f3\u0142ki z lokalnym \u015brodowiskiem edukacyjnym i wspieraj\u0105 m\u0142odych ludzi w podejmowaniu \u015bwiadomych decyzji dotycz\u0105cych dalszej nauki i kariery zawodowej.<\/p>\n<p style=\"text-align: justify;\">Wi\u0119cej informacji o projektach edukacyjnych Orlenu oraz wsp\u00f3\u0142pracy firmy ze \u015brodowiskiem edukacyjnym znajduje si\u0119 na stronie \u27a1 <a style=\"color: #0000ff;\" href=\"https:\/\/www.orlen.pl\/pl\/kariera\/poczatek-kariery\/projekty-edukacyjne\" target=\"_blank\" rel=\"noopener noreferrer nofollow\">Projekty edukacyjne<\/a>.<\/p>\n<p>\u0179r\u00f3d\u0142o i fot: Orlen<\/p>\n","protected":false},"excerpt":{"rendered":"Orlen zawar\u0142 porozumienie o wsp\u00f3\u0142pracy z Zespo\u0142em Szk\u00f3\u0142 Centrum Edukacji im. Ignacego \u0141ukasiewicza w P\u0142ocku. Porozumienie rozszerza i&hellip;\n","protected":false},"author":2,"featured_media":661627,"comment_status":"","ping_status":"","sticky":false,"template":"","format":"standard","meta":{"footnotes":"","_share_on_mastodon":"0"},"categories":[52097],"tags":[774,42,38,40,39,41,3519,128639],"class_list":["post-661626","post","type-post","status-publish","format-standard","has-post-thumbnail","category-orlen","tag-orlen","tag-pl","tag-poland","tag-polish","tag-polska","tag-polski","tag-wspolpraca","tag-zespolem-szkol-centrum-edukacji-im-ignacego-lukasiewicza"],"share_on_mastodon":{"url":"https:\/\/pubeurope.com\/@pl\/117199759450144390","error":""},"_links":{"self":[{"href":"https:\/\/www.europesays.com\/pl\/wp-json\/wp\/v2\/posts\/661626","targetHints":{"allow":["GET"]}}],"collection":[{"href":"https:\/\/www.europesays.com\/pl\/wp-json\/wp\/v2\/posts"}],"about":[{"href":"https:\/\/www.europesays.com\/pl\/wp-json\/wp\/v2\/types\/post"}],"author":[{"embeddable":true,"href":"https:\/\/www.europesays.com\/pl\/wp-json\/wp\/v2\/users\/2"}],"replies":[{"embeddable":true,"href":"https:\/\/www.europesays.com\/pl\/wp-json\/wp\/v2\/comments?post=661626"}],"version-history":[{"count":0,"href":"https:\/\/www.europesays.com\/pl\/wp-json\/wp\/v2\/posts\/661626\/revisions"}],"wp:featuredmedia":[{"embeddable":true,"href":"https:\/\/www.europesays.com\/pl\/wp-json\/wp\/v2\/media\/661627"}],"wp:attachment":[{"href":"https:\/\/www.europesays.com\/pl\/wp-json\/wp\/v2\/media?parent=661626"}],"wp:term":[{"taxonomy":"category","embeddable":true,"href":"https:\/\/www.europesays.com\/pl\/wp-json\/wp\/v2\/categories?post=661626"},{"taxonomy":"post_tag","embeddable":true,"href":"https:\/\/www.europesays.com\/pl\/wp-json\/wp\/v2\/tags?post=661626"}],"curies":[{"name":"wp","href":"https:\/\/api.w.org\/{rel}","templated":true}]}}