{"id":661686,"date":"2026-09-02T05:57:09","date_gmt":"2026-09-02T05:57:09","guid":{"rendered":"https:\/\/www.europesays.com\/pl\/661686\/"},"modified":"2026-09-02T05:57:09","modified_gmt":"2026-09-02T05:57:09","slug":"portugalski-trener-na-dluzej-w-kobierzycach","status":"publish","type":"post","link":"https:\/\/www.europesays.com\/pl\/661686\/","title":{"rendered":"Portugalski trener na d\u0142u\u017cej w Kobierzycach"},"content":{"rendered":"<p>Herlander Silva prowadzi zesp\u00f3\u0142 z Kobierzyc od grudnia 2025 roku<\/p>\n<p>fot. KPR Gminy Kobierzyce<\/p>\n<p>Herlander Silva przed\u0142u\u017cy\u0142 kontrakt z wyst\u0119puj\u0105c\u0105 w Superlidze dru\u017cyn\u0105 pi\u0142karek r\u0119cznych KPR-u Gminy Kobierzyce.<\/p>\n<p style=\"text-align: justify;\">46-letni szkoleniowiec z Portugalii, obj\u0105\u0142 zesp\u00f3\u0142 z Kobierzyc w grudniu ubieg\u0142ego roku. Od tego czasu poprowadzi\u0142 KPR w dwudziestu spotkaniach Superligi Kobiet, a tak\u017ce w rozgrywkach Pucharu Polski oraz Pucharu Europy EHF.<\/p>\n<p style=\"text-align: justify;\">&#8211; Kiedy tutaj przyjecha\u0142em, znajdowali\u015bmy w trudnej sytuacji. Od tego czasu byli\u015bmy w stanie osi\u0105gn\u0105\u0107 znacznie wi\u0119cej ni\u017c pokazywa\u0142a w\u00f3wczas tabela i nasze statystyki. Bardzo dobrze si\u0119 tutaj czuj\u0119 i identyfikuj\u0119 si\u0119 z klubem, kibicami, z zespo\u0142em, sztabem czy zarz\u0105dem. Mia\u0142em jeszcze wa\u017cny kontrakt, wi\u0119c to nietypowa sytuacja, \u017ce zosta\u0142 tak szybko przed\u0142u\u017cony. Zarz\u0105d klubu chcia\u0142 da\u0107 wszystkim jasny sygna\u0142 &#8211; mnie, ca\u0142emu klubowi i kibicom &#8211; \u017ce budujemy w Kobierzycach co\u015b wi\u0119kszego, \u017ce zaczynamy d\u0142ugofalowy projekt. Ciesz\u0119 si\u0119, \u017ce ta wsp\u00f3\u0142praca b\u0119dzie trwa\u0107, naprawd\u0119 czuj\u0119 si\u0119 tutaj bardzo dobrze i chcia\u0142bym stworzy\u0107 co\u015b, co zapisze si\u0119 w kobierzyckiej historii &#8211;\u00a0m\u00f3wi trener\u00a0Herlander Silva.<\/p>\n<p style=\"text-align: justify;\">KPR Gminy Kobierzyce rozpocznie nowy sezon\u00a0Superligi w najbli\u017csz\u0105 sobot\u0119. 5 wrze\u015bnia Kobierzyczanki zmierz\u0105 si\u0119 na wyje\u017adzie ze Szczypiornem Kalisz.<\/p>\n<p style=\"text-align: justify;\">ZOBACZ R\u00d3WNIE\u017b:\u00a0<a href=\"https:\/\/www.radiowroclaw.pl\/articles\/view\/163483\/Adamski-Goralski-i-Ciarkowski-o-kulisach-powrotu-WKS-u-POSLUCHAJ\" rel=\"nofollow noopener\" target=\"_blank\">Adamski, G\u00f3ralski i Ciarkowski o kulisach powrotu WKS-u [POS\u0141UCHAJ]<\/a><\/p>\n","protected":false},"excerpt":{"rendered":"Herlander Silva prowadzi zesp\u00f3\u0142 z Kobierzyc od grudnia 2025 roku fot. KPR Gminy Kobierzyce Herlander Silva przed\u0142u\u017cy\u0142 kontrakt&hellip;\n","protected":false},"author":2,"featured_media":661687,"comment_status":"","ping_status":"","sticky":false,"template":"","format":"standard","meta":{"footnotes":"","_share_on_mastodon":"0"},"categories":[51607],"tags":[99266,126061,34720,42,38,40,39,41,128647,10862,31600,1853],"class_list":["post-661686","post","type-post","status-publish","format-standard","has-post-thumbnail","category-wroclaw","tag-dluzej","tag-kobierzycach","tag-na","tag-pl","tag-poland","tag-polish","tag-polska","tag-polski","tag-portugalski","tag-trener","tag-w","tag-wroclaw"],"share_on_mastodon":{"url":"https:\/\/pubeurope.com\/@pl\/117199912703884607","error":""},"_links":{"self":[{"href":"https:\/\/www.europesays.com\/pl\/wp-json\/wp\/v2\/posts\/661686","targetHints":{"allow":["GET"]}}],"collection":[{"href":"https:\/\/www.europesays.com\/pl\/wp-json\/wp\/v2\/posts"}],"about":[{"href":"https:\/\/www.europesays.com\/pl\/wp-json\/wp\/v2\/types\/post"}],"author":[{"embeddable":true,"href":"https:\/\/www.europesays.com\/pl\/wp-json\/wp\/v2\/users\/2"}],"replies":[{"embeddable":true,"href":"https:\/\/www.europesays.com\/pl\/wp-json\/wp\/v2\/comments?post=661686"}],"version-history":[{"count":0,"href":"https:\/\/www.europesays.com\/pl\/wp-json\/wp\/v2\/posts\/661686\/revisions"}],"wp:featuredmedia":[{"embeddable":true,"href":"https:\/\/www.europesays.com\/pl\/wp-json\/wp\/v2\/media\/661687"}],"wp:attachment":[{"href":"https:\/\/www.europesays.com\/pl\/wp-json\/wp\/v2\/media?parent=661686"}],"wp:term":[{"taxonomy":"category","embeddable":true,"href":"https:\/\/www.europesays.com\/pl\/wp-json\/wp\/v2\/categories?post=661686"},{"taxonomy":"post_tag","embeddable":true,"href":"https:\/\/www.europesays.com\/pl\/wp-json\/wp\/v2\/tags?post=661686"}],"curies":[{"name":"wp","href":"https:\/\/api.w.org\/{rel}","templated":true}]}}