{"id":661714,"date":"2026-09-02T06:11:32","date_gmt":"2026-09-02T06:11:32","guid":{"rendered":"https:\/\/www.europesays.com\/pl\/661714\/"},"modified":"2026-09-02T06:11:32","modified_gmt":"2026-09-02T06:11:32","slug":"karol-nawrocki-i-wydarzenie-w-juracie-ile-kosztowalo-leskiewicz-reaguje-wprost","status":"publish","type":"post","link":"https:\/\/www.europesays.com\/pl\/661714\/","title":{"rendered":"Karol Nawrocki i wydarzenie w Juracie. Ile kosztowa\u0142o? Le\u015bkiewicz reaguje \u2013 Wprost"},"content":{"rendered":"\n<p>&#13;<br \/>\nW miniony weekend w\u00a0prezydenckiej rezydencji w\u00a0Juracie odby\u0142o si\u0119 wydarzenie \u201ePrzysz\u0142o\u015b\u0107.pl\u201d, w\u00a0czasie kt\u00f3rego przedstawiciele m\u0142odego pokolenia mogli spotka\u0107 si\u0119 z\u00a0Karolem Nawrockim. O\u00a0koszty, jakie poch\u0142on\u0119\u0142a organizacja imprezy, by\u0142 pytany Rafa\u0142 Le\u015bkiewicz. &#13;\n<\/p>\n<p>Ile kosztowa\u0142o wydarzenie Nawrockiego w\u00a0Juracie? Rzecznik prezydenta zabra\u0142 g\u0142os<br \/>\n\u2013 Przede wszystkim, rzecz najwa\u017cniejsza: nasi arty\u015bci nie\u00a0wzi\u0119li \u017cadnych honorari\u00f3w za\u00a0wyst\u0119py na\u00a0scenie, kt\u00f3ra zosta\u0142a przygotowana w\u00a0Juracie. Te\u00a0\u015brodki pochodzi\u0142y z\u00a0bud\u017cetu kancelarii prezydenta. Przygotowujemy dok\u0142adne podliczenie tych \u015brodk\u00f3w \u2013\u00a0zapowiedzia\u0142 rzecznik prezydenta na\u00a0antenie Polsat News.  <\/p>\n<p>&#13;<br \/>\n\u2013 Nasze wydarzenie z\u00a0m\u0142odymi Polakami, gdzie i\u00a0w\u00a0sobot\u0119, i\u00a0w\u00a0niedziel\u0119 ponad 800 os\u00f3b spotka\u0142o si\u0119 z\u00a0prezydentem by\u0142o finansowane z\u00a0bud\u017cetu Kancelarii Prezydenta. Tak jak wszystkie tego typu wydarzenia, gdzie prezydent spotyka si\u0119 z\u00a0Polakami. Bo\u00a0to\u00a0jest istota funkcjonowania prezydenta RP \u2013\u00a0podkre\u015bli\u0142 Rafa\u0142 Le\u015bkiewicz. &#13;\n<\/p>\n<p>Rzecznik Nawrockiego o\u00a0spotkaniu w\u00a0Juracie. \u201ePrzyjechali pi\u0119kni, m\u0142odzi, m\u0105drzy ludzie\u201d<\/p>\n<p>&#13;<br \/>\nWsp\u00f3\u0142pracownik Karola Nawrockiego zaznaczy\u0142, \u017ce\u00a0koszty by\u0142y \u201ebardzo niskie\u201d, a\u00a0jako argument wskaza\u0142 m.in. fakt, \u017ce\u00a0wydarzenie by\u0142o organizowane w\u00a0rezydencji prezydenta. \u2013\u00a0Nie wynajmowali\u015bmy \u017cadnych specjalnych obiekt\u00f3w. Na\u00a0l\u0105dowisku dla\u00a0helikoptera postawili\u015bmy scen\u0119. Arty\u015bci zagrali koncerty. Odby\u0142y si\u0119 dwie bardzo ciekawe debaty \u2013\u00a0wymienia\u0142 Rafa\u0142 Le\u015bkiewicz. &#13;\n<\/p>\n<p>&#13;<br \/>\n\u2013 Ale\u00a0to\u00a0co jest najistotniejsze: spotkanie m\u0142odych z\u00a0prezydentem, d\u0142uga sesja Q&amp;A. I\u00a0mog\u0119 powiedzie\u0107, \u017ce\u00a0na to\u00a0spotkanie przyjechali pi\u0119kni, m\u0142odzi, m\u0105drzy ludzie, kt\u00f3rzy chcieli porozmawia\u0107 o\u00a0przysz\u0142o\u015bci Polski. Ale\u00a0przede wszystkim adresowali te\u017c swoje potrzeby, problemy \u2013\u00a0podsumowa\u0142 rzecznik prezydenta. &#13;\n<\/p>\n<p>&#13;<br \/>\n   Czytaj te\u017c:<br \/><a href=\"https:\/\/www.wprost.pl\/kraj\/12427641\/karol-nawrocki-i-wydarzenie-w-juracie-komunikat-zespolu-skolima.html\" rel=\"follow nofollow noopener\" data-schema=\"WPROST\" data-image=\"https:\/\/img.wprost.pl\/_thumb\/48\/30\/277b3d21d8bbe0564f4bc21e0b23.jpeg\" target=\"_blank\">Nawrocki spotka\u0142 si\u0119 ze\u00a0Skolimem w\u00a0Juracie. \u201eTo\u00a0dla nas ogromny zaszczyt\u201d<\/a>   Czytaj te\u017c:<br \/><a href=\"https:\/\/www.wprost.pl\/opinie-i-komentarze\/12427824\/rzecznik-prezydenta-rafal-leskiewicz-mowil-o-tusku-manipulator-i-klamca.html\" rel=\"follow nofollow noopener\" data-schema=\"WPROST\" data-image=\"https:\/\/img.wprost.pl\/_thumb\/2c\/1f\/24cc55cfefbf2499a3b00042121f.jpeg\" target=\"_blank\">Rzecznik prezydenta bez hamulc\u00f3w o\u00a0Tusku. Tak\u00a0 wypowiedzia\u0142 si\u0119 o\u00a0premierze RP<\/a>&#13;<\/p>\n","protected":false},"excerpt":{"rendered":"&#13; W miniony weekend w\u00a0prezydenckiej rezydencji w\u00a0Juracie odby\u0142o si\u0119 wydarzenie \u201ePrzysz\u0142o\u015b\u0107.pl\u201d, w\u00a0czasie kt\u00f3rego przedstawiciele m\u0142odego pokolenia mogli spotka\u0107&hellip;\n","protected":false},"author":2,"featured_media":661715,"comment_status":"","ping_status":"","sticky":false,"template":"","format":"standard","meta":{"footnotes":"","_share_on_mastodon":"0"},"categories":[62712],"tags":[101779,690,49,64711,907,40571,43315],"class_list":["post-661714","post","type-post","status-publish","format-standard","has-post-thumbnail","category-karol-nawrocki","tag-jurata","tag-karol-nawrocki","tag-kraj","tag-magdalena-frindt","tag-polityka","tag-rafal-leskiewicz","tag-wprost"],"share_on_mastodon":{"url":"https:\/\/pubeurope.com\/@pl\/117199967771770470","error":""},"_links":{"self":[{"href":"https:\/\/www.europesays.com\/pl\/wp-json\/wp\/v2\/posts\/661714","targetHints":{"allow":["GET"]}}],"collection":[{"href":"https:\/\/www.europesays.com\/pl\/wp-json\/wp\/v2\/posts"}],"about":[{"href":"https:\/\/www.europesays.com\/pl\/wp-json\/wp\/v2\/types\/post"}],"author":[{"embeddable":true,"href":"https:\/\/www.europesays.com\/pl\/wp-json\/wp\/v2\/users\/2"}],"replies":[{"embeddable":true,"href":"https:\/\/www.europesays.com\/pl\/wp-json\/wp\/v2\/comments?post=661714"}],"version-history":[{"count":0,"href":"https:\/\/www.europesays.com\/pl\/wp-json\/wp\/v2\/posts\/661714\/revisions"}],"wp:featuredmedia":[{"embeddable":true,"href":"https:\/\/www.europesays.com\/pl\/wp-json\/wp\/v2\/media\/661715"}],"wp:attachment":[{"href":"https:\/\/www.europesays.com\/pl\/wp-json\/wp\/v2\/media?parent=661714"}],"wp:term":[{"taxonomy":"category","embeddable":true,"href":"https:\/\/www.europesays.com\/pl\/wp-json\/wp\/v2\/categories?post=661714"},{"taxonomy":"post_tag","embeddable":true,"href":"https:\/\/www.europesays.com\/pl\/wp-json\/wp\/v2\/tags?post=661714"}],"curies":[{"name":"wp","href":"https:\/\/api.w.org\/{rel}","templated":true}]}}