{"id":661722,"date":"2026-09-02T06:22:16","date_gmt":"2026-09-02T06:22:16","guid":{"rendered":"https:\/\/www.europesays.com\/pl\/661722\/"},"modified":"2026-09-02T06:22:16","modified_gmt":"2026-09-02T06:22:16","slug":"lublin-oddal-hold-bohaterom-wrzesnia-1939-roku-lublin112-wiadomosci-z-lublina-i-regionu-wazne-informacje-z-kraju","status":"publish","type":"post","link":"https:\/\/www.europesays.com\/pl\/661722\/","title":{"rendered":"Lublin odda\u0142 ho\u0142d bohaterom wrze\u015bnia 1939 roku : Lublin112 \u2013 Wiadomo\u015bci z Lublina i regionu. Wa\u017cne informacje z kraju"},"content":{"rendered":"<p>Obchody rozpocz\u0119\u0142a Msza \u015awi\u0119ta w intencji poleg\u0142ych podczas wojny obronnej 1939 roku. Nabo\u017ce\u0144stwo odprawiono w Parafii Cywilno-Wojskowej pw. Niepokalanego Pocz\u0119cia Naj\u015bwi\u0119tszej Maryi Panny w Lublinie.<\/p>\n<p>Po zako\u0144czeniu liturgii uczestnicy uroczysto\u015bci przeszli na Plac Litewski. Przy Pomniku Nieznanego \u017bo\u0142nierza odby\u0142 si\u0119 uroczysty apel, podczas kt\u00f3rego oddano ho\u0142d obro\u0144com ojczyzny i ofiarom jednego z najtragiczniejszych konflikt\u00f3w w historii.<\/p>\n<p>Niemiecka agresja rozpocz\u0119\u0142a wojn\u0119<\/p>\n<p>1 wrze\u015bnia 1939 roku wojska niemieckie wkroczy\u0142y na terytorium Rzeczypospolitej Polskiej, rozpoczynaj\u0105c II wojn\u0119 \u015bwiatow\u0105. O godzinie 4.35 zbombardowany zosta\u0142 Wielu\u0144. Atak nast\u0105pi\u0142 kilka minut przed salwami pancernika \u201eSchleswig-Holstein\u201d skierowanymi w stron\u0119 Westerplatte.<\/p>\n<p>Niemiecki plan zak\u0142ada\u0142 prowadzenie wojny b\u0142yskawicznej. Jej celem by\u0142o prze\u0142amanie polskiej obrony, a nast\u0119pnie okr\u0105\u017cenie i zniszczenie g\u0142\u00f3wnych si\u0142 Wojska Polskiego. Uderzenie ze \u015al\u0105ska, Prus Wschodnich i Pomorza Zachodniego mia\u0142o by\u0107 prowadzone w kierunku Warszawy.<\/p>\n<p>Ogromna przewaga niemieckiej armii<\/p>\n<p>Niemcy wystawi\u0142y do walki 1,85 mln \u017co\u0142nierzy, 11 tys. dzia\u0142, 2,8 tys. czo\u0142g\u00f3w oraz 2 tys. samolot\u00f3w. Wojsko Polskie dysponowa\u0142o oko\u0142o 950 tys. \u017co\u0142nierzy, 4,8 tys. dzia\u0142, 700 czo\u0142gami i 400 samolotami. Na g\u0142\u00f3wnych kierunkach natarcia przewaga agresora by\u0142a jeszcze wi\u0119ksza.<\/p>\n<p>Polska armia, osamotniona w walce, nie by\u0142a w stanie skutecznie przeciwstawi\u0107 si\u0119 niemieckiej agresji oraz rozpocz\u0119tej 17 wrze\u015bnia 1939 roku inwazji Zwi\u0105zku Radzieckiego.<\/p>\n<p>II wojna \u015bwiatowa sta\u0142a si\u0119 najwi\u0119kszym i najkrwawszym konfliktem zbrojnym w dziejach ludzko\u015bci. Polska ponios\u0142a najwi\u0119ksze straty i szkody demograficzne spo\u015br\u00f3d wszystkich pa\u0144stw uczestnicz\u0105cych w wojnie oraz znajduj\u0105cych si\u0119 pod okupacj\u0105.<\/p>\n<p>    Galeria zdj\u0119\u0107<\/p>\n<p>                                    <img decoding=\"async\" class=\"gallery-item\" src=\"https:\/\/www.europesays.com\/pl\/wp-content\/uploads\/2026\/09\/medium-791755642_1418764020138538_8620600704361320696_n.jpg\" loading=\"lazy\" width=\"2048\" height=\"1365\"\/><\/p>\n<p>            Zdj\u0119cie 1 z 9<\/p>\n<p>                                    <img decoding=\"async\" class=\"gallery-item\" src=\"https:\/\/www.europesays.com\/pl\/wp-content\/uploads\/2026\/09\/medium-792990706_2600398213722557_2726408354130959094_n.jpg\" loading=\"lazy\" width=\"2048\" height=\"1365\"\/><\/p>\n<p>            Zdj\u0119cie 2 z 9<\/p>\n<p>                                    <img decoding=\"async\" class=\"gallery-item\" src=\"https:\/\/www.europesays.com\/pl\/wp-content\/uploads\/2026\/09\/medium-793159089_1717807969269836_7765675441208812002_n.jpg\" loading=\"lazy\" width=\"2048\" height=\"1365\"\/><\/p>\n<p>            Zdj\u0119cie 3 z 9<\/p>\n<p>                                    <img decoding=\"async\" class=\"gallery-item\" src=\"https:\/\/www.europesays.com\/pl\/wp-content\/uploads\/2026\/09\/medium-789445860_930306262908699_3494609034931876492_n.jpg\" loading=\"lazy\" width=\"2048\" height=\"1365\"\/><\/p>\n<p>            Zdj\u0119cie 4 z 9<\/p>\n<p>                                    <img decoding=\"async\" class=\"gallery-item\" src=\"https:\/\/www.europesays.com\/pl\/wp-content\/uploads\/2026\/09\/medium-788743997_1692499178499216_2980062885164514421_n.jpg\" loading=\"lazy\" width=\"2048\" height=\"1365\"\/><\/p>\n<p>            Zdj\u0119cie 5 z 9<\/p>\n<p>Zdj\u0119cia IPN Lublin<\/p>\n<p>\u0179r\u00f3d\u0142o: IPN Lublin <\/p>\n<p>\n                                    <a href=\"https:\/\/www.google.com\/preferences\/source?q=lublin112.pl\" target=\"_blank\" rel=\"noopener noreferrer nofollow\" onclick=\"if (!window.__cfRLUnblockHandlers) return false; gtag(&#039;event&#039;, &#039;google_preferred_source_click&#039;, {&#010;                                           &#039;link_url&#039;: this.href,&#010;                                           &#039;link_text&#039;: &#039;Ustaw lublin112.pl jako preferowane \u017ar\u00f3d\u0142o&#039;&#010;                                       });\" style=\"text-align:center;display:block;\" data-cf-modified-920bb45aa7a473cbf03b69f5-=\"\"><br \/>\n                                        <img decoding=\"async\" src=\"https:\/\/www.europesays.com\/pl\/wp-content\/uploads\/2026\/09\/1788330136_286_lublin112-google-source.webp\" alt=\"Ustaw lublin112.pl jako preferowane \u017ar\u00f3d\u0142o w Google\" style=\"max-width: 70%;\"\/><br \/>\n                                    <\/a><br \/>\n                                    <\/p>\n","protected":false},"excerpt":{"rendered":"Obchody rozpocz\u0119\u0142a Msza \u015awi\u0119ta w intencji poleg\u0142ych podczas wojny obronnej 1939 roku. Nabo\u017ce\u0144stwo odprawiono w Parafii Cywilno-Wojskowej pw.&hellip;\n","protected":false},"author":2,"featured_media":661723,"comment_status":"","ping_status":"","sticky":false,"template":"","format":"standard","meta":{"footnotes":"","_share_on_mastodon":"0"},"categories":[51612],"tags":[128327,3375,1081,128648,116901,42,52442,38,40,39,41,116998,128649],"class_list":["post-661722","post","type-post","status-publish","format-standard","has-post-thumbnail","category-lublin","tag-1-wrzesnia-1939","tag-ii-wojna-swiatowa","tag-lublin","tag-niemiecka-agresja","tag-obchody-rocznicowe","tag-pl","tag-plac-litewski","tag-poland","tag-polish","tag-polska","tag-polski","tag-pomnik-nieznanego-zolnierza","tag-wojna-obronna"],"share_on_mastodon":{"url":"https:\/\/pubeurope.com\/@pl\/117200012365699786","error":""},"_links":{"self":[{"href":"https:\/\/www.europesays.com\/pl\/wp-json\/wp\/v2\/posts\/661722","targetHints":{"allow":["GET"]}}],"collection":[{"href":"https:\/\/www.europesays.com\/pl\/wp-json\/wp\/v2\/posts"}],"about":[{"href":"https:\/\/www.europesays.com\/pl\/wp-json\/wp\/v2\/types\/post"}],"author":[{"embeddable":true,"href":"https:\/\/www.europesays.com\/pl\/wp-json\/wp\/v2\/users\/2"}],"replies":[{"embeddable":true,"href":"https:\/\/www.europesays.com\/pl\/wp-json\/wp\/v2\/comments?post=661722"}],"version-history":[{"count":0,"href":"https:\/\/www.europesays.com\/pl\/wp-json\/wp\/v2\/posts\/661722\/revisions"}],"wp:featuredmedia":[{"embeddable":true,"href":"https:\/\/www.europesays.com\/pl\/wp-json\/wp\/v2\/media\/661723"}],"wp:attachment":[{"href":"https:\/\/www.europesays.com\/pl\/wp-json\/wp\/v2\/media?parent=661722"}],"wp:term":[{"taxonomy":"category","embeddable":true,"href":"https:\/\/www.europesays.com\/pl\/wp-json\/wp\/v2\/categories?post=661722"},{"taxonomy":"post_tag","embeddable":true,"href":"https:\/\/www.europesays.com\/pl\/wp-json\/wp\/v2\/tags?post=661722"}],"curies":[{"name":"wp","href":"https:\/\/api.w.org\/{rel}","templated":true}]}}