{"id":661758,"date":"2026-09-02T06:40:19","date_gmt":"2026-09-02T06:40:19","guid":{"rendered":"https:\/\/www.europesays.com\/pl\/661758\/"},"modified":"2026-09-02T06:40:19","modified_gmt":"2026-09-02T06:40:19","slug":"afera-zondacrypto-prezes-pis-jaroslaw-kaczynski-ma-nowa-propozycje","status":"publish","type":"post","link":"https:\/\/www.europesays.com\/pl\/661758\/","title":{"rendered":"Afera Zondacrypto. Prezes PiS Jaros\u0142aw Kaczy\u0144ski ma now\u0105 propozycj\u0119"},"content":{"rendered":"<p>Jaros\u0142aw Kaczy\u0144ski we wtorkowe popo\u0142udnie spotka\u0142 si\u0119 z przedstawicielami medi\u00f3w. \u2014 Mamy do czynienia z czym\u015b, co jest sta\u0142\u0105 praktyk\u0105 tego rz\u0105du. Ta ekipa sama jest w to zamieszana, a pr\u00f3buje zrzuci\u0107 win\u0119 na innych. Sprawa<a href=\"https:\/\/wiadomosci.onet.pl\/tylko-w-onecie\/amber-gold-przesluchanie-michala-tuska-relacja\/gygh0qc\" id=\"cbd9a709-5a1b-47bf-932b-051a0b77ee05\" rel=\"nofollow noopener\" target=\"_blank\"> Zondacrypto by\u0142a znana rz\u0105dowi. Rz\u0105d Donalda Tuska o tym wiedzia\u0142, tak jak kiedy\u015b jego rz\u0105d wiedzia\u0142 o Amber Gold.<\/a> Rz\u0105d nie ostrzeg\u0142 tych, kt\u00f3rzy chcieli inwestowa\u0107 \u2014 przedstawi\u0142 swoje stanowisko w sprawie afery Zondacrypto.Dalszy ci\u0105g artyku\u0142u pod materia\u0142em wideo<\/p>\n<p>Polityk wyrazi\u0142 swoje krytyczne zdanie dotycz\u0105ce dzia\u0142a\u0144 Romana Giertycha. \u2014 Obro\u0144c\u0105 pana Krala zosta\u0142 mecenas, mecenas w cudzys\u0142owie, Giertych, bliski wsp\u00f3\u0142pracownik Donalda Tuska. Broni on teraz nie oszukanych, ale oszust\u00f3w \u2014 m\u00f3wi\u0142 Kaczy\u0144ski.<\/p>\n<p><a href=\"https:\/\/www.onet.pl\/\" title=\"Strona G\u0142\u00f3wna\" aria-label=\"Strona G\u0142\u00f3wna\" data-astro-prefetch=\"tap\" class=\"ods-a-logo-main-desktop\" rel=\"nofollow noopener\" target=\"_blank\"><img src=\"https:\/\/cdn.wiadomosci.onet.pl\/img\/Logo_desktop_Onet.svg\" class=\"ods-a-logo-main-desktop__image\" alt=\"Logo\" width=\"107\" height=\"60\" fetchpriority=\"high\" decoding=\"sync\" style=\"height:60px\"\/><\/a><\/p>\n<p class=\"ods-m-google-article__text\">Czytaj nas cz\u0119\u015bciej w Google<\/p>\n<p><a href=\"https:\/\/google.com\/preferences\/source?q=wiadomosci.onet.pl\" target=\"_blank\" rel=\"noopener noreferrer nofollow\" aria-label=\"Dodaj w Google\" title=\"Dodaj w Google\" class=\"ods-a-button ods-a-button__primary ods-a-button__default ods-a-button-l\">Dodaj w Google<\/a>Kaczy\u0144ski stwierdzi\u0142, \u017ce z Zondacrypto mieli zwi\u0105zki przedstawiciele obecnej w\u0142adzy. \u2014 <a href=\"https:\/\/wiadomosci.onet.pl\/kraj\/donald-tusk-i-zondacrypto-co-naprawde-laczy-premiera-z-gielda-wyjasniamy\/wszx1ve\" id=\"e971fe3c-ebe9-4d63-8c06-c3c1c8c0ba75\" rel=\"nofollow noopener\" target=\"_blank\">Mieli\u015bmy premiera Tuska z koszulk\u0105 z napisem Zondacrypto. Nie by\u0142 w ni\u0105 ubrany, ale trzyma\u0142 j\u0105.<\/a> Giertych teraz formu\u0142uje pogr\u00f3\u017cki, czego to on nie ujawni. Nic nie ujawni. Sytuacj\u0119 trzeba wyja\u015bni\u0107, wyja\u015bni\u0107 to wielkie nadu\u017cycie \u2014 t\u0142umaczy\u0142 prezes PiS.Jego zdaniem konieczne jest powo\u0142anie specjalnej komisji. \u2014 Proponujemy powo\u0142anie komisji, ale nie \u015bledczej sejmowej. <a href=\"https:\/\/wiadomosci.onet.pl\/kraj\/chaos-na-posiedzeniu-komisji-sledczej-poslowie-pis-wykluczeni-z-obrad\/k5x0xkz\" id=\"b70edf93-8e54-4f3c-8bd3-a4049aa7511e\" rel=\"nofollow noopener\" target=\"_blank\">Bo takie komisje ju\u017c by\u0142y, cz\u0142onkowie tych komisji z PiS byli wyrzucani, by\u0142 im odbierany g\u0142os.<\/a> Dlatego chcemy komisji z\u0142o\u017conej z ekspert\u00f3w. Jak kto\u015b si\u0119 nie stawi, to powinien by\u0107 doprowadzony przez policj\u0119. Z\u0142o\u017cymy projekt ustawy w tym zakresie. B\u0119dziemy sprawdza\u0107, kto chce doj\u015b\u0107 do prawdy \u2014 m\u00f3wi\u0142 Kaczy\u0144ski, proponuj\u0105c powo\u0142anie komisji zaufania publicznego z\u0142o\u017conej z 15 ekspert\u00f3w.Afera Zondacrypto. \u015aledczy prowadz\u0105 dzia\u0142ania<\/p>\n<p>Post\u0119powanie w sprawie gie\u0142dy kryptowalut Zondacrypto zosta\u0142o wszcz\u0119te przez Prokuratur\u0119 Regionaln\u0105 w Katowicach 17 kwietnia br. pod k\u0105tem oszustw znacznej warto\u015bci i prania brudnych pieni\u0119dzy. Dotychczas wp\u0142yn\u0119\u0142o kilka tysi\u0119cy zawiadomie\u0144 o przest\u0119pstwie.<\/p>\n<p>O co dok\u0142adnie chodzi w aferze Zondacrypto [WYJA\u015aNIAMY]<img class=\"ods-a-photo ods-a-photo--background\" src=\"https:\/\/www.europesays.com\/pl\/wp-content\/uploads\/2026\/09\/45Wk9lBaHR0cHM6Ly9vY2RuLmV1L3B1bHNjbXMvTURBXy85MDMzNTYwMmI3MTczYjkyYWUyN2I3MmM1ODA3OGE2ZC5qcGeRlQLNA.jpeg\" height=\"253\" width=\"450\" alt=\"By\u0142y szef Zondacrypto Przemys\u0142aw Kral\" loading=\"lazy\" fetchpriority=\"low\" decoding=\"async\"\/><\/p>\n<p>Na pocz\u0105tku sierpnia br. \u015bledztwo w sprawie Zondacrypto zosta\u0142o po\u0142\u0105czone z post\u0119powaniem w \u015bl\u0105skim wydziale Prokuratury Krajowej, zwi\u0105zanym z zagini\u0119ciem Sylwestra Suszka \u2014 za\u0142o\u017cyciela poprzedniczki Zondacrypto, gie\u0142dy kryptowalut BitBay. Suszek znikn\u0105\u0142 w marcu 2022 r. Po\u0142\u0105czone \u015bledztwo prowadzi obecnie \u015bl\u0105ski wydzia\u0142 PK.<\/p>\n","protected":false},"excerpt":{"rendered":"Jaros\u0142aw Kaczy\u0144ski we wtorkowe popo\u0142udnie spotka\u0142 si\u0119 z przedstawicielami medi\u00f3w. \u2014 Mamy do czynienia z czym\u015b, co jest&hellip;\n","protected":false},"author":2,"featured_media":661759,"comment_status":"","ping_status":"","sticky":false,"template":"","format":"standard","meta":{"footnotes":"","_share_on_mastodon":"0"},"categories":[62713],"tags":[61195,1345,422,49,15327,48,46,529,6571,47,17994],"class_list":["post-661758","post","type-post","status-publish","format-standard","has-post-thumbnail","category-donald-tusk","tag-bottomfeed_styl","tag-donald-tusk","tag-jaroslaw_kaczynski","tag-kraj","tag-kryptowaluta","tag-nat_styl","tag-omp","tag-pis","tag-polityka_politycy","tag-screening_general","tag-zondacrypto"],"share_on_mastodon":{"url":"https:\/\/pubeurope.com\/@pl\/117200082937535129","error":""},"_links":{"self":[{"href":"https:\/\/www.europesays.com\/pl\/wp-json\/wp\/v2\/posts\/661758","targetHints":{"allow":["GET"]}}],"collection":[{"href":"https:\/\/www.europesays.com\/pl\/wp-json\/wp\/v2\/posts"}],"about":[{"href":"https:\/\/www.europesays.com\/pl\/wp-json\/wp\/v2\/types\/post"}],"author":[{"embeddable":true,"href":"https:\/\/www.europesays.com\/pl\/wp-json\/wp\/v2\/users\/2"}],"replies":[{"embeddable":true,"href":"https:\/\/www.europesays.com\/pl\/wp-json\/wp\/v2\/comments?post=661758"}],"version-history":[{"count":0,"href":"https:\/\/www.europesays.com\/pl\/wp-json\/wp\/v2\/posts\/661758\/revisions"}],"wp:featuredmedia":[{"embeddable":true,"href":"https:\/\/www.europesays.com\/pl\/wp-json\/wp\/v2\/media\/661759"}],"wp:attachment":[{"href":"https:\/\/www.europesays.com\/pl\/wp-json\/wp\/v2\/media?parent=661758"}],"wp:term":[{"taxonomy":"category","embeddable":true,"href":"https:\/\/www.europesays.com\/pl\/wp-json\/wp\/v2\/categories?post=661758"},{"taxonomy":"post_tag","embeddable":true,"href":"https:\/\/www.europesays.com\/pl\/wp-json\/wp\/v2\/tags?post=661758"}],"curies":[{"name":"wp","href":"https:\/\/api.w.org\/{rel}","templated":true}]}}