{"id":661768,"date":"2026-09-02T06:51:25","date_gmt":"2026-09-02T06:51:25","guid":{"rendered":"https:\/\/www.europesays.com\/pl\/661768\/"},"modified":"2026-09-02T06:51:25","modified_gmt":"2026-09-02T06:51:25","slug":"zuzlowa-sroda-w-lublinie-start-finalowej-czesci-mistrzostw-trzech-polakow-pojedzie-w-danii","status":"publish","type":"post","link":"https:\/\/www.europesays.com\/pl\/661768\/","title":{"rendered":"\u017bu\u017clowa \u015broda. W Lublinie start fina\u0142owej cz\u0119\u015bci mistrzostw. Trzech Polak\u00f3w pojedzie w Danii"},"content":{"rendered":"\n<p class=\"contentpart contentpart--default contentpart--text\" data-position=\"0\">Po wielu, wielu tygodniach rywalizacji w fina\u0142owej czw\u00f3rce <a href=\"https:\/\/sportowefakty.wp.pl\/zuzel\/mdmp\" rel=\"nofollow noopener\" target=\"_blank\">Dru\u017cynowych Mistrzostw Polski Junior\u00f3w<\/a>\u00a0znalaz\u0142y si\u0119 dru\u017cyny z Bydgoszczy, Gorzowa, Lublina i Torunia. Na cztery \u015brody we wrze\u015bniu zaplanowano fina\u0142owe turnieje, po kt\u00f3rych rozdane zostan\u0105 medale.<\/p>\n<p class=\"contentpart contentpart--default contentpart--text\" data-position=\"1\">Pierwszy przystanek to Lublin, gdzie rywalizacja odb\u0119dzie si\u0119 w \u015brodowe popo\u0142udnie. Dodajmy, \u017ce patronem fina\u0142owego cyklu jest w tym sezonie <a href=\"https:\/\/sportowefakty.wp.pl\/zuzel\/marian-spychala\" rel=\"nofollow noopener\" target=\"_blank\">Marian Spycha\u0142a<\/a>.<\/p>\n<p>  <img decoding=\"async\" src=\"https:\/\/v.wpimg.pl\/X3dwLnN2d1IFFTpdYUl6R0ZNbgcnEHQREVV2TGEGbUtRT2MdOlZ2RBQUKABgQjQcDRotCStBd1IAAWMeIlM7VgwYIAorQAdEFFk_GCkQJQ\" alt=\"\" width=\"45\" height=\"58\" loading=\"lazy\"\/>  <\/p>\n<p class=\"contentpart contentpart--default contentpart--text\" data-position=\"2\">Awizowane sk\u0142ady:<\/p>\n<p class=\"contentpart contentpart--default contentpart--text\" data-position=\"3\"><a href=\"https:\/\/sportowefakty.wp.pl\/zuzel\/motor-lublin\" rel=\"nofollow noopener\" target=\"_blank\">Motor Lublin<\/a>: 1. Micha\u0142 Psiuk, 2. Bartosz Ba\u0144bor, 3. Bartosz Jaworski, 4. Karol Szmyd<\/p>\n<p class=\"contentpart contentpart--default contentpart--text\" data-position=\"4\"><a href=\"https:\/\/sportowefakty.wp.pl\/zuzel\/polonia-bydgoszcz\" rel=\"nofollow noopener\" target=\"_blank\">Abramczyk Polonia Bydgoszcz<\/a>: 5. Maksymilian Pawe\u0142czak, 6. Emil Maroszek, 7. Kacper Andrzejewski, 8. Maksymilian Kostera<\/p>\n<p class=\"contentpart contentpart--default contentpart--text\" data-position=\"5\"><a href=\"https:\/\/sportowefakty.wp.pl\/zuzel\/get-well-apro-torun\" rel=\"nofollow noopener\" target=\"_blank\">KS Toru\u0144<\/a>: 9. Bartosz Derek, 10. Antoni Kawczy\u0144ski, 11. Miko\u0142aj Duchi\u0144ski, 12. Jan Heleniak<\/p>\n<p class=\"contentpart contentpart--default contentpart--text\" data-position=\"6\"><a href=\"https:\/\/sportowefakty.wp.pl\/zuzel\/budnex-stal-gorzow\" rel=\"nofollow noopener\" target=\"_blank\">Budnex Stal Gorz\u00f3w<\/a>: 13. Oskar Paluch, 14. Igor Kordun, 15. Kacper Sobkowiak, 16. Oskar Chat\u0142as, 20. Hubert Jab\u0142o\u0144ski<\/p>\n<p>  <img decoding=\"async\" src=\"https:\/\/v.wpimg.pl\/X3dwLnN2d1IFFTpdYUl6R0ZNbgcnEHQREVV2TGEGbUtRT2MdOlZ2RBQUKABgQjQcDRotCStBd1IAAWMeIlM7VgwYIAorQAdEFFk_GCkQJQ\" alt=\"\" width=\"45\" height=\"58\" loading=\"lazy\"\/>   <\/p>\n<p class=\"contentpart contentpart--default contentpart--text\" data-position=\"8\">ZOBACZ WIDEO: &#8222;Nie chce by\u0107 frajerem&#8221;. Prezes PGE Ekstraligi nie gryz\u0142 si\u0119 w j\u0119zyk<\/p>\n<p class=\"contentpart contentpart--default contentpart--text\" data-position=\"10\">Do \u015bcigania w \u015brod\u0119 dojdzie w Danii, gdzie odb\u0119dzie si\u0119 przedostatnie spotkania w fazie zasadniczej <a href=\"https:\/\/sportowefakty.wp.pl\/zuzel\/liga-dunska\" rel=\"nofollow noopener\" target=\"_blank\">SpeedwayLigaen<\/a>. Na ten dzie\u0144 planowane by\u0142y dwa mecze, ale ten pomi\u0119dzy Region Varde Elitesport a Slangerup Speedway odb\u0119dzie si\u0119 ostatecznie w innym terminie.<\/p>\n<p class=\"contentpart contentpart--default contentpart--text\" data-position=\"11\">Tym samym jedyne zawody b\u0119d\u0105 mie\u0107 miejsce w Brovst i to z udzia\u0142em trzech polskich zawodnik\u00f3w. W szeregach gospodarzy po raz kolejny znalaz\u0142 si\u0119 <a href=\"https:\/\/sportowefakty.wp.pl\/zuzel\/wiktor-jasinski\" rel=\"nofollow noopener\" target=\"_blank\">Wiktor Jasi\u0144ski<\/a>, z kolei w\u015br\u00f3d go\u015bci do je\u017cd\u017c\u0105cego ju\u017c wcze\u015bniej <a href=\"https:\/\/sportowefakty.wp.pl\/zuzel\/oskar-polis\" rel=\"nofollow noopener\" target=\"_blank\">Oskara Polisa<\/a>\u00a0do\u0142\u0105czy\u0142 <a href=\"https:\/\/sportowefakty.wp.pl\/zuzel\/eryk-kaminski\" rel=\"nofollow noopener\" target=\"_blank\">Eryk Kami\u0144ski<\/a>.<\/p>\n<p>  <img decoding=\"async\" src=\"https:\/\/v.wpimg.pl\/X3dwLnN2d1IFFTpdYUl6R0ZNbgcnEHQREVV2TGEGbUtRT2MdOlZ2RBQUKABgQjQcDRotCStBd1IAAWMeIlM7VgwYIAorQAdEFFk_GCkQJQ\" alt=\"\" width=\"45\" height=\"58\" loading=\"lazy\"\/>  <\/p>\n<p class=\"contentpart contentpart--default contentpart--text\" data-position=\"12\">Niemal pewne jest, \u017ce go\u015bcie z Grindsted obroni\u0105 w rewan\u017cowej potyczce z Nordjysk punkt bonusowy, a to da im prawo gospodarza turnieju p\u00f3\u0142fina\u0142owego ligi du\u0144skiej (16 wrze\u015bnia) z uwagi na awans na trzecie miejsce w tabeli podstawowej cz\u0119\u015bci sezonu.<\/p>\n<p class=\"contentpart contentpart--default contentpart--text\" data-position=\"13\"><a href=\"https:\/\/sportowefakty.wp.pl\/zuzel\/nordjysk-elite-speedway\" rel=\"nofollow noopener\" target=\"_blank\">Nordjysk Elite Speedway<\/a>\u00a0&#8211; <a href=\"https:\/\/sportowefakty.wp.pl\/zuzel\/grindsted\" rel=\"nofollow noopener\" target=\"_blank\">GSK Liga<\/a><\/p>\n<p class=\"contentpart contentpart--default contentpart--text\" data-position=\"14\">Brovst:\u00a01. Rohan Tungate, 2. Esben Hjerrild, 3. Tomas H. Jonasson, 4. Dimitri Buch, 5. Wiktor Jasi\u0144ski<\/p>\n<p class=\"contentpart contentpart--default contentpart--text\" data-position=\"15\">Grindsted: 1. Tim Soerensen, 2. Oskar Polis, 3. Eryk Kami\u0144ski, 4. Rune Thorst, 5. Thomas Kring<\/p>\n<p class=\"contentpart contentpart--default contentpart--text\" data-position=\"16\">Pierwszy mecz: 61:23 dla GSK Liga<\/p>\n<p>Nasza relacja:<\/p>\n<p> <a href=\"https:\/\/sportowefakty.wp.pl\/zuzel\/relacja-na-zywo\/176546\/nordjysk-elite-speedway-gsk-liga-live\" class=\"box\" rel=\"nofollow noopener\" target=\"_blank\">  <\/p>\n<p>02.09.2026 18:30<\/p>\n<p>SpeedwayLigaen<\/p>\n<p>    <img decoding=\"async\" src=\"https:\/\/www.europesays.com\/pl\/wp-content\/uploads\/2026\/09\/NTY4Ny5wYTU4VjhKGgxsIHsObBBcVWJ2LBZ0WxpDdixtDGEKUwA-ei5ELR1bWT44dkAvHkZYeGRuVy9LABJ9YW4ALUpqR3xlbQF4.jpeg\" alt=\"Nordjysk Elite Speedway\" width=\"48\" height=\"48\" loading=\"lazy\"\/> <\/p>\n<p> Nordjysk Elite Speedway <\/p>\n<p>    <img decoding=\"async\" src=\"https:\/\/www.europesays.com\/pl\/wp-content\/uploads\/2026\/09\/OTM3OC5wYDUsUTlwGgxtIG8JbSpcVWN2OBF1YRpDdyx5C2AwUwA_ejpDLCdbWT84YkcuJEZYemR8BXkmARZ7Y3UGenBqRXpidQp8.png\" alt=\"GSK Liga\" width=\"48\" height=\"48\" loading=\"lazy\"\/> <\/p>\n<p> GSK Liga <\/p>\n<p>   <\/a>   <img decoding=\"async\" src=\"https:\/\/v.wpimg.pl\/X3dwLnN2d1IFFTpdYUl6R0ZNbgcnEHQREVV2TGEGbUtRT2MdOlZ2RBQUKABgQjQcDRotCStBd1IAAWMeIlM7VgwYIAorQAdEFFk_GCkQJQ\" alt=\"\" width=\"45\" height=\"58\" loading=\"lazy\"\/>  <\/p>\n<p class=\"contentpart contentpart--default contentpart--text\" data-position=\"18\">Tabela SpeedwayLigaen 2026:<\/p>\n<p>     #Dru\u017cynaMRBWRP+\/-Pkt        1    Sonderjylland Elite  14  7  11  1  2  85  30      2    <a href=\"https:\/\/sportowefakty.wp.pl\/zuzel\/fjelsted\" rel=\"nofollow noopener\" target=\"_blank\">Team Fjelsted<\/a>  14  5  10  1  3  88  26      3    <a href=\"https:\/\/sportowefakty.wp.pl\/zuzel\/holsted\" rel=\"nofollow noopener\" target=\"_blank\">Holsted Tigers<\/a>  14  4  8  0  6  42  20      4    <a href=\"https:\/\/sportowefakty.wp.pl\/zuzel\/grindsted\" rel=\"nofollow noopener\" target=\"_blank\">GSK Liga<\/a>  13  3  8  1  4  77  20      5    <a href=\"https:\/\/sportowefakty.wp.pl\/zuzel\/esbjerg\" rel=\"nofollow noopener\" target=\"_blank\">Esbjerg Vikings<\/a>  14  4  6  0  8  7  16      6    Slangerup  13  2  4  2  7  -26  12      7    Region Varde  13  1  2  0  11  -76  5      8    Nordyjsk Elite Speed  13   2  1  10  -205  5      <\/p>\n","protected":false},"excerpt":{"rendered":"Po wielu, wielu tygodniach rywalizacji w fina\u0142owej czw\u00f3rce Dru\u017cynowych Mistrzostw Polski Junior\u00f3w\u00a0znalaz\u0142y si\u0119 dru\u017cyny z Bydgoszczy, Gorzowa, Lublina&hellip;\n","protected":false},"author":2,"featured_media":661769,"comment_status":"","ping_status":"","sticky":false,"template":"","format":"standard","meta":{"footnotes":"","_share_on_mastodon":"0"},"categories":[51612],"tags":[883,80145,884,57616,37163,3404,57624,1081,3364,33749,37162,42,38,40,39,41,3831,13252,33253,4102,174],"class_list":["post-661768","post","type-post","status-publish","format-standard","has-post-thumbnail","category-lublin","tag-abramczyk-polonia-bydgoszcz","tag-budnex-stal-gorzow","tag-dmpj","tag-eryk-kaminski","tag-gsk-liga","tag-krajowa-liga-zuzlowa","tag-ks-torun","tag-lublin","tag-motor-lublin","tag-nordjysk-elite-speedway","tag-oskar-polis","tag-pl","tag-poland","tag-polish","tag-polska","tag-polski","tag-pozostale-rozgrywki","tag-speedwayligaen","tag-wiktor-jasinski","tag-wybrzeze-gdansk","tag-zuzel"],"share_on_mastodon":{"url":"https:\/\/pubeurope.com\/@pl\/117200126367276231","error":""},"_links":{"self":[{"href":"https:\/\/www.europesays.com\/pl\/wp-json\/wp\/v2\/posts\/661768","targetHints":{"allow":["GET"]}}],"collection":[{"href":"https:\/\/www.europesays.com\/pl\/wp-json\/wp\/v2\/posts"}],"about":[{"href":"https:\/\/www.europesays.com\/pl\/wp-json\/wp\/v2\/types\/post"}],"author":[{"embeddable":true,"href":"https:\/\/www.europesays.com\/pl\/wp-json\/wp\/v2\/users\/2"}],"replies":[{"embeddable":true,"href":"https:\/\/www.europesays.com\/pl\/wp-json\/wp\/v2\/comments?post=661768"}],"version-history":[{"count":0,"href":"https:\/\/www.europesays.com\/pl\/wp-json\/wp\/v2\/posts\/661768\/revisions"}],"wp:featuredmedia":[{"embeddable":true,"href":"https:\/\/www.europesays.com\/pl\/wp-json\/wp\/v2\/media\/661769"}],"wp:attachment":[{"href":"https:\/\/www.europesays.com\/pl\/wp-json\/wp\/v2\/media?parent=661768"}],"wp:term":[{"taxonomy":"category","embeddable":true,"href":"https:\/\/www.europesays.com\/pl\/wp-json\/wp\/v2\/categories?post=661768"},{"taxonomy":"post_tag","embeddable":true,"href":"https:\/\/www.europesays.com\/pl\/wp-json\/wp\/v2\/tags?post=661768"}],"curies":[{"name":"wp","href":"https:\/\/api.w.org\/{rel}","templated":true}]}}