{"id":661778,"date":"2026-09-02T06:56:16","date_gmt":"2026-09-02T06:56:16","guid":{"rendered":"https:\/\/www.europesays.com\/pl\/661778\/"},"modified":"2026-09-02T06:56:16","modified_gmt":"2026-09-02T06:56:16","slug":"wroclaw-nawet-25-minut-dluzej-pociagi-zmienia-kierunek","status":"publish","type":"post","link":"https:\/\/www.europesays.com\/pl\/661778\/","title":{"rendered":"Wroc\u0142aw nawet 25 minut d\u0142u\u017cej. Poci\u0105gi zmieni\u0105 kierunek"},"content":{"rendered":"<p style=\"text-align: justify;\">Pasa\u017cerowie podr\u00f3\u017cuj\u0105cy pomi\u0119dzy stolic\u0105 a Dolnym \u015al\u0105skiem musz\u0105 przygotowa\u0107 si\u0119 na d\u0142u\u017csz\u0105 jazd\u0119. Poci\u0105gi PKP Intercity kursuj\u0105ce na trasie Warszawa \u2013 Wroc\u0142aw przez Ostr\u00f3w Wielkopolski i \u0141\u00f3d\u017a b\u0119d\u0105 potrzebowa\u0142y na pokonanie trasy nawet o 25 minut wi\u0119cej. Powodem s\u0105 prace infrastrukturalne w rejonie Ole\u015bnicy, kt\u00f3re wymusz\u0105 zmian\u0119 organizacji ruchu. Utrudnienia obejm\u0105 r\u00f3wnie\u017c poci\u0105gi jad\u0105ce w d\u0142u\u017cszych relacjach, w tym sk\u0142ady kursuj\u0105ce na trasie Wroc\u0142aw G\u0142\u00f3wny \u2013 Bia\u0142ystok.<\/p>\n<p>Poci\u0105gi Warszawa \u2013 Wroc\u0142aw pojad\u0105 przez Ole\u015bnic\u0119<\/p>\n<p style=\"text-align: justify;\">\u0179r\u00f3d\u0142em zmian jest remont sieci trakcyjnej na linii nr 766 \u0141ukan\u00f3w \u2013 D\u0105browa Ole\u015bnicka. Kr\u00f3tka \u0142\u0105cznica pozwala poci\u0105gom omin\u0105\u0107 stacj\u0119 <a href=\"https:\/\/obserwatorlogistyczny.pl\/tag\/olesnica\" rel=\"nofollow noopener\" target=\"_blank\">Ole\u015bnica<\/a>, ale podczas prowadzonych prac nie b\u0119dzie mog\u0142a by\u0107 wykorzystywana. W efekcie, kursuj\u0105ce na trasie <a href=\"https:\/\/obserwatorlogistyczny.pl\/tag\/warszawa\" rel=\"nofollow noopener\" target=\"_blank\">Warszawa<\/a> \u2013 <a href=\"https:\/\/obserwatorlogistyczny.pl\/tag\/wroclaw\" rel=\"nofollow noopener\" target=\"_blank\">Wroc\u0142aw<\/a>, poci\u0105gi PKP Intercity zostan\u0105 skierowane przez Ole\u015bnic\u0119 liniami nr 143 i 281.\u00a0<\/p>\n<p style=\"text-align: justify;\">Zarz\u0105dca infrastruktury b\u0119dzie prowadzi\u0142 remont sieci trakcyjnej na linii nr 766 \u0141ukan\u00f3w \u2013 D\u0105browa Ole\u015bnicka \u2013 wyja\u015bnia Marta Ziemska z Biura Prasowego PKP\u00a0Intercity.<\/p>\n<p style=\"text-align: center;\">Czytaj te\u017c: <a href=\"https:\/\/obserwatorlogistyczny.pl\/2026\/08\/20\/pendolino-z-predkoscia-250-km-h-historyczny-krok-na-centralnej-magistrali-kolejowej\/\" rel=\"nofollow noopener\" target=\"_blank\">Pendolino z pr\u0119dko\u015bci\u0105 250 km\/h. Historyczny krok na Centralnej Magistrali Kolejowej<\/a><\/p>\n<p><a data-no-instant=\"1\" href=\"https:\/\/evenea.pl\/wydarzenie\/plako-systems-bhp-summit-challenge-buduj-magazyn-przyszlosci-bez-ryzyka-operacyjnego-x8xqijrq\" rel=\"noopener nofollow\" class=\"a2t-link\" target=\"_blank\" aria-label=\"PLAKO Systems BHP SUMMIT(5)\"><img loading=\"lazy\" decoding=\"async\" src=\"https:\/\/www.europesays.com\/pl\/wp-content\/uploads\/2026\/09\/PLAKO-Systems-BHP-SUMMIT5.png\" alt=\"\"   width=\"1280\" height=\"720\"\/><\/a><\/p>\n<p style=\"text-align: justify;\">Sama zmiana przebiegu trasy nie jest jednak jedyn\u0105 przyczyn\u0105 wyd\u0142u\u017cenia podr\u00f3\u017cy. Na stacji Ole\u015bnica konieczna b\u0119dzie bowiem zmiana czo\u0142a, czyli kierunku jazdy <a href=\"https:\/\/obserwatorlogistyczny.pl\/tag\/pociagi\" rel=\"nofollow noopener\" target=\"_blank\">poci\u0105gu<\/a>. Operacja ta wymaga dodatkowego czasu, kt\u00f3rego d\u0142ugo\u015b\u0107 b\u0119dzie zale\u017ca\u0142a mi\u0119dzy innymi od rodzaju pojazdu obs\u0142uguj\u0105cego dane po\u0142\u0105czenie. Sprawniej b\u0119dzie mo\u017cna przeprowadzi\u0107 j\u0105 w przypadku elektrycznych zespo\u0142\u00f3w trakcyjnych. Wi\u0119cej czasu potrzeba natomiast przy klasycznych sk\u0142adach wagonowych.<\/p>\n<p style=\"text-align: justify;\">Czas przejazdu poci\u0105g\u00f3w wyd\u0142u\u017cy si\u0119 wi\u0119c o ok. 15-25 min w zale\u017cno\u015bci od typu taboru i sytuacji ruchowej w danej porze doby \u2013 zapowiada przedstawicielka PKP Intercity.<\/p>\n<p style=\"text-align: justify;\">Zmiana trasy oznacza r\u00f3wnie\u017c dodatkowy post\u00f3j handlowy. Poci\u0105gi dalekobie\u017cne zatrzymaj\u0105 si\u0119 na stacji Ole\u015bnica, a jednocze\u015bnie zachowany zostanie dotychczasowy przystanek Ole\u015bnica Rataje. Tym samym podczas jednego przejazdu przez miasto sk\u0142ady <a href=\"https:\/\/obserwatorlogistyczny.pl\/tag\/intercity\" rel=\"nofollow noopener\" target=\"_blank\">PKP Intercity<\/a> b\u0119d\u0105 zatrzymywa\u0142y si\u0119 w Ole\u015bnicy dwukrotnie. Najwa\u017cniejsz\u0105 konsekwencj\u0105 dla podr\u00f3\u017cnych b\u0119dzie jednak d\u0142u\u017cszy czas przejazdu. W zale\u017cno\u015bci od konkretnego kursu, wykorzystywanego taboru oraz sytuacji na sieci kolejowej podr\u00f3\u017c mo\u017ce wyd\u0142u\u017cy\u0107 si\u0119 o oko\u0142o 15 do 25 minut.\u00a0<\/p>\n<p>Inne trasy bez wi\u0119kszych zmian<\/p>\n<p style=\"text-align: justify;\">Nale\u017cy pami\u0119ta\u0107, \u017ce zmiany dotycz\u0105 po\u0142\u0105cze\u0144 <a href=\"https:\/\/obserwatorgospodarczy.pl\/tag\/wroclaw\" rel=\"nofollow noopener\" target=\"_blank\">Wroc\u0142aw<\/a> \u2013 <a href=\"https:\/\/obserwatorgospodarczy.pl\/tag\/warszawa\" rel=\"nofollow noopener\" target=\"_blank\">Warszawa<\/a> prowadzonych przez Ostr\u00f3w Wielkopolski i \u0141\u00f3d\u017a. Nie oznaczaj\u0105 natomiast ograniczenia oferty przewo\u017anika. Pasa\u017cerowie maj\u0105 bowiem do dyspozycji inne warianty przejazdu pomi\u0119dzy Wroc\u0142awiem a Warszaw\u0105. Poci\u0105gi kursuj\u0105 m.in. przez <a href=\"https:\/\/obserwatorlogistyczny.pl\/tag\/poznan\" rel=\"nofollow noopener\" target=\"_blank\">Pozna\u0144<\/a> i <a href=\"https:\/\/obserwatorlogistyczny.pl\/tag\/kutno\" rel=\"nofollow noopener\" target=\"_blank\">Kutno<\/a> oraz przez <a href=\"https:\/\/obserwatorlogistyczny.pl\/tag\/opole\" rel=\"nofollow noopener\" target=\"_blank\">Opole<\/a>. W przypadku po\u0142\u0105cze\u0144 omijaj\u0105cych \u0141\u00f3d\u017a nie s\u0105 przewidywane wi\u0119ksze zmiany czasu przejazdu.\u00a0<\/p>\n<p style=\"text-align: center;\">Czytaj te\u017c: <a href=\"https:\/\/obserwatorgospodarczy.pl\/2026\/08\/30\/deficyt-budzetowy-2027-bije-kolejne-rekordy-rzad-odkrywa-karty\/\" rel=\"nofollow noopener\" target=\"_blank\">Deficyt bud\u017cetowy na 2027 rok bije kolejne rekordy. Rz\u0105d odkrywa karty<\/a><\/p>\n<p style=\"text-align: justify;\">Nie zmieni si\u0119 tak\u017ce liczba kurs\u00f3w na tych trasach. Oznacza to, \u017ce prowadzone prace nie spowoduj\u0105 ani zwi\u0119kszenia, ani zmniejszenia cz\u0119stotliwo\u015bci po\u0142\u0105cze\u0144 pomi\u0119dzy Wroc\u0142awiem a Warszaw\u0105. Utrudnienia zwi\u0105zane z wy\u0142\u0105czeniem linii nr 766 maj\u0105 obowi\u0105zywa\u0107 do 16 listopada. Do tego czasu pasa\u017cerowie korzystaj\u0105cy z po\u0142\u0105cze\u0144 prowadz\u0105cych przez <a href=\"https:\/\/obserwatorgospodarczy.pl\/tag\/lodz\" rel=\"nofollow noopener\" target=\"_blank\">\u0141\u00f3d\u017a<\/a> powinni uwzgl\u0119dni\u0107 w planowaniu podr\u00f3\u017cy dodatkowe kilkana\u015bcie, a w niekt\u00f3rych przypadkach nawet 25 minut.<\/p>\n<p><a href=\"https:\/\/obserwatorlogistyczny.pl\/2026\/08\/27\/pociagi-na-hel-przez-caly-rok-intercity-ma-ambitny-plan\/\" rel=\"nofollow noopener\" target=\"_blank\">Poci\u0105gi na Hel przez ca\u0142y rok? Intercity ma ambitny plan<\/a><\/p>\n<p style=\"text-align: justify;\">\n<a href=\"https:\/\/news.google.com\/publications\/CAAqNggKIjBDQklTSGdnTWFob0tHRzlpYzJWeWQyRjBiM0pzYjJkcGMzUjVZM3B1ZVM1d2JDZ0FQAQ?ceid=PL:pl&amp;oc=3\" target=\"_blank\" rel=\"nofollow noopener\">Znajdziesz nas w Google News<\/a>\n\t\t\t<\/p>\n","protected":false},"excerpt":{"rendered":"Pasa\u017cerowie podr\u00f3\u017cuj\u0105cy pomi\u0119dzy stolic\u0105 a Dolnym \u015al\u0105skiem musz\u0105 przygotowa\u0107 si\u0119 na d\u0142u\u017csz\u0105 jazd\u0119. Poci\u0105gi PKP Intercity kursuj\u0105ce na&hellip;\n","protected":false},"author":2,"featured_media":661779,"comment_status":"","ping_status":"","sticky":false,"template":"","format":"standard","meta":{"footnotes":"","_share_on_mastodon":"0"},"categories":[51607],"tags":[1201,1205,4587,3652,6854,1200,1195,42,12015,38,40,39,41,31664,435,1853],"class_list":["post-661778","post","type-post","status-publish","format-standard","has-post-thumbnail","category-wroclaw","tag-intercity","tag-kolej","tag-koleje","tag-lodz","tag-olesnica","tag-pkp","tag-pkp-intercity","tag-pl","tag-pociagi","tag-poland","tag-polish","tag-polska","tag-polski","tag-transport-kolejowy","tag-warszawa","tag-wroclaw"],"share_on_mastodon":{"url":"https:\/\/pubeurope.com\/@pl\/117200144857206267","error":""},"_links":{"self":[{"href":"https:\/\/www.europesays.com\/pl\/wp-json\/wp\/v2\/posts\/661778","targetHints":{"allow":["GET"]}}],"collection":[{"href":"https:\/\/www.europesays.com\/pl\/wp-json\/wp\/v2\/posts"}],"about":[{"href":"https:\/\/www.europesays.com\/pl\/wp-json\/wp\/v2\/types\/post"}],"author":[{"embeddable":true,"href":"https:\/\/www.europesays.com\/pl\/wp-json\/wp\/v2\/users\/2"}],"replies":[{"embeddable":true,"href":"https:\/\/www.europesays.com\/pl\/wp-json\/wp\/v2\/comments?post=661778"}],"version-history":[{"count":0,"href":"https:\/\/www.europesays.com\/pl\/wp-json\/wp\/v2\/posts\/661778\/revisions"}],"wp:featuredmedia":[{"embeddable":true,"href":"https:\/\/www.europesays.com\/pl\/wp-json\/wp\/v2\/media\/661779"}],"wp:attachment":[{"href":"https:\/\/www.europesays.com\/pl\/wp-json\/wp\/v2\/media?parent=661778"}],"wp:term":[{"taxonomy":"category","embeddable":true,"href":"https:\/\/www.europesays.com\/pl\/wp-json\/wp\/v2\/categories?post=661778"},{"taxonomy":"post_tag","embeddable":true,"href":"https:\/\/www.europesays.com\/pl\/wp-json\/wp\/v2\/tags?post=661778"}],"curies":[{"name":"wp","href":"https:\/\/api.w.org\/{rel}","templated":true}]}}