{"id":661784,"date":"2026-09-02T06:59:22","date_gmt":"2026-09-02T06:59:22","guid":{"rendered":"https:\/\/www.europesays.com\/pl\/661784\/"},"modified":"2026-09-02T06:59:22","modified_gmt":"2026-09-02T06:59:22","slug":"czy-polska-powinna-przekazac-ukrainie-pociski-patriot-zdecydowana-odpowiedz-sondaz-2","status":"publish","type":"post","link":"https:\/\/www.europesays.com\/pl\/661784\/","title":{"rendered":"Czy Polska powinna przekaza\u0107 Ukrainie pociski Patriot? Zdecydowana odpowied\u017a [SONDA\u017b]"},"content":{"rendered":"<p>Dlaczego to wa\u017cne?<\/p>\n<p>Pociski Patriot s\u0105 uwa\u017cane za jedne z kluczowych element\u00f3w obrony Ukrainy przed rosyjskimi pociskami balistycznymi. Prezydent Wo\u0142odymyr Ze\u0142enski zauwa\u017cy\u0142 w sierpniu, \u017ce dostawy amunicji od partner\u00f3w zachodnich w pierwszej po\u0142owie 2026 r. zmniejszy\u0142y si\u0119 trzykrotnie w por\u00f3wnaniu z analogicznym okresem ubieg\u0142ego roku.<\/p>\n<p>W ostatnich miesi\u0105cach Ukraina apelowa\u0142a o zwi\u0119kszenie liczby system\u00f3w obrony powietrznej, twierdz\u0105c, \u017ce kurcz\u0105ce si\u0119 zapasy nie powstrzymaj\u0105 nasilaj\u0105cych si\u0119 atak\u00f3w Moskwy. Kij\u00f3w szczeg\u00f3lnie poszukuje wi\u0119kszych dostaw pocisk\u00f3w Patriot, na kt\u00f3re wzros\u0142o zapotrzebowanie z powodu wojny USA z Iranem, trwaj\u0105cej od prze\u0142omu lutego i marca.<\/p>\n<p>Zemsta Putina. Rosja chce urz\u0105dzi\u0107 Ukrainie &#8222;zim\u0119 ciemno\u015bci&#8221;<\/p>\n<p class=\"ods-o-frame-in-text__paragraph\"><a href=\"https:\/\/wiadomosci.onet.pl\/swiat\/moskwa-zapowiada-zime-ciemnosci-najgorsze-moze-dopiero-nadejsc\/l3tsmch?tpcc=202608_bloczek_newsroom\" id=\"1cb64c57-3a5d-4104-ab08-7208e5d950e6\" rel=\"nofollow noopener\" target=\"_blank\">Przeczytaj ca\u0142o\u015b\u0107 artyku\u0142u!<\/a><\/p>\n<p><img class=\"ods-a-photo ods-a-photo--background\" src=\"https:\/\/www.europesays.com\/pl\/wp-content\/uploads\/2026\/09\/Z-3k9lBaHR0cHM6Ly9vY2RuLmV1L3B1bHNjbXMvTURBXy80MzhhYjNkZDNhODI5ZDIyYTlkYTdmYmQxY2JjM2MzYy5qcGeRlQLNA.jpeg\" height=\"298\" width=\"450\" alt=\"W\u0142adimir Putin\" loading=\"lazy\" fetchpriority=\"low\" decoding=\"async\"\/><\/p>\n<p>Jakie s\u0105 wyniki sonda\u017cu?<\/p>\n<p>Pracownia IBRiS na zlecenie Radia Zet zapyta\u0142a Polak\u00f3w &#8222;Czy Pana\/i zdaniem Polska powinna przekaza\u0107 Ukrainie pociski do wyrzutni rakietowych Patriot?&#8221;.<\/p>\n<p>\u0141\u0105cznie za takim rozwi\u0105zaniem jest 21,6 proc. badanych. Zdecydowanie za jest 7,2 proc., a raczej na tak \u2014 14,4 proc. ankietowanych.<\/p>\n<p><a href=\"https:\/\/www.onet.pl\/\" title=\"Strona G\u0142\u00f3wna\" aria-label=\"Strona G\u0142\u00f3wna\" data-astro-prefetch=\"tap\" class=\"ods-a-logo-main-desktop\" rel=\"nofollow noopener\" target=\"_blank\"><img src=\"https:\/\/cdn.wiadomosci.onet.pl\/img\/Logo_desktop_Onet.svg\" class=\"ods-a-logo-main-desktop__image\" alt=\"Logo\" width=\"107\" height=\"60\" fetchpriority=\"high\" decoding=\"sync\" style=\"height:60px\"\/><\/a><\/p>\n<p class=\"ods-m-google-article__text\">Czytaj nas cz\u0119\u015bciej w Google<\/p>\n<p><a href=\"https:\/\/google.com\/preferences\/source?q=onet.pl\" target=\"_blank\" rel=\"noopener noreferrer nofollow\" aria-label=\"Dodaj w Google\" title=\"Dodaj w Google\" class=\"ods-a-button ods-a-button__primary ods-a-button__default ods-a-button-l\">Dodaj w Google<\/a><\/p>\n<p>Du\u017co wi\u0119cej jest jednak przeciwnik\u00f3w. Odpowiedzi &#8222;raczej nie&#8221; udzieli\u0142o 17,6 proc. os\u00f3b, a &#8222;zdecydowanie nie&#8221; a\u017c 46,8 proc. badanych. \u0141\u0105cznie daje to wi\u0119c 64,4 proc. badanych, kt\u00f3rzy nie chc\u0105, aby Polska przekaza\u0142a Ukrainie pociski Patriot.<\/p>\n<p>14 proc. wskaza\u0142o opcj\u0119 &#8222;nie wiem\/trudno powiedzie\u0107&#8221;.<\/p>\n<p>R\u00f3\u017cnice wida\u0107 mi\u0119dzy wyborcami poszczeg\u00f3lnych partii. W\u015br\u00f3d zwolennik\u00f3w obecnej opozycji a\u017c 82 proc. ankietowanych jest przeciwko takiej formie pomocy Ukrainie. Z kolei w\u015br\u00f3d wyborc\u00f3w rz\u0105dz\u0105cej koalicji wynik ten wynosi 35 proc.<\/p>\n<p>Og\u00f3lnopolskie badanie IBRiS dla Radia ZET zrealizowano w dniach 21\u201322 lipca 2026 roku metod\u0105 telefonicznych, standaryzowanych wywiad\u00f3w kwestionariuszowych wspomaganych komputerowo (CATI) na reprezentatywnej grupie 1067 respondent\u00f3w.<\/p>\n<p>Zobacz r\u00f3wnie\u017c:<\/p>\n<p>Opracowanie:Dominik Pinkowski<\/p>\n<p>Data utworzenia:2 wrze\u015bnia 2026, 06:35<\/p>\n","protected":false},"excerpt":{"rendered":"Dlaczego to wa\u017cne? Pociski Patriot s\u0105 uwa\u017cane za jedne z kluczowych element\u00f3w obrony Ukrainy przed rosyjskimi pociskami balistycznymi.&hellip;\n","protected":false},"author":2,"featured_media":661785,"comment_status":"","ping_status":"","sticky":false,"template":"","format":"standard","meta":{"footnotes":"","_share_on_mastodon":"0"},"categories":[12],"tags":[61195,25656,76,49,48,46,10290,55,42,38,40,39,41,47,231,415],"class_list":["post-661784","post","type-post","status-publish","format-standard","has-post-thumbnail","category-polska","tag-bottomfeed_styl","tag-ibris","tag-inwazja_rosji_na_ukraine","tag-kraj","tag-nat_styl","tag-omp","tag-patriot_system_rakietowy","tag-phx","tag-pl","tag-poland","tag-polish","tag-polska","tag-polski","tag-screening_general","tag-sondaze","tag-ukraina"],"share_on_mastodon":{"url":"https:\/\/pubeurope.com\/@pl\/117200157453992192","error":""},"_links":{"self":[{"href":"https:\/\/www.europesays.com\/pl\/wp-json\/wp\/v2\/posts\/661784","targetHints":{"allow":["GET"]}}],"collection":[{"href":"https:\/\/www.europesays.com\/pl\/wp-json\/wp\/v2\/posts"}],"about":[{"href":"https:\/\/www.europesays.com\/pl\/wp-json\/wp\/v2\/types\/post"}],"author":[{"embeddable":true,"href":"https:\/\/www.europesays.com\/pl\/wp-json\/wp\/v2\/users\/2"}],"replies":[{"embeddable":true,"href":"https:\/\/www.europesays.com\/pl\/wp-json\/wp\/v2\/comments?post=661784"}],"version-history":[{"count":0,"href":"https:\/\/www.europesays.com\/pl\/wp-json\/wp\/v2\/posts\/661784\/revisions"}],"wp:featuredmedia":[{"embeddable":true,"href":"https:\/\/www.europesays.com\/pl\/wp-json\/wp\/v2\/media\/661785"}],"wp:attachment":[{"href":"https:\/\/www.europesays.com\/pl\/wp-json\/wp\/v2\/media?parent=661784"}],"wp:term":[{"taxonomy":"category","embeddable":true,"href":"https:\/\/www.europesays.com\/pl\/wp-json\/wp\/v2\/categories?post=661784"},{"taxonomy":"post_tag","embeddable":true,"href":"https:\/\/www.europesays.com\/pl\/wp-json\/wp\/v2\/tags?post=661784"}],"curies":[{"name":"wp","href":"https:\/\/api.w.org\/{rel}","templated":true}]}}