{"id":661804,"date":"2026-09-02T07:09:09","date_gmt":"2026-09-02T07:09:09","guid":{"rendered":"https:\/\/www.europesays.com\/pl\/661804\/"},"modified":"2026-09-02T07:09:09","modified_gmt":"2026-09-02T07:09:09","slug":"atak-w-lipsku-niemcy-oficjalnie-wskazuja-rosje-tusk-reaguje-wprost","status":"publish","type":"post","link":"https:\/\/www.europesays.com\/pl\/661804\/","title":{"rendered":"Atak w Lipsku. Niemcy oficjalnie wskazuj\u0105 Rosj\u0119, Tusk reaguje \u2013 Wprost"},"content":{"rendered":"\n<p>&#13;<br \/>\nNiemiecki rz\u0105d oficjalnie przypisa\u0142 Rosji odpowiedzialno\u015b\u0107 za\u00a0pr\u00f3b\u0119 ataku dronem z\u00a0materia\u0142em wybuchowym na\u00a0lotnisku Lipsk\/Halle. W\u00a0odpowiedzi Berlin zamknie rosyjski konsulat generalny w\u00a0Bonn i\u00a0doprowadzi do\u00a0zako\u0144czenia dzia\u0142alno\u015bci Rosyjskiego Domu w\u00a0stolicy Niemiec. &#13;\n<\/p>\n<p>&#13;<br \/>\nMinister spraw wewn\u0119trznych Alexander Dobrindt przekaza\u0142, \u017ce\u00a0na rosyjsk\u0105 odpowiedzialno\u015b\u0107 wskazuj\u0105 wyniki \u015bledztwa policyjnego, spos\u00f3b przeprowadzenia operacji oraz\u00a0informacje wywiadowcze. Wed\u0142ug niego osoby zaanga\u017cowane w\u00a0przygotowanie ataku dzia\u0142a\u0142y na\u00a0zlecenie rosyjskich s\u0142u\u017cb pa\u0144stwowych. &#13;\n<\/p>\n<p>Berlin zamknie rosyjskie plac\u00f3wki<\/p>\n<p>&#13;<br \/>\nNiemiecki minister spraw zagranicznych Johann Wadephul podkre\u015bli\u0142, \u017ce\u00a0w\u0142adze nie\u00a0traktuj\u0105 zdarzenia w\u00a0Lipsku jako odosobnionego przypadku. Jego zdaniem wpisuje si\u0119 ono w\u00a0szerszy schemat rosyjskich operacji hybrydowych w\u00a0Europie. &#13;\n<\/p>\n<p>&#13;<br \/>\nNiemcy zamkn\u0105 konsulat generalny Rosji w\u00a0Bonn oraz\u00a0zako\u0144cz\u0105 porozumienie dotycz\u0105ce dzia\u0142alno\u015bci Rosyjskiego Domu w\u00a0Berlinie. Rosyjski ambasador zosta\u0142 r\u00f3wnie\u017c wezwany do\u00a0niemieckiego MSZ. &#13;\n<\/p>\n<p>&#13;<br \/>\nBerlin zamierza ponadto zabiega\u0107 w\u00a0Unii Europejskiej o\u00a0kolejne sankcje, ograniczenia wjazdowe dla\u00a0obywateli Rosji oraz\u00a0zwi\u0119kszenie presji na\u00a0rosyjsk\u0105 \u201eflot\u0119 cieni\u201d. Wadephul zapewni\u0142, \u017ce\u00a0Niemcy b\u0119d\u0105 nadal wspiera\u0107 Ukrain\u0119, tak\u017ce militarnie. &#13;\n<\/p>\n<p>Donald Tusk reaguje na\u00a0ustalenia Niemiec<\/p>\n<p>&#13;<br \/>\nDo og\u0142oszonych przez Berlin ustale\u0144 odni\u00f3s\u0142 si\u0119 Donald Tusk. Premier wskaza\u0142, \u017ce\u00a0podobne dzia\u0142ania Rosji dotkn\u0119\u0142y wcze\u015bniej Polsk\u0119, kraje ba\u0142tyckie i\u00a0Rumuni\u0119. \u201eNie damy si\u0119 zastraszy\u0107, a\u00a0nasz\u0105 odpowiedzi\u0105 b\u0119dzie dalsze wsparcie dla\u00a0Ukrainy\u201d \u2013\u00a0napisa\u0142 Tusk. Zapowiedzia\u0142 tak\u017ce koordynacj\u0119 dzia\u0142a\u0144 pa\u0144stw NATO i\u00a0podkre\u015bli\u0142, \u017ce\u00a0\u201eRosja nie\u00a0wygra tej wojny\u201d. &#13;\n<\/p>\n<p>&#13;<br \/>\nPoparcie dla\u00a0niemieckich w\u0142adz wyrazi\u0142 r\u00f3wnie\u017c Rados\u0142aw Sikorski. Szef MSZ oceni\u0142, \u017ce\u00a0Berlin bierze przyk\u0142ad z\u00a0Polski, zamykaj\u0105c rosyjski konsulat w\u00a0odpowiedzi na\u00a0dzia\u0142ania hybrydowe. Zapowiedzia\u0142 om\u00f3wienie wsp\u00f3lnej reakcji z\u00a0przedstawicielami pa\u0144stw sojuszniczych. &#13;\n<\/p>\n<p>Dron mia\u0142 uderzy\u0107 w\u00a0ukrai\u0144ski samolot<\/p>\n<p>&#13;<br \/>\nDo pr\u00f3by ataku dosz\u0142o w\u00a0nocy z\u00a04 na\u00a05 sierpnia. Na\u00a0lotnisku Lipsk\/Halle znaleziono drona przenosz\u0105cego oko\u0142o 600 gram\u00f3w materia\u0142\u00f3w wybuchowych. Urz\u0105dzenie znajdowa\u0142o si\u0119 w\u00a0pobli\u017cu ukrai\u0144skiego samolotu transportowego Antonow An-124. &#13;\n<\/p>\n<p>&#13;<br \/>\nWed\u0142ug ustale\u0144 \u015bledczych dron prawdopodobnie mia\u0142 uderzy\u0107 w\u00a0samolot. Materia\u0142y wybuchowe nie\u00a0eksplodowa\u0142y, poniewa\u017c nie\u00a0zadzia\u0142a\u0142 zapalnik. Fragmenty bezza\u0142ogowca odnaleziono na\u00a0skrzydle maszyny. &#13;\n<\/p>\n<p>&#13;<br \/>\n<a href=\"https:\/\/www.wprost.pl\/swiat\/12429546\/atak-na-stacje-elektroenergetyczna-janschwalde-w-brandenburgii-tuz-przy-polskiej-granicy.html\" title=\"Atak na\u00a0elektrowni\u0119 tu\u017c przy polskiej granicy. S\u0142u\u017cby przekaza\u0142y nowe informacje\" target=\"_blank\" rel=\"nofollow noopener\">Niemieckie s\u0142u\u017cby<\/a> zabezpieczy\u0142y p\u00f3\u017aniej kolejne drony i\u00a0urz\u0105dzenie, kt\u00f3re mog\u0142o s\u0142u\u017cy\u0107 do\u00a0ich sterowania. Konstrukcja bezza\u0142ogowc\u00f3w oraz\u00a0zastosowane materia\u0142y mia\u0142y przypomina\u0107 rozwi\u0105zania wykorzystywane przez rosyjski wywiad wojskowy. &#13;\n<\/p>\n<p>&#13;<br \/>\nMoskwa odrzuca oskar\u017cenia. Rzeczniczka rosyjskiego MSZ Maria Zacharowa stwierdzi\u0142a, \u017ce\u00a0Niemcy \u201ewymy\u015bli\u0142y pretekst\u201d, i\u00a0zapowiedzia\u0142a odpowied\u017a na\u00a0decyzj\u0119 o\u00a0zamkni\u0119ciu plac\u00f3wek. &#13;\n<\/p>\n<p>&#13;<br \/>\nR\u00f3wnie\u017c przyw\u00f3dca Rosji W\u0142adimir Putin odni\u00f3s\u0142 si\u0119 do\u00a0stanowiska Niemiec. Po\u00a0szczycie w\u00a0Kirgistanie Putin stwierdzi\u0142, \u017ce\u00a0rz\u0105d kanclerza Friedricha Merza wskazuje palcem na\u00a0Moskw\u0119, aby\u00a0odwr\u00f3ci\u0107 uwag\u0119 od\u00a0problem\u00f3w wewn\u0119trznych i\u00a0spadaj\u0105cych ocen spo\u0142ecznych. Jak przekazuje Reuters, oskar\u017cy\u0142 on Niemcy o\u00a0podk\u0142adanie dowod\u00f3w w\u00a0celu wrobienia Rosji w\u00a0atak dron\u00f3w, ale\u00a0nie sprecyzowa\u0142, na\u00a0czym opiera swoje oskar\u017cenie. &#13;\n<\/p>\n<p>&#13;<br \/>\n   Czytaj te\u017c:<br \/><a href=\"https:\/\/www.wprost.pl\/kraj\/12428838\/rocznica-wybuchu-ii-wojny-swiatowej-przemowienia-tuska-nawrockiego-kosiniaka-kamysza.html\" rel=\"follow nofollow noopener\" data-schema=\"WPROST\" data-image=\"https:\/\/img.wprost.pl\/_thumb\/95\/e4\/f9223db5abbbbd94c40affedd7c1.jpeg\" target=\"_blank\">Mocne s\u0142owa Karola Nawrockiego ws. reparacji. Apelowa\u0142 do\u00a0rz\u0105d\u00f3w Polski i\u00a0Niemiec<\/a>   Czytaj te\u017c:<br \/><a href=\"https:\/\/www.wprost.pl\/swiat\/12429864\/zelenski-ostrzega-linie-lotnicze-w-rosji-putin-grozi-atakami.html\" rel=\"follow nofollow noopener\" data-schema=\"WPROST\" data-image=\"https:\/\/img.wprost.pl\/_thumb\/c4\/12\/014132317acfed267de8e8bc4bfe.jpeg\" target=\"_blank\">Ze\u0142enski zaapelowa\u0142 do\u00a0linii lotniczych. \u201eBezpieczne dni dobieg\u0142y ko\u0144ca\u201d<\/a>&#13;<\/p>\n","protected":false},"excerpt":{"rendered":"&#13; Niemiecki rz\u0105d oficjalnie przypisa\u0142 Rosji odpowiedzialno\u015b\u0107 za\u00a0pr\u00f3b\u0119 ataku dronem z\u00a0materia\u0142em wybuchowym na\u00a0lotnisku Lipsk\/Halle. W\u00a0odpowiedzi Berlin zamknie rosyjski&hellip;\n","protected":false},"author":2,"featured_media":661805,"comment_status":"","ping_status":"","sticky":false,"template":"","format":"standard","meta":{"footnotes":"","_share_on_mastodon":"0"},"categories":[62713],"tags":[128652,744,1345,5910,31274,2995,295,59734,907,87,1030,80,415,698,43315],"class_list":["post-661804","post","type-post","status-publish","format-standard","has-post-thumbnail","category-donald-tusk","tag-an-124","tag-atak","tag-donald-tusk","tag-friedrich-merz","tag-lipsk","tag-lotnisko","tag-niemcy","tag-opinie-i-komentarze","tag-polityka","tag-rosja","tag-samolot","tag-swiat","tag-ukraina","tag-wladimir-putin","tag-wprost"],"share_on_mastodon":{"url":"https:\/\/pubeurope.com\/@pl\/117200196007584686","error":""},"_links":{"self":[{"href":"https:\/\/www.europesays.com\/pl\/wp-json\/wp\/v2\/posts\/661804","targetHints":{"allow":["GET"]}}],"collection":[{"href":"https:\/\/www.europesays.com\/pl\/wp-json\/wp\/v2\/posts"}],"about":[{"href":"https:\/\/www.europesays.com\/pl\/wp-json\/wp\/v2\/types\/post"}],"author":[{"embeddable":true,"href":"https:\/\/www.europesays.com\/pl\/wp-json\/wp\/v2\/users\/2"}],"replies":[{"embeddable":true,"href":"https:\/\/www.europesays.com\/pl\/wp-json\/wp\/v2\/comments?post=661804"}],"version-history":[{"count":0,"href":"https:\/\/www.europesays.com\/pl\/wp-json\/wp\/v2\/posts\/661804\/revisions"}],"wp:featuredmedia":[{"embeddable":true,"href":"https:\/\/www.europesays.com\/pl\/wp-json\/wp\/v2\/media\/661805"}],"wp:attachment":[{"href":"https:\/\/www.europesays.com\/pl\/wp-json\/wp\/v2\/media?parent=661804"}],"wp:term":[{"taxonomy":"category","embeddable":true,"href":"https:\/\/www.europesays.com\/pl\/wp-json\/wp\/v2\/categories?post=661804"},{"taxonomy":"post_tag","embeddable":true,"href":"https:\/\/www.europesays.com\/pl\/wp-json\/wp\/v2\/tags?post=661804"}],"curies":[{"name":"wp","href":"https:\/\/api.w.org\/{rel}","templated":true}]}}