{"id":661828,"date":"2026-09-02T07:26:11","date_gmt":"2026-09-02T07:26:11","guid":{"rendered":"https:\/\/www.europesays.com\/pl\/661828\/"},"modified":"2026-09-02T07:26:11","modified_gmt":"2026-09-02T07:26:11","slug":"polska-olimpijka-jasno-w-sprawie-radoslawa-piesiewicza","status":"publish","type":"post","link":"https:\/\/www.europesays.com\/pl\/661828\/","title":{"rendered":"Polska olimpijka jasno w sprawie Rados\u0142awa Piesiewicza"},"content":{"rendered":"<p>Rados\u0142aw Piesiewicz us\u0142ysza\u0142 zarzuty p\u0142atnej protekcji oraz zaspokojenia grupy wierzycieli Zondacrypto z pokrzywdzeniem innych w zwi\u0105zku z gro\u017c\u0105c\u0105 niewyp\u0142acalno\u015bci\u0105. Prezes PKOl trafi\u0142 do aresztu, gdzie sp\u0119dzi najbli\u017csze trzy miesi\u0105ce, a na jaw wychodz\u0105 kolejne fakty w sprawie. Panczenistka, kt\u00f3rej do medalu na zimowych igrzyskach olimpijskich w 2026 r. zabrak\u0142o 0,12 sekundy (zaj\u0119\u0142a czwarte miejsce) stawia spraw\u0119 jasno.<\/p>\n<p>Dalszy ci\u0105g artyku\u0142u pod materia\u0142em wideoKaja Ziomek-Nogal jasno o aferze Zondacrypto<a href=\"https:\/\/przegladsportowy.onet.pl\/\" title=\"Strona g\u0142\u00f3wna serwisu\" aria-label=\"Strona g\u0142\u00f3wna serwisu\" data-astro-prefetch=\"tap\" class=\"ods-a-logo-main-desktop\" rel=\"nofollow noopener\" target=\"_blank\"><img src=\"https:\/\/cdn.przegladsportowy.onet.pl\/img\/Logo_desktop_Onet.svg\" class=\"ods-a-logo-main-desktop__image\" alt=\"Logo\" width=\"107\" height=\"60\" fetchpriority=\"high\" decoding=\"sync\" style=\"height:60px\"\/><\/a><\/p>\n<p class=\"ods-m-google-article__text\">Czytaj nas cz\u0119\u015bciej w Google<\/p>\n<p><a href=\"https:\/\/google.com\/preferences\/source?q=przegladsportowy.onet.pl\" target=\"_blank\" rel=\"noopener noreferrer nofollow\" aria-label=\"Dodaj w Google\" title=\"Dodaj w Google\" class=\"ods-a-button ods-a-button__primary ods-a-button__default ods-a-button-l\">Dodaj w Google<\/a><\/p>\n<p>&#8222;Wierz\u0119 w ludzi i by\u0142am przekonana, \u017ce nowy partner zosta\u0142 sprawdzony. Przykro jest dowiadywa\u0107 si\u0119 takich rzeczy&#8221; \u2014 zaznaczy\u0142a.<\/p>\n<p>&#8222;Jako sportowiec nie chcia\u0142abym by\u0107 kojarzona z szemranymi sprawami i aferami. Mam nadziej\u0119, \u017ce my sportowcy nie b\u0119dziemy kojarzeni ze spraw\u0105 Zondacrypto ani innymi politycznymi kwestiami&#8221; \u2014 doda\u0142a dla WP SportoweFakty sportsmenka, zaznaczaj\u0105c, \u017ce wierzy w prawo i ma nadziej\u0119, \u017ce je\u015bli dosz\u0142o do zaniedba\u0144 albo narusze\u0144, winni tego ponios\u0105 konsekwencje.<\/p>\n<p>Ziomek-Nogal doda\u0142a te\u017c, \u017ce nie wyobra\u017ca sobie sytuacji, w kt\u00f3rej z powodu afery Zondacrypto, sportowcy zostaliby pozbawieni mo\u017cliwo\u015bci uczestnictwa w kolejnych igrzyskach olimpijskich.<\/p>\n<p>Opracowanie:Aleksandra Zi\u0119tek<\/p>\n<p>Data utworzenia:2 wrze\u015bnia 2026, 08:22<\/p>\n","protected":false},"excerpt":{"rendered":"Rados\u0142aw Piesiewicz us\u0142ysza\u0142 zarzuty p\u0142atnej protekcji oraz zaspokojenia grupy wierzycieli Zondacrypto z pokrzywdzeniem innych w zwi\u0105zku z gro\u017c\u0105c\u0105&hellip;\n","protected":false},"author":2,"featured_media":661829,"comment_status":"","ping_status":"","sticky":false,"template":"","format":"standard","meta":{"footnotes":"","_share_on_mastodon":"0"},"categories":[12],"tags":[128237,61195,48,129,46,15347,42,38,40,39,41,15346,47,130],"class_list":["post-661828","post","type-post","status-publish","format-standard","has-post-thumbnail","category-polska","tag-adshield_tst1","tag-bottomfeed_styl","tag-nat_styl","tag-ofsajd","tag-omp","tag-pkol","tag-pl","tag-poland","tag-polish","tag-polska","tag-polski","tag-radoslaw_piesiewicz","tag-screening_general","tag-wiadomosci_sportowe"],"share_on_mastodon":{"url":"https:\/\/pubeurope.com\/@pl\/117200263814385607","error":""},"_links":{"self":[{"href":"https:\/\/www.europesays.com\/pl\/wp-json\/wp\/v2\/posts\/661828","targetHints":{"allow":["GET"]}}],"collection":[{"href":"https:\/\/www.europesays.com\/pl\/wp-json\/wp\/v2\/posts"}],"about":[{"href":"https:\/\/www.europesays.com\/pl\/wp-json\/wp\/v2\/types\/post"}],"author":[{"embeddable":true,"href":"https:\/\/www.europesays.com\/pl\/wp-json\/wp\/v2\/users\/2"}],"replies":[{"embeddable":true,"href":"https:\/\/www.europesays.com\/pl\/wp-json\/wp\/v2\/comments?post=661828"}],"version-history":[{"count":0,"href":"https:\/\/www.europesays.com\/pl\/wp-json\/wp\/v2\/posts\/661828\/revisions"}],"wp:featuredmedia":[{"embeddable":true,"href":"https:\/\/www.europesays.com\/pl\/wp-json\/wp\/v2\/media\/661829"}],"wp:attachment":[{"href":"https:\/\/www.europesays.com\/pl\/wp-json\/wp\/v2\/media?parent=661828"}],"wp:term":[{"taxonomy":"category","embeddable":true,"href":"https:\/\/www.europesays.com\/pl\/wp-json\/wp\/v2\/categories?post=661828"},{"taxonomy":"post_tag","embeddable":true,"href":"https:\/\/www.europesays.com\/pl\/wp-json\/wp\/v2\/tags?post=661828"}],"curies":[{"name":"wp","href":"https:\/\/api.w.org\/{rel}","templated":true}]}}