{"id":661852,"date":"2026-09-02T07:38:15","date_gmt":"2026-09-02T07:38:15","guid":{"rendered":"https:\/\/www.europesays.com\/pl\/661852\/"},"modified":"2026-09-02T07:38:15","modified_gmt":"2026-09-02T07:38:15","slug":"karol-nawrocki-spotka-sie-z-donaldem-trumpem-znamy-szczegoly","status":"publish","type":"post","link":"https:\/\/www.europesays.com\/pl\/661852\/","title":{"rendered":"Karol Nawrocki spotka si\u0119 z Donaldem Trumpem. Znamy szczeg\u00f3\u0142y"},"content":{"rendered":"<p>Karol Nawrocki w grudniu spotka si\u0119 z Donaldem Trumpem. Prezydent USA wyr\u00f3\u017cni\u0142 Polsk\u0119 i zaprosi\u0142 nasz kraj na szczyt pa\u0144stw G20. Szef Biura Polityki Mi\u0119dzynarodowej Marcin Przydacz zapewni\u0142, \u017ce odb\u0119d\u0105 si\u0119 w\u00f3wczas dwustronne rozmowy przyw\u00f3dc\u00f3w Polski i Stan\u00f3w Zjednoczonych.<\/p>\n<p>Karol Nawrocki spotka si\u0119 z Donaldem Trumpem<\/p>\n<p>Prezydenci Polski i USA spotkaj\u0105 si\u0119 w grudniu podczas posiedzenia pa\u0144stw G20. Szczyt przyw\u00f3dc\u00f3w odb\u0119dzie si\u0119 na Florydzie, a Karol Nawrocki otrzyma\u0142 do Donalda Trumpa oficjalne zaproszenie. Tak\u0105 informacj\u0119 przekaza\u0142 szef Biura Polityki Mi\u0119dzynarodowej \u2013 Marcin Przydacz.<\/p>\n<p>Ale odpowiadam. Tak, prezydent spotka si\u0119 jeszcze w tym roku z prezydentem Trumpem. W grudniu w Miami, na szczycie G20 \u2013 powiedzia\u0142 w wywiadzie dla \u201eRzeczpospolitej\u201d.<\/p>\n<p>Oficjalne spotkanie lider\u00f3w nie znajduje si\u0119 jeszcze w agendzie, ale prezydencki minister zapewnia, \u017ce to si\u0119 wkr\u00f3tce zmieni.<\/p>\n<p>Zobacz wi\u0119cej: <a target=\"_blank\" rel=\"noopener nofollow\" title=\"Zobacz wi\u0119cej: Du\u017ce zni\u017cki na zakupy dla senior\u00f3w. W tych sklepach zap\u0142ac\u0105 mniej. Jest jeden warunek\" href=\"https:\/\/newmedia24.pl\/biznes\/duze-znizki-na-zakupy-dla-seniorow-w-tych-sklepach-zaplaca-mniej-jest-jeden-warunek-65907\/\">Du\u017ce zni\u017cki na zakupy dla senior\u00f3w. W tych sklepach zap\u0142ac\u0105 mniej. Jest jeden warunek<\/a><br \/>\nKarol Nawrocki uda si\u0119 do Nowego Jorku<\/p>\n<p>Pod koniec wrze\u015bnia odb\u0119dzie si\u0119 81. sesja Zgromadzenia Og\u00f3lnego ONZ, na kt\u00f3r\u0105 wybiera si\u0119 Karol Nawrocki. Nie jest obecnie pewne, czy na szczycie przyw\u00f3dc\u00f3w b\u0119dzie Donald Trump.<\/p>\n<p>Wiadomo jednak, \u017ce nie dojdzie w\u00f3wczas do spotkania prezydent\u00f3w USA i Polski. Marcin Przydacz podkre\u015bla, \u017ce agenda spotkania obejmuje cele globalne, a nie dwustronne relacje:<\/p>\n<p>(\u2026) na ten moment, w najbli\u017cszych dniach czy tygodniach, nie ma na agendzie bezpo\u015bredniego spotkania (\u2026)<\/p>\n<p>Agenda (zgromadzenia ONZ \u2013 red.) dotyczy spraw globalnych (\u2026) \u2013 m\u00f3wi\u0142 dla \u201eRzeczpospolitej\u201d prezydencki minister.<\/p>\n<p>Zobacz wi\u0119cej: <a target=\"_blank\" rel=\"noopener nofollow\" title=\"Zobacz wi\u0119cej: TIR wjecha\u0142 wprost na ekip\u0119 remontow\u0105, cztery osoby nie \u017cyj\u0105. Szokuj\u0105ce ustalenia\" href=\"https:\/\/newmedia24.pl\/wydarzenia\/tir-wjechal-wprost-na-ekipe-remontowa-cztery-osoby-nie-zyja-szokujace-ustalenia-65921\/\">TIR wjecha\u0142 wprost na ekip\u0119 remontow\u0105, cztery osoby nie \u017cyj\u0105. Szokuj\u0105ce ustalenia<\/a><br \/>\nPolska wyr\u00f3\u017cniona przez USA<\/p>\n<p>Grudniowy szczyt pa\u0144stw G20 b\u0119dzie dla Polski historyczny. Nasz kraj wyst\u0105pi na spotkaniu po raz pierwszy. Dzi\u0119ki zaproszeniu od USA, nasi przedstawiciele zasi\u0105d\u0105 przy stole obrad ze statusem zaproszonego go\u015bcia. G20 zrzesza bowiem najwi\u0119ksze i najwa\u017cniejsze gospodarki \u015bwiata.<\/p>\n<p>Przy stole obrad zasi\u0105d\u0105 m.in. Stany Zjednoczone, Chiny, Niemcy, Francja, Wielka Brytania, Unia Europejska i Unia Afryka\u0144ska. Spotkanie pa\u0144stw zaplanowano w dniach 14-15 grudnia w Miami na Florydzie.<\/p>\n<p>B\u0119dziemy robi\u0107 wszystko i mam nadziej\u0119, \u017ce rz\u0105d tego nie zablokuje, a by\u0107 mo\u017ce nawet pomo\u017ce, aby Polska tak\u017ce w przysz\u0142ych latach, ju\u017c pod prezydencj\u0105 inn\u0105 ni\u017c ameryka\u0144ska, uczestniczy\u0142a w pracach G20. Element etykietowania jest w polityce mi\u0119dzynarodowej wa\u017cny, kwestie presti\u017cu maj\u0105 swoje znaczenie \u2013 m\u00f3wi\u0142 Marcin Przydacz dla \u201eRzeczpospolitej\u201d.<\/p>\n","protected":false},"excerpt":{"rendered":"Karol Nawrocki w grudniu spotka si\u0119 z Donaldem Trumpem. Prezydent USA wyr\u00f3\u017cni\u0142 Polsk\u0119 i zaprosi\u0142 nasz kraj na&hellip;\n","protected":false},"author":2,"featured_media":661853,"comment_status":"","ping_status":"","sticky":false,"template":"","format":"standard","meta":{"footnotes":"","_share_on_mastodon":"0"},"categories":[62712],"tags":[1835,690,49,907,39,1005,71,1092],"class_list":["post-661852","post","type-post","status-publish","format-standard","has-post-thumbnail","category-karol-nawrocki","tag-donald-trump","tag-karol-nawrocki","tag-kraj","tag-polityka","tag-polska","tag-prezydent","tag-usa","tag-wydarzenia"],"share_on_mastodon":{"url":"https:\/\/pubeurope.com\/@pl\/117200309913549575","error":""},"_links":{"self":[{"href":"https:\/\/www.europesays.com\/pl\/wp-json\/wp\/v2\/posts\/661852","targetHints":{"allow":["GET"]}}],"collection":[{"href":"https:\/\/www.europesays.com\/pl\/wp-json\/wp\/v2\/posts"}],"about":[{"href":"https:\/\/www.europesays.com\/pl\/wp-json\/wp\/v2\/types\/post"}],"author":[{"embeddable":true,"href":"https:\/\/www.europesays.com\/pl\/wp-json\/wp\/v2\/users\/2"}],"replies":[{"embeddable":true,"href":"https:\/\/www.europesays.com\/pl\/wp-json\/wp\/v2\/comments?post=661852"}],"version-history":[{"count":0,"href":"https:\/\/www.europesays.com\/pl\/wp-json\/wp\/v2\/posts\/661852\/revisions"}],"wp:featuredmedia":[{"embeddable":true,"href":"https:\/\/www.europesays.com\/pl\/wp-json\/wp\/v2\/media\/661853"}],"wp:attachment":[{"href":"https:\/\/www.europesays.com\/pl\/wp-json\/wp\/v2\/media?parent=661852"}],"wp:term":[{"taxonomy":"category","embeddable":true,"href":"https:\/\/www.europesays.com\/pl\/wp-json\/wp\/v2\/categories?post=661852"},{"taxonomy":"post_tag","embeddable":true,"href":"https:\/\/www.europesays.com\/pl\/wp-json\/wp\/v2\/tags?post=661852"}],"curies":[{"name":"wp","href":"https:\/\/api.w.org\/{rel}","templated":true}]}}