{"id":66187,"date":"2025-10-24T13:06:13","date_gmt":"2025-10-24T13:06:13","guid":{"rendered":"https:\/\/www.europesays.com\/pl\/66187\/"},"modified":"2025-10-24T13:06:13","modified_gmt":"2025-10-24T13:06:13","slug":"az-szesc-pasow-dla-kierowcow-te-droge-ekspresowa-kierowcy-pokochaja","status":"publish","type":"post","link":"https:\/\/www.europesays.com\/pl\/66187\/","title":{"rendered":"A\u017c sze\u015b\u0107 pas\u00f3w dla kierowc\u00f3w. T\u0119 drog\u0119 ekspresow\u0105 kierowcy pokochaj\u0105"},"content":{"rendered":"<p>\t\t\t    \t<img decoding=\"async\" src=\"https:\/\/www.europesays.com\/pl\/wp-content\/uploads\/2025\/10\/278870_r0_940.jpg\" itemprop=\"image\" alt=\"A\u017c sze\u015b\u0107 pas\u00f3w dla kierowc\u00f3w. T\u0119 drog\u0119 ekspresow\u0105 kierowcy pokochaj\u0105\" title=\"Rozbudowany do 6 pas\u00f3w odcinek S7 mi\u0119dzy Modlinem i Czosnowem ma by\u0107 oddany od u\u017cytku w tym tygodniu\" class=\"gallery-image\" fetchpriority=\"high\"\/><\/p>\n<p>\t\t\t\t\t\t\tRozbudowany do 6 pas\u00f3w odcinek S7 mi\u0119dzy Modlinem i Czosnowem ma by\u0107 oddany od u\u017cytku w tym tygodniu<\/p>\n<p>\n\t\t\t\t\t\t\t\t\tMateria\u0142y prasowe \/ GDDKiA \/ GDDKiA\n\t\t\t\t\t\t\t\t<\/p>\n<p>\n\t\t\tGeneralna Dyrekcja Dr\u00f3g Krajowych i Autostrad zapowiedzia\u0142a, \u017ce w tym tygodniu wdro\u017cony zostanie docelowy przekr\u00f3j na drodze ekspresowej S7 Modlin-Czosn\u00f3w. Kierowcy b\u0119d\u0105 mieli tam do dyspozycji sze\u015b\u0107 pas\u00f3w ruchu.\n\t\t<\/p>\n<ul>&#13;<\/p>\n<li>Rozbudow\u0119 dwujezdniowej drogi do parametr\u00f3w trasy ekspresowej na d\u0142ugo\u015bci ponad 34,6 km od P\u0142o\u0144ska do Czosnowa podzielono na trzy odcinki realizacyjne.<\/li>\n<p>&#13;<\/p>\n<li>Stan zaawansowania rob\u00f3t mi\u0119dzy Modlinem i Czosnowem to 99,5 proc. Znacznie wi\u0119cej pozosta\u0142o do zrobienia na odcinku od w\u0119z\u0142a Siedlin (bez w\u0119z\u0142a) do w\u0119z\u0142a Za\u0142uski (bez w\u0119z\u0142a), bo tu zaawansowanie wynosi 82,09 proc. W prawie 93 proc. wykonano ju\u017c natomiast zakres rob\u00f3t na odcinku Za\u0142uski-Modlin.<\/li>\n<p>&#13;<\/p>\n<li>Koszt ca\u0142ej inwestycji to ponad 2,8 mld z\u0142.<\/li>\n<p>&#13;\n<\/ul>\n<p>&#13;<br \/>\nPrawie 35 km tr\u00f3jpasm\u00f3wki. Buduj\u0105 w podziale na trzy odcinki realizacyjne&#13;<\/p>\n<p>Chodzi o rozbudow\u0119 dwujezdniowej drogi do parametr\u00f3w trasy ekspresowej na d\u0142ugo\u015bci ponad 34,6 km od P\u0142o\u0144ska do Czosnowa. Ca\u0142\u0105 inwestycj\u0119 podzielono na trzy odcinki realizacyjne:<\/p>\n<p>&#13;<\/p>\n<ul>&#13;<\/p>\n<li>P\u0142o\u0144sk Po\u0142udnie (Siedlin)-gmina Za\u0142uski &#8211; ok. 12,9 km,<\/li>\n<p>&#13;<\/p>\n<li>Za\u0142uski-Modlin &#8211; ok. 12 km,<\/li>\n<p>&#13;<\/p>\n<li>Modlin-Czosn\u00f3w &#8211; ok. 9,7 km.<\/li>\n<p>&#13;\n<\/ul>\n<p>&#13;<\/p>\n<p>\t\t\t\t\t<a href=\"https:\/\/www.portalsamorzadowy.pl\/inwestycje\/470-km-wygody-z-poludnia-nad-morze-na-taka-droge-ekspresowa-polska-czekala-od-dekad,634681.html\" class=\"read-more-box-img-cnt\" rel=\"nofollow noopener\" target=\"_blank\"><br \/>\n\t\t\t\t<img decoding=\"async\" loading=\"lazy\" width=\"300\" height=\"200\" src=\"https:\/\/www.europesays.com\/pl\/wp-content\/uploads\/2025\/10\/278625_r0_300.jpg\" alt=\"470 km wygody z po\u0142udnia nad morze. Na tak\u0105 drog\u0119 ekspresow\u0105 Polska czeka\u0142a od dekad\" class=\"read-more-box-img\"\/><br \/>\n\t\t\t<\/a><\/p>\n<p>&#13;<\/p>\n<p>GDDKiA poinformowa\u0142a, \u017ce udost\u0119pnienie kierowcom ostatniego z odcink\u00f3w drogi ekspresowej S7 mi\u0119dzy Modlinem i Czosnowem, planowane jest ju\u017c w tym tygodniu. B\u0119dzie to finisz trwaj\u0105cych od kilku lat prac, a tak\u017ce zwi\u0105zanych z nimi utrudnie\u0144 w ruchu.<\/p>\n<p>&#13;<\/p>\n<p>&#13;<br \/>\nRoszczenia o przed\u0142u\u017cenie termin\u00f3w lub wyp\u0142at\u0119 dodatkowych \u015brodk\u00f3w. Sko\u0144cz\u0105 w rym roku?&#13;<\/p>\n<p>\u201eJu\u017c\u201d albo \u201edopiero\u201d, poniewa\u017c zgodnie z umowami zawartymi w 2020 r. z wybranymi w przetargach wykonawcami poszczeg\u00f3lnych odcink\u00f3w, roboty mia\u0142y si\u0119 zako\u0144czy\u0107 latem 2025 r. Podpisano jednak aneksy przesuwaj\u0105ce te terminy. Jak informowali\u015bmy kilka tygodni temu, w przypadku odcinka P\u0142o\u0144sk Po\u0142udnie &#8211; Za\u0142uski wyznaczono oddanie na marzec 2026 r., natomiast dla dw\u00f3ch kolejnych odcink\u00f3w na sierpie\u0144 2025 r.<\/p>\n<p>&#13;<\/p>\n<p>\t\t\t\t\t<a href=\"https:\/\/www.portalsamorzadowy.pl\/inwestycje\/na-te-trase-mieszkancy-stolicy-czekaja-od-dawna-final-robot-jest-juz-naprawde-widoczny,624481.html\" class=\"read-more-box-img-cnt\" rel=\"nofollow noopener\" target=\"_blank\"><br \/>\n\t\t\t\t<img decoding=\"async\" loading=\"lazy\" width=\"300\" height=\"200\" src=\"https:\/\/www.europesays.com\/pl\/wp-content\/uploads\/2025\/10\/274113_r0_300.jpg\" alt=\"Na t\u0119 tras\u0119 mieszka\u0144cy stolicy czekaj\u0105 od dawna. Fina\u0142 rob\u00f3t jest ju\u017c naprawd\u0119 widoczny\" class=\"read-more-box-img\"\/><br \/>\n\t\t\t<\/a><\/p>\n<p>&#13;<\/p>\n<p>GDDKiA wskaza\u0142a w\u00f3wczas, \u017ce w procedowaniu s\u0105 kolejne \u017c\u0105dania wykonawc\u00f3w wszystkich fragment\u00f3w, kt\u00f3rzy oczekuj\u0105 wyd\u0142u\u017cenia czasu na uko\u0144czenie lub dodatkowych \u015brodk\u00f3w finansowych, ale mimo to podkre\u015bla\u0142a, \u017ce oddanie do u\u017cytku ca\u0142ej ponad 34-kilometrowej trasy jest mo\u017cliwe jeszcze w tym roku.<\/p>\n<p>&#13;<\/p>\n<blockquote><p>&#13;<\/p>\n<p>Stan zaawansowania rob\u00f3t mi\u0119dzy Modlinem i Czosnowem to w tym momencie 99,5 proc.<\/p>\n<p>&#13;\n<\/p><\/blockquote>\n<p>&#13;<\/p>\n<p>Znacznie wi\u0119cej pozosta\u0142o do zrobienia na odcinku od w\u0119z\u0142a Siedlin (bez w\u0119z\u0142a) do w\u0119z\u0142a Za\u0142uski (bez w\u0119z\u0142a), bo tu zaawansowanie rzeczowe wynosi 82,09 proc. W prawie 93 proc. wykonano ju\u017c natomiast zakres rob\u00f3t na odcinku Za\u0142uski-Modlin.<\/p>\n<p>&#13;<br \/>\nSze\u015b\u0107 w\u0119z\u0142\u00f3w drogowych i trzy miejsca obs\u0142ugi podr\u00f3\u017cnych. Droga u\u0142atwi dojazd do tych miast&#13;<\/p>\n<p>Rozbudowana do trzech pas\u00f3w ka\u017cdym kierunku droga po\u0142\u0105czy Warszaw\u0119 z Toruniem, Olsztynem i Gda\u0144skiem. W ramach inwestycji powstaje sze\u015b\u0107 w\u0119z\u0142\u00f3w drogowych: Nowy Dw\u00f3r Mazowiecki, Modlin, Zakroczym, Za\u0142uski, Przyborowice i Poczernin.<\/p>\n<p>&#13;<\/p>\n<p>\t\t\t\t\t<a href=\"https:\/\/www.portalsamorzadowy.pl\/inwestycje\/takiej-drogi-ekspresowej-polska-jeszcze-nie-miala-od-dzisiaj-niezwykla-trasa-dostepna-dla-kierowcow,634968.html\" class=\"read-more-box-img-cnt\" rel=\"nofollow noopener\" target=\"_blank\"><br \/>\n\t\t\t\t<img decoding=\"async\" loading=\"lazy\" width=\"300\" height=\"200\" src=\"https:\/\/www.europesays.com\/pl\/wp-content\/uploads\/2025\/10\/278808_r0_300.jpg\" alt=\"Takiej drogi ekspresowej Polska jeszcze nie mia\u0142a. Od dzisiaj niezwyk\u0142a trasa dost\u0119pna dla kierowc\u00f3w\" class=\"read-more-box-img\"\/><br \/>\n\t\t\t<\/a><\/p>\n<p>&#13;<\/p>\n<p>W ci\u0105gu nowego odcinka trasy S7 powstan\u0105 te\u017c trzy miejsca obs\u0142ugi podr\u00f3\u017cnych (MOP-y: Modlin, Za\u0142uski i Poczernin), Obw\u00f3d Utrzymania Drogi oraz obiekty in\u017cynierskie, m.in. mosty, wiadukty i przepusty. \u0141\u0105czny koszt to ponad 2,8 mld z\u0142.<\/p>\n<p>\t\t\t\t<img decoding=\"async\" src=\"https:\/\/www.europesays.com\/pl\/wp-content\/uploads\/2025\/09\/copyright.png\"\/><\/p>\n<p>Materia\u0142 chroniony prawem autorskim &#8211; zasady przedruk\u00f3w okre\u015bla <a href=\"https:\/\/www.portalsamorzadowy.pl\/korzystanie-z-serwisu.html\" rel=\"nofollow noopener\" target=\"_blank\">regulamin<\/a>.<\/p>\n","protected":false},"excerpt":{"rendered":"Rozbudowany do 6 pas\u00f3w odcinek S7 mi\u0119dzy Modlinem i Czosnowem ma by\u0107 oddany od u\u017cytku w tym tygodniu&hellip;\n","protected":false},"author":2,"featured_media":66188,"comment_status":"","ping_status":"","sticky":false,"template":"","format":"standard","meta":{"footnotes":""},"categories":[16],"tags":[664,1178,16798,10430,16801,16810,16813,10368,16795,16804,16807,10371,3250,3244,113,112,16805,10428,3248,10369,16799,16802,16808,3242,16796,16793,10366,16811,42,38,40,39,41,3243,16806,10429,3249,10370,16800,16803,16809,16797,16794,10367,16812],"class_list":{"0":"post-66187","1":"post","2":"type-post","3":"status-publish","4":"format-standard","5":"has-post-thumbnail","7":"category-biznes","8":"tag-typedefinedterm","9":"tag-0-html","10":"tag-162-html","11":"tag-173-html","12":"tag-208-html","13":"tag-21936-html","14":"tag-23499-html","15":"tag-565-html","16":"tag-63-html","17":"tag-768-html","18":"tag-772-html","19":"tag-774-html","20":"tag-78-html","21":"tag-3244","22":"tag-biznes","23":"tag-business","24":"tag-nameczosnu00f3w","25":"tag-namegdau0144sk","26":"tag-namegddkia","27":"tag-namemodlin","28":"tag-nameolsztyn","29":"tag-namepu0142ou0144sk","30":"tag-names7","31":"tag-nameserwis-drogi","32":"tag-nametoruu0144","33":"tag-namewarszawa","34":"tag-namewojewu00f3dztwo-mazowieckie","35":"tag-namezau0142uski","36":"tag-pl","37":"tag-poland","38":"tag-polish","39":"tag-polska","40":"tag-polski","41":"tag-urlhttps-www-portalsamorzadowy-pl-inwestycje-podserwis-serwis-drogi","42":"tag-urlhttps-www-portalsamorzadowy-pl-klucze-czosnow","43":"tag-urlhttps-www-portalsamorzadowy-pl-klucze-gdansk","44":"tag-urlhttps-www-portalsamorzadowy-pl-klucze-gddkia","45":"tag-urlhttps-www-portalsamorzadowy-pl-klucze-modlin","46":"tag-urlhttps-www-portalsamorzadowy-pl-klucze-olsztyn","47":"tag-urlhttps-www-portalsamorzadowy-pl-klucze-plonsk","48":"tag-urlhttps-www-portalsamorzadowy-pl-klucze-s7","49":"tag-urlhttps-www-portalsamorzadowy-pl-klucze-torun","50":"tag-urlhttps-www-portalsamorzadowy-pl-klucze-warszawa","51":"tag-urlhttps-www-portalsamorzadowy-pl-klucze-wojewodztwo-mazowieckie","52":"tag-urlhttps-www-portalsamorzadowy-pl-klucze-zaluski"},"share_on_mastodon":{"url":"","error":"Validation failed: Text character limit of 500 exceeded"},"_links":{"self":[{"href":"https:\/\/www.europesays.com\/pl\/wp-json\/wp\/v2\/posts\/66187","targetHints":{"allow":["GET"]}}],"collection":[{"href":"https:\/\/www.europesays.com\/pl\/wp-json\/wp\/v2\/posts"}],"about":[{"href":"https:\/\/www.europesays.com\/pl\/wp-json\/wp\/v2\/types\/post"}],"author":[{"embeddable":true,"href":"https:\/\/www.europesays.com\/pl\/wp-json\/wp\/v2\/users\/2"}],"replies":[{"embeddable":true,"href":"https:\/\/www.europesays.com\/pl\/wp-json\/wp\/v2\/comments?post=66187"}],"version-history":[{"count":0,"href":"https:\/\/www.europesays.com\/pl\/wp-json\/wp\/v2\/posts\/66187\/revisions"}],"wp:featuredmedia":[{"embeddable":true,"href":"https:\/\/www.europesays.com\/pl\/wp-json\/wp\/v2\/media\/66188"}],"wp:attachment":[{"href":"https:\/\/www.europesays.com\/pl\/wp-json\/wp\/v2\/media?parent=66187"}],"wp:term":[{"taxonomy":"category","embeddable":true,"href":"https:\/\/www.europesays.com\/pl\/wp-json\/wp\/v2\/categories?post=66187"},{"taxonomy":"post_tag","embeddable":true,"href":"https:\/\/www.europesays.com\/pl\/wp-json\/wp\/v2\/tags?post=66187"}],"curies":[{"name":"wp","href":"https:\/\/api.w.org\/{rel}","templated":true}]}}