{"id":661886,"date":"2026-09-02T07:58:13","date_gmt":"2026-09-02T07:58:13","guid":{"rendered":"https:\/\/www.europesays.com\/pl\/661886\/"},"modified":"2026-09-02T07:58:13","modified_gmt":"2026-09-02T07:58:13","slug":"zendaya-pokazala-zdjecie-z-dziecinstwa-tak-wygladala-jako-kilkulatka","status":"publish","type":"post","link":"https:\/\/www.europesays.com\/pl\/661886\/","title":{"rendered":"Zendaya pokaza\u0142a zdj\u0119cie z dzieci\u0144stwa. Tak wygl\u0105da\u0142a jako kilkulatka"},"content":{"rendered":"<p><a href=\"https:\/\/plejada.pl\/temat\/zendaya-piosenkarka-aktorka\/xrgq16w\" id=\"eecc2b9b-a05a-429d-89c2-be40c3569ad2\" rel=\"nofollow noopener\" target=\"_blank\">Zendaya<\/a>, a w\u0142a\u015bciwie Zendaya Maree Stoermer Coleman, to obecnie jedna z najwi\u0119kszych gwiazd na \u015bwiecie. Na ekranie debiutowa\u0142a ju\u017c jako nastolatka, a rozpoznawalno\u015b\u0107 zapewni\u0142y jej w\u00f3wczas seriale Disneya, m.in. &#8222;Taniec rz\u0105dzi&#8221; i &#8222;K.C. Nastoletnia agentka&#8221;. Mi\u0119dzynarodowa popularno\u015b\u0107 przysz\u0142a kilka lat p\u00f3\u017aniej wraz z takimi produkcjami, jak &#8222;Euforia&#8221;, &#8222;Kr\u00f3l rozrywki&#8221; czy seria &#8222;Spider-Man&#8221;. Swego czasu Zendaya pr\u00f3bowa\u0142a r\u00f3wnie\u017c zrobi\u0107 karier\u0119 w przemy\u015ble muzycznym \u2014 w 2013 r. wyda\u0142a pierwszy i jedyny album studyjny, a w kolejnych latach na rynku pojawi\u0142o si\u0119 jeszcze kilka utwor\u00f3w gwiazdy, jednak w tej bran\u017cy nie uda\u0142o jej si\u0119 osi\u0105gn\u0105\u0107 wi\u0119kszego sukcesu.<\/p>\n<p>1 wrze\u015bnia Zendaya \u015bwi\u0119towa\u0142a swoje 30. urodziny \u2014 z tej okazji na jej profilu na Instagramie pojawi\u0142 si\u0119 wpis, w kt\u00f3rym gwiazda dzi\u0119kuje wszystkim za uczynienie ostatnich miesi\u0119cy wyj\u0105tkowymi.<\/p>\n<p>\u2014 napisa\u0142a.<\/p>\n<p>Zendaya do\u0142\u0105czy\u0142a do wpisu kadr z dzieci\u0144stwa. Cho\u0107 zdj\u0119cie prawdopodobnie zosta\u0142o zrobione, gdy przysz\u0142a gwiazda mia\u0142a zaledwie kilka lat, nie da si\u0119 nie zauwa\u017cy\u0107, \u017ce przez ponad 20 lat niewiele zmieni\u0142o si\u0119 z jej wygl\u0105dzie.<\/p>\n","protected":false},"excerpt":{"rendered":"Zendaya, a w\u0142a\u015bciwie Zendaya Maree Stoermer Coleman, to obecnie jedna z najwi\u0119kszych gwiazd na \u015bwiecie. Na ekranie debiutowa\u0142a&hellip;\n","protected":false},"author":2,"featured_media":661887,"comment_status":"","ping_status":"","sticky":false,"template":"","format":"standard","meta":{"footnotes":"","_share_on_mastodon":"0"},"categories":[22],"tags":[61195,122,48,125,46,42,38,40,39,41,123,47,40101,7973],"class_list":["post-661886","post","type-post","status-publish","format-standard","has-post-thumbnail","category-rozrywka","tag-bottomfeed_styl","tag-entertainment","tag-nat_styl","tag-newsy","tag-omp","tag-pl","tag-poland","tag-polish","tag-polska","tag-polski","tag-rozrywka","tag-screening_general","tag-stare_zdjecia_gwiazd","tag-zendaya"],"share_on_mastodon":{"url":"https:\/\/pubeurope.com\/@pl\/117200388613464126","error":""},"_links":{"self":[{"href":"https:\/\/www.europesays.com\/pl\/wp-json\/wp\/v2\/posts\/661886","targetHints":{"allow":["GET"]}}],"collection":[{"href":"https:\/\/www.europesays.com\/pl\/wp-json\/wp\/v2\/posts"}],"about":[{"href":"https:\/\/www.europesays.com\/pl\/wp-json\/wp\/v2\/types\/post"}],"author":[{"embeddable":true,"href":"https:\/\/www.europesays.com\/pl\/wp-json\/wp\/v2\/users\/2"}],"replies":[{"embeddable":true,"href":"https:\/\/www.europesays.com\/pl\/wp-json\/wp\/v2\/comments?post=661886"}],"version-history":[{"count":0,"href":"https:\/\/www.europesays.com\/pl\/wp-json\/wp\/v2\/posts\/661886\/revisions"}],"wp:featuredmedia":[{"embeddable":true,"href":"https:\/\/www.europesays.com\/pl\/wp-json\/wp\/v2\/media\/661887"}],"wp:attachment":[{"href":"https:\/\/www.europesays.com\/pl\/wp-json\/wp\/v2\/media?parent=661886"}],"wp:term":[{"taxonomy":"category","embeddable":true,"href":"https:\/\/www.europesays.com\/pl\/wp-json\/wp\/v2\/categories?post=661886"},{"taxonomy":"post_tag","embeddable":true,"href":"https:\/\/www.europesays.com\/pl\/wp-json\/wp\/v2\/tags?post=661886"}],"curies":[{"name":"wp","href":"https:\/\/api.w.org\/{rel}","templated":true}]}}