{"id":661900,"date":"2026-09-02T08:05:15","date_gmt":"2026-09-02T08:05:15","guid":{"rendered":"https:\/\/www.europesays.com\/pl\/661900\/"},"modified":"2026-09-02T08:05:15","modified_gmt":"2026-09-02T08:05:15","slug":"karol-nawrocki-spotka-sie-z-trumpem-prezydencki-minister-wskazal-termin","status":"publish","type":"post","link":"https:\/\/www.europesays.com\/pl\/661900\/","title":{"rendered":"Karol Nawrocki spotka si\u0119 z Trumpem. Prezydencki minister wskaza\u0142 termin"},"content":{"rendered":"<p>W opublikowanej w \u015brod\u0119 rozmowie Przydacz by\u0142 pytany m.in. o trwaj\u0105cy ameryka\u0144ski przegl\u0105d rozmieszczenia wojsk w Europie.<\/p>\n<p>Oceni\u0142, \u017ce prace te najpewniej zostan\u0105 podsumowane jesieni\u0105 i &#8222;nale\u017cy si\u0119 spodziewa\u0107, \u017ce dokument spowoduje obni\u017cenie liczby ameryka\u0144skich \u017co\u0142nierzy w Europie jako takiej&#8221;. &#8222;Naszym zadaniem jest, by w Polsce tak si\u0119 nie sta\u0142o \u2014 wr\u0119cz przeciwnie&#8221; \u2014 stwierdzi\u0142 Przydacz.<\/p>\n<p><a href=\"https:\/\/www.onet.pl\/\" title=\"Strona G\u0142\u00f3wna\" aria-label=\"Strona G\u0142\u00f3wna\" data-astro-prefetch=\"tap\" class=\"ods-a-logo-main-desktop\" rel=\"nofollow noopener\" target=\"_blank\"><img src=\"https:\/\/cdn.wiadomosci.onet.pl\/img\/Logo_desktop_Onet.svg\" class=\"ods-a-logo-main-desktop__image\" alt=\"Logo\" width=\"107\" height=\"60\" fetchpriority=\"high\" decoding=\"sync\" style=\"height:60px\"\/><\/a><\/p>\n<p class=\"ods-m-google-article__text\">Czytaj nas cz\u0119\u015bciej w Google<\/p>\n<p><a href=\"https:\/\/google.com\/preferences\/source?q=onet.pl\" target=\"_blank\" rel=\"noopener noreferrer nofollow\" aria-label=\"Dodaj w Google\" title=\"Dodaj w Google\" class=\"ods-a-button ods-a-button__primary ods-a-button__default ods-a-button-l\">Dodaj w Google<\/a>Dalszy ci\u0105g artyku\u0142u pod materia\u0142em wideo&#8221;Intensywny dialog&#8221;. Prezydencki minister o kontaktach na linii Nawrocki-Trump<\/p>\n<p>Jak doda\u0142, prezydent USA Donald Trump &#8222;za spraw\u0105 dobrych bezpo\u015brednich kontakt\u00f3w z prezydentem Nawrockim opublikowa\u0142 nie tak dawno komunikat, \u017ce do Polski zostanie wys\u0142anych dodatkowych kilka tysi\u0119cy \u017co\u0142nierzy&#8221;.<\/p>\n<p class=\"ods-o-frame-in-text__paragraph\"><a href=\"https:\/\/wiadomosci.onet.pl\/swiat\/poparcie-dla-trumpa-szoruje-po-dnie-sondaze-sa-bezlitosne-armia-maga-sie-kruszy\/e2jy6w4?tpcc=202608_bloczek_newsroom\" id=\"24d36994-9638-4199-b825-a4ef1154bf7d\" rel=\"nofollow noopener\" target=\"_blank\">Poparcie dla Trumpa szoruje po dnie. Sonda\u017ce s\u0105 bezlitosne. Armia MAGA si\u0119 kruszy<\/a><\/p>\n<p><img class=\"ods-a-photo ods-a-photo--background\" src=\"https:\/\/www.europesays.com\/pl\/wp-content\/uploads\/2026\/09\/lK2k9lBaHR0cHM6Ly9vY2RuLmV1L3B1bHNjbXMvTURBXy84NDg2MDJiYmFiZGNlODQ4YWM4ODEwYjI4YjZlZDQ3Yy5qcGeRlQLNA.jpeg\" height=\"300\" width=\"450\" alt=\"Donald Trump\" loading=\"lazy\" fetchpriority=\"low\" decoding=\"async\"\/><\/p>\n<p>&#8222;Je\u015bli rz\u0105d b\u0119dzie wsp\u00f3\u0142pracowa\u0142 tutaj z o\u015brodkiem prezydenckim, b\u0119dziemy na dobrej drodze do tego aby t\u0119 obecno\u015b\u0107 nie tylko utrzyma\u0107, ale rozszerzy\u0107 \u2014 zmieni\u0107 jej status&#8221; \u2014 oceni\u0142 Przydacz.<\/p>\n<p>Doda\u0142, \u017ce prezydent prowadzi &#8222;intensywny dialog&#8221; z Donaldem Trumpem. \u2014 Na ten moment, w najbli\u017cszych dniach czy tygodniach, nie ma na agendzie bezpo\u015bredniego spotkania. Ale odpowiadam: tak, prezydent spotka si\u0119 jeszcze w tym roku z prezydentem Trumpem \u2014 w grudniu w Miami, na szczycie G20 \u2014 poinformowa\u0142.<\/p>\n<p>Wracaj\u0105c do tematu ameryka\u0144skiej obecno\u015bci wojskowej, wskaza\u0142, \u017ce teraz obecno\u015b\u0107 to &#8222;w wi\u0119kszo\u015bci permanent rotation \u2014 ci\u0105g\u0142a rotacja&#8221;.<\/p>\n<p>&#8222;Mam absolutn\u0105 pewno\u015b\u0107, \u017ce posiadanie sta\u0142ych baz w Polsce jest na wyci\u0105gni\u0119cie r\u0119ki \u2014 trzeba tylko aktywnie dzia\u0142a\u0107&#8221; \u2014 oceni\u0142 Przydacz. Jego zdaniem Ministerstwo Spraw Zagranicznych i Ministerstwo Obrony Narodowej w tej sprawie &#8222;nie pracuj\u0105 wystarczaj\u0105co intensywnie&#8221;.<\/p>\n","protected":false},"excerpt":{"rendered":"W opublikowanej w \u015brod\u0119 rozmowie Przydacz by\u0142 pytany m.in. o trwaj\u0105cy ameryka\u0144ski przegl\u0105d rozmieszczenia wojsk w Europie. Oceni\u0142,&hellip;\n","protected":false},"author":2,"featured_media":661901,"comment_status":"","ping_status":"","sticky":false,"template":"","format":"standard","meta":{"footnotes":"","_share_on_mastodon":"0"},"categories":[62712],"tags":[61195,690,49,45,48,46,55,47,71],"class_list":["post-661900","post","type-post","status-publish","format-standard","has-post-thumbnail","category-karol-nawrocki","tag-bottomfeed_styl","tag-karol-nawrocki","tag-kraj","tag-marcin_przydacz","tag-nat_styl","tag-omp","tag-phx","tag-screening_general","tag-usa"],"share_on_mastodon":{"url":"https:\/\/pubeurope.com\/@pl\/117200416014526612","error":""},"_links":{"self":[{"href":"https:\/\/www.europesays.com\/pl\/wp-json\/wp\/v2\/posts\/661900","targetHints":{"allow":["GET"]}}],"collection":[{"href":"https:\/\/www.europesays.com\/pl\/wp-json\/wp\/v2\/posts"}],"about":[{"href":"https:\/\/www.europesays.com\/pl\/wp-json\/wp\/v2\/types\/post"}],"author":[{"embeddable":true,"href":"https:\/\/www.europesays.com\/pl\/wp-json\/wp\/v2\/users\/2"}],"replies":[{"embeddable":true,"href":"https:\/\/www.europesays.com\/pl\/wp-json\/wp\/v2\/comments?post=661900"}],"version-history":[{"count":0,"href":"https:\/\/www.europesays.com\/pl\/wp-json\/wp\/v2\/posts\/661900\/revisions"}],"wp:featuredmedia":[{"embeddable":true,"href":"https:\/\/www.europesays.com\/pl\/wp-json\/wp\/v2\/media\/661901"}],"wp:attachment":[{"href":"https:\/\/www.europesays.com\/pl\/wp-json\/wp\/v2\/media?parent=661900"}],"wp:term":[{"taxonomy":"category","embeddable":true,"href":"https:\/\/www.europesays.com\/pl\/wp-json\/wp\/v2\/categories?post=661900"},{"taxonomy":"post_tag","embeddable":true,"href":"https:\/\/www.europesays.com\/pl\/wp-json\/wp\/v2\/tags?post=661900"}],"curies":[{"name":"wp","href":"https:\/\/api.w.org\/{rel}","templated":true}]}}