{"id":661906,"date":"2026-09-02T08:11:14","date_gmt":"2026-09-02T08:11:14","guid":{"rendered":"https:\/\/www.europesays.com\/pl\/661906\/"},"modified":"2026-09-02T08:11:14","modified_gmt":"2026-09-02T08:11:14","slug":"nowoczesna-superszybka-lodz-sar-zakupiona-przez-orlen-wideo","status":"publish","type":"post","link":"https:\/\/www.europesays.com\/pl\/661906\/","title":{"rendered":"Nowoczesna superszybka \u0142\u00f3d\u017a SAR zakupiona przez ORLEN &#8211; Wideo"},"content":{"rendered":"<p>                         6 wy\u015bwietle\u0144<\/p>\n<p>                    2 wrze\u015bnia 2026<\/p>\n<p class=\"videoInfo__desc\" data-tv--watch-target=\"desc\">Ten morski ambulans p\u0119dzi 80 km\/h i nie boi si\u0119 \u017cadnej fali. Fundacja ORLEN przekaza\u0142a s\u0142u\u017cbie SAR nowoczesn\u0105 jednostk\u0119, kt\u00f3ra odmieni ratownictwo morskie. Kajetan to nie tylko pr\u0119dko\u015b\u0107, ale przede wszystkim najwy\u017csze standardy bezpiecze\u0144stwa i komfort termiczny dla poszkodowanych na pe\u0142nym morzu.<\/p>\n<p>            czytaj wi\u0119cej<\/p>\n","protected":false},"excerpt":{"rendered":"6 wy\u015bwietle\u0144 2 wrze\u015bnia 2026 Ten morski ambulans p\u0119dzi 80 km\/h i nie boi si\u0119 \u017cadnej fali. Fundacja&hellip;\n","protected":false},"author":2,"featured_media":661907,"comment_status":"","ping_status":"","sticky":false,"template":"","format":"standard","meta":{"footnotes":"","_share_on_mastodon":"0"},"categories":[52097],"tags":[3139,425,1064,128342,3652,1615,774,42,38,40,39,41,28410,28688,1348],"class_list":["post-661906","post","type-post","status-publish","format-standard","has-post-thumbnail","category-orlen","tag-baltyk","tag-bezpieczenstwo","tag-gdynia","tag-kajetan","tag-lodz","tag-morze","tag-orlen","tag-pl","tag-poland","tag-polish","tag-polska","tag-polski","tag-ratownictwo","tag-sar","tag-technologia"],"share_on_mastodon":{"url":"https:\/\/pubeurope.com\/@pl\/117200439389566469","error":""},"_links":{"self":[{"href":"https:\/\/www.europesays.com\/pl\/wp-json\/wp\/v2\/posts\/661906","targetHints":{"allow":["GET"]}}],"collection":[{"href":"https:\/\/www.europesays.com\/pl\/wp-json\/wp\/v2\/posts"}],"about":[{"href":"https:\/\/www.europesays.com\/pl\/wp-json\/wp\/v2\/types\/post"}],"author":[{"embeddable":true,"href":"https:\/\/www.europesays.com\/pl\/wp-json\/wp\/v2\/users\/2"}],"replies":[{"embeddable":true,"href":"https:\/\/www.europesays.com\/pl\/wp-json\/wp\/v2\/comments?post=661906"}],"version-history":[{"count":0,"href":"https:\/\/www.europesays.com\/pl\/wp-json\/wp\/v2\/posts\/661906\/revisions"}],"wp:featuredmedia":[{"embeddable":true,"href":"https:\/\/www.europesays.com\/pl\/wp-json\/wp\/v2\/media\/661907"}],"wp:attachment":[{"href":"https:\/\/www.europesays.com\/pl\/wp-json\/wp\/v2\/media?parent=661906"}],"wp:term":[{"taxonomy":"category","embeddable":true,"href":"https:\/\/www.europesays.com\/pl\/wp-json\/wp\/v2\/categories?post=661906"},{"taxonomy":"post_tag","embeddable":true,"href":"https:\/\/www.europesays.com\/pl\/wp-json\/wp\/v2\/tags?post=661906"}],"curies":[{"name":"wp","href":"https:\/\/api.w.org\/{rel}","templated":true}]}}