{"id":661910,"date":"2026-09-02T08:15:16","date_gmt":"2026-09-02T08:15:16","guid":{"rendered":"https:\/\/www.europesays.com\/pl\/661910\/"},"modified":"2026-09-02T08:15:16","modified_gmt":"2026-09-02T08:15:16","slug":"ponad-550-uczestnikow-odkrywalo-swiat-zawodow-trzecia-edycja-projektu-lublin-zawodowcy-za-nami","status":"publish","type":"post","link":"https:\/\/www.europesays.com\/pl\/661910\/","title":{"rendered":"Ponad 550 uczestnik\u00f3w odkrywa\u0142o \u015bwiat zawod\u00f3w. Trzecia edycja projektu \u201eLublin.Zawodowcy\u201d za nami"},"content":{"rendered":"<p>Tegoroczna ods\u0142ona projektu rozpocz\u0119\u0142a si\u0119 29 czerwca i trwa\u0142a przez dziewi\u0119\u0107 kolejnych tygodni wakacji. Jej uczestnicy mogli z bliska zobaczy\u0107, jak wygl\u0105da codzienna praca przedstawicieli r\u00f3\u017cnych profesji, pozna\u0107 wykorzystywane przez nich narz\u0119dzia oraz zdoby\u0107 praktyczne umiej\u0119tno\u015bci.<\/p>\n<p>\u2014 Kolejny raz zaprosili\u015bmy dzieci do \u015bwiata lubelskich przedsi\u0119biorstw i instytucji, pokazuj\u0105c im, \u017ce nauka o pracy nie musi ogranicza\u0107 si\u0119 do ksi\u0105\u017cek czy szkolnych zaj\u0119\u0107. Uczestnicy mieli okazj\u0119 zajrze\u0107 za kulisy r\u00f3\u017cnych profesji, pozna\u0107 ludzi, kt\u00f3rzy wykonuj\u0105 je na co dzie\u0144 i przekona\u0107 si\u0119, jak ich praca wp\u0142ywa na otaczaj\u0105cy nas \u015bwiat. Zale\u017cy nam, aby dzi\u0119ki projektowi m\u0142odzi mieszka\u0144cy naszego miasta mogli lepiej pozna\u0107 \u015bwiat zawod\u00f3w, odkrywa\u0107 w\u0142asne zainteresowania i zobaczy\u0107, \u017ce praca mo\u017ce by\u0107 nie tylko obowi\u0105zkiem, ale r\u00f3wnie\u017c \u017ar\u00f3d\u0142em satysfakcji i sposobem na realizowanie swoich pasji \u2014 m\u00f3wi Anna Augustyniak, Zast\u0119pca Prezydenta Miasta Lublin ds. Spo\u0142ecznych.<\/p>\n<p>Nauka przez do\u015bwiadczenie<\/p>\n<p>\u201eLublin.Zawodowcy\u201d to wakacyjny projekt spo\u0142eczny skierowany do dzieci w wieku od 6 do 14 lat oraz ich rodzic\u00f3w lub dziadk\u00f3w. Bezp\u0142atne spotkania odbywaj\u0105 si\u0119 w funkcjonuj\u0105cych na terenie Lublina przedsi\u0119biorstwach i instytucjach.<\/p>\n<p>Rol\u0119 przewodnik\u00f3w pe\u0142ni\u0105 pracownicy poszczeg\u00f3lnych organizacji. Pokazuj\u0105 uczestnikom miejsca na co dzie\u0144 niedost\u0119pne dla odwiedzaj\u0105cych, prezentuj\u0105 wyposa\u017cenie i powstaj\u0105ce produkty, a tak\u017ce opowiadaj\u0105 o historii instytucji, zasadach pracy oraz osobach, kt\u00f3re przyczyni\u0142y si\u0119 do ich rozwoju.<\/p>\n<p>Ka\u017cda wizyta sk\u0142ada si\u0119 z trzech cz\u0119\u015bci. Pierwsza obejmuje oprowadzanie po przedsi\u0119biorstwie lub instytucji, druga przybli\u017ca specyfik\u0119 danego zawodu, a trzecia pozwala uczestnikom zdoby\u0107 praktyczne umiej\u0119tno\u015bci.<\/p>\n<p>\u2014 Sukces tego projektu to w du\u017cej mierze zas\u0142uga pracownik\u00f3w naszych partner\u00f3w, kt\u00f3rzy z ogromnym zaanga\u017cowaniem, pasj\u0105 i profesjonalizmem opowiadali o swojej pracy. Mia\u0142em przyjemno\u015b\u0107 osobi\u015bcie uczestniczy\u0107 w tych niezwyk\u0142ych wizytach i zobaczy\u0107, z jak\u0105 otwarto\u015bci\u0105 dzielili si\u0119 swoj\u0105 wiedz\u0105 i do\u015bwiadczeniem. To w\u0142a\u015bnie dzi\u0119ki nim dzieci mog\u0142y zajrze\u0107 za kulisy codziennej pracy firm i instytucji, pozna\u0107 r\u00f3\u017cne zawody z bliska i przekona\u0107 si\u0119, \u017ce nauka mo\u017ce by\u0107 fascynuj\u0105c\u0105 przygod\u0105. Serdecznie dzi\u0119kuj\u0119 naszym partnerom za kolejny sezon pe\u0142en inspiruj\u0105cych spotka\u0144 oraz wszystkim uczestnikom za ich ciekawo\u015b\u0107, energi\u0119 i wsp\u00f3lnie sp\u0119dzony czas \u2014 m\u00f3wi S\u0142awomir Skowronek, Dyrektor Wydzia\u0142u Inicjatyw i Program\u00f3w Spo\u0142ecznych Urz\u0119du Miasta Lublin.<\/p>\n<p><img aria-describedby=\"caption-attachment-525663\" loading=\"lazy\" decoding=\"async\" class=\"wp-image-525663 size-medium\" src=\"https:\/\/www.europesays.com\/pl\/wp-content\/uploads\/2026\/09\/Lublin_Zawodowcy_fot_-Miasto-Lublin_4-640x427.jpg\" alt=\"Ponad 550 uczestnik\u00f3w odkrywa\u0142o \u015bwiat zawod\u00f3w. Trzecia edycja projektu \u201eLublin.Zawodowcy\u201d za nami\" width=\"500\" height=\"334\"  \/><\/p>\n<p id=\"caption-attachment-525663\" class=\"wp-caption-text\">fot. UM Lublin<\/p>\n<p>Od kliniki weterynaryjnej po studio radiowe<\/p>\n<p>Podczas 19 spotka\u0144 uczestnicy odwiedzili 13 lubelskich przedsi\u0119biorstw i instytucji. Na li\u015bcie znalaz\u0142y si\u0119 Kliniki Weterynaryjne Wydzia\u0142u Medycyny Weterynaryjnej Uniwersytetu Przyrodniczego oraz O\u015brodek Konny Felin nale\u017c\u0105cy do Wydzia\u0142u Nauk o Zwierz\u0119tach i Biogospodarki.<\/p>\n<p>Mi\u0119dzypokoleniowe grupy go\u015bci\u0142y r\u00f3wnie\u017c w Komendzie Miejskiej Pa\u0144stwowej Stra\u017cy Po\u017carnej w Lublinie, Komendzie Miejskiej Policji w Lublinie, Herbapolu-Lublin, TVP3 Lublin, Lubelskim Przedsi\u0119biorstwie Energetyki Cieplnej, Polskim Radiu Lublin, IBB Hotel Grand Hotel, Archiwum Pa\u0144stwowym, Miejskim Przedsi\u0119biorstwie Komunikacyjnym Lublin, Klubie \u017bu\u017clowym Orlen Oil Motor Lublin oraz Urz\u0119dzie Miasta Lublin.<\/p>\n<p>Dzieci dowiedzia\u0142y si\u0119 mi\u0119dzy innymi, jak karmi\u0107 zwierz\u0119ta i w\u0142a\u015bciwie o nie dba\u0107. Mog\u0142y tak\u017ce spr\u00f3bowa\u0107 jazdy konnej, przyjrze\u0107 si\u0119 pracy stra\u017cak\u00f3w i policjant\u00f3w oraz sprawdzi\u0107, jak funkcjonuje nowoczesna zajezdnia trolejbusowa.<\/p>\n<p>Uczestnicy zobaczyli r\u00f3wnie\u017c zaplecze zawodowego klubu sportowego i gabinet prezydenta miasta. Poznali codzienn\u0105 prac\u0119 dziennikarzy, nagrywali reporta\u017ce radiowe i telewizyjne, odkrywali drog\u0119, jak\u0105 pokonuje ciep\u0142o, zanim trafi do domowych grzejnik\u00f3w, oraz zg\u0142\u0119biali tajniki pracy z dokumentami historycznymi. Jedna z wizyt pozwoli\u0142a im tak\u017ce pozna\u0107 zasady funkcjonowania bran\u017cy hotelarskiej i kulisy profesjonalnej obs\u0142ugi go\u015bci.<\/p>\n<p>Tegoroczna edycja odbywa\u0142a si\u0119 pod has\u0142em \u201eZobacz. Dotknij. Poznaj!\u201d. Pomys\u0142odawc\u0105 i koordynatorem przedsi\u0119wzi\u0119cia jest Wydzia\u0142 Inicjatyw i Program\u00f3w Spo\u0142ecznych Urz\u0119du Miasta Lublin. Projekt realizowany jest w ramach Programu \u201eRodzina Trzy Plus\u201d.<\/p>\n<p><img aria-describedby=\"caption-attachment-525662\" loading=\"lazy\" decoding=\"async\" class=\"wp-image-525662 size-medium\" src=\"https:\/\/www.europesays.com\/pl\/wp-content\/uploads\/2026\/09\/Lublin_Zawodowcy_fot_-Miasto-Lublin_1-640x427.jpg\" alt=\"Ponad 550 uczestnik\u00f3w odkrywa\u0142o \u015bwiat zawod\u00f3w. Trzecia edycja projektu \u201eLublin.Zawodowcy\u201d za nami\" width=\"500\" height=\"334\"  \/><\/p>\n<p id=\"caption-attachment-525662\" class=\"wp-caption-text\">fot. UM Lublin<\/p>\n<p>\u0179r\u00f3d\u0142o: UM Lublin<\/p>\n<p>\n                                    <a href=\"https:\/\/www.google.com\/preferences\/source?q=lublin112.pl\" target=\"_blank\" rel=\"noopener noreferrer nofollow\" onclick=\"if (!window.__cfRLUnblockHandlers) return false; gtag(&#039;event&#039;, &#039;google_preferred_source_click&#039;, {&#010;                                           &#039;link_url&#039;: this.href,&#010;                                           &#039;link_text&#039;: &#039;Ustaw lublin112.pl jako preferowane \u017ar\u00f3d\u0142o&#039;&#010;                                       });\" style=\"text-align:center;display:block;\" data-cf-modified-df585f3aa671c8b97192bd82-=\"\"><br \/>\n                                        <img decoding=\"async\" src=\"https:\/\/www.europesays.com\/pl\/wp-content\/uploads\/2026\/09\/1788336916_192_lublin112-google-source.webp\" alt=\"Ustaw lublin112.pl jako preferowane \u017ar\u00f3d\u0142o w Google\" style=\"max-width: 70%;\"\/><br \/>\n                                    <\/a><br \/>\n                                    <\/p>\n","protected":false},"excerpt":{"rendered":"Tegoroczna ods\u0142ona projektu rozpocz\u0119\u0142a si\u0119 29 czerwca i trwa\u0142a przez dziewi\u0119\u0107 kolejnych tygodni wakacji. Jej uczestnicy mogli z&hellip;\n","protected":false},"author":2,"featured_media":661911,"comment_status":"","ping_status":"","sticky":false,"template":"","format":"standard","meta":{"footnotes":"","_share_on_mastodon":"0"},"categories":[51612],"tags":[1264,3622,1081,99765,42,38,40,39,41,100101,66290,2526,1572],"class_list":["post-661910","post","type-post","status-publish","format-standard","has-post-thumbnail","category-lublin","tag-dzieci","tag-edukacja","tag-lublin","tag-lublin-zawodowcy","tag-pl","tag-poland","tag-polish","tag-polska","tag-polski","tag-rodzina-trzy-plus","tag-rodziny","tag-wakacje","tag-zawody"],"share_on_mastodon":{"url":"https:\/\/pubeurope.com\/@pl\/117200457419515301","error":""},"_links":{"self":[{"href":"https:\/\/www.europesays.com\/pl\/wp-json\/wp\/v2\/posts\/661910","targetHints":{"allow":["GET"]}}],"collection":[{"href":"https:\/\/www.europesays.com\/pl\/wp-json\/wp\/v2\/posts"}],"about":[{"href":"https:\/\/www.europesays.com\/pl\/wp-json\/wp\/v2\/types\/post"}],"author":[{"embeddable":true,"href":"https:\/\/www.europesays.com\/pl\/wp-json\/wp\/v2\/users\/2"}],"replies":[{"embeddable":true,"href":"https:\/\/www.europesays.com\/pl\/wp-json\/wp\/v2\/comments?post=661910"}],"version-history":[{"count":0,"href":"https:\/\/www.europesays.com\/pl\/wp-json\/wp\/v2\/posts\/661910\/revisions"}],"wp:featuredmedia":[{"embeddable":true,"href":"https:\/\/www.europesays.com\/pl\/wp-json\/wp\/v2\/media\/661911"}],"wp:attachment":[{"href":"https:\/\/www.europesays.com\/pl\/wp-json\/wp\/v2\/media?parent=661910"}],"wp:term":[{"taxonomy":"category","embeddable":true,"href":"https:\/\/www.europesays.com\/pl\/wp-json\/wp\/v2\/categories?post=661910"},{"taxonomy":"post_tag","embeddable":true,"href":"https:\/\/www.europesays.com\/pl\/wp-json\/wp\/v2\/tags?post=661910"}],"curies":[{"name":"wp","href":"https:\/\/api.w.org\/{rel}","templated":true}]}}