{"id":661926,"date":"2026-09-02T08:23:17","date_gmt":"2026-09-02T08:23:17","guid":{"rendered":"https:\/\/www.europesays.com\/pl\/661926\/"},"modified":"2026-09-02T08:23:17","modified_gmt":"2026-09-02T08:23:17","slug":"afera-zondacrypto-wstrzasnela-polska-to-jest-ogromny-skandal","status":"publish","type":"post","link":"https:\/\/www.europesays.com\/pl\/661926\/","title":{"rendered":"Afera Zondacrypto wstrz\u0105sn\u0119\u0142a Polsk\u0105. &#8222;To jest ogromny skandal&#8221;"},"content":{"rendered":"<p>Dalszy ci\u0105g artyku\u0142u pod materia\u0142em wideo&#8221;Ta afera to takie spoiwo, kt\u00f3re \u0142\u0105czy ca\u0142\u0105 praw\u0105 stron\u0119&#8221;<a href=\"https:\/\/www.onet.pl\/\" title=\"Strona G\u0142\u00f3wna\" aria-label=\"Strona G\u0142\u00f3wna\" data-astro-prefetch=\"tap\" class=\"ods-a-logo-main-desktop\" rel=\"nofollow noopener\" target=\"_blank\"><img src=\"https:\/\/cdn.wiadomosci.onet.pl\/img\/Logo_desktop_Onet.svg\" class=\"ods-a-logo-main-desktop__image\" alt=\"Logo\" width=\"107\" height=\"60\" fetchpriority=\"high\" decoding=\"sync\" style=\"height:60px\"\/><\/a><\/p>\n<p class=\"ods-m-google-article__text\">Czytaj nas cz\u0119\u015bciej w Google<\/p>\n<p><a href=\"https:\/\/google.com\/preferences\/source?q=wiadomosci.onet.pl\" target=\"_blank\" rel=\"noopener noreferrer nofollow\" aria-label=\"Dodaj w Google\" title=\"Dodaj w Google\" class=\"ods-a-button ods-a-button__primary ods-a-button__default ods-a-button-l\">Dodaj w Google<\/a><\/p>\n<p>O spraw\u0119 Zondacrypto pytany by\u0142 w programie &#8222;Onet Rano.&#8221; europose\u0142 Koalicji Obywatelskiej \u0141ukasz Kohut. \u2014 To jest absolutnie ogromna afera. Jeszcze dzi\u015b wyp\u0142yn\u0119\u0142y te wszystkie fakty, \u017ce Piesiewicz sprzeda\u0142 wizerunki sportowc\u00f3w, olimpijczyk\u00f3w i mo\u017cliwo\u015b\u0107 wykorzystywania ich g\u0142os\u00f3w w reklamach, to jest obrzydliwa afera \u2014 m\u00f3wi\u0142 polityk.<\/p>\n<p>O co dok\u0142adnie chodzi w aferze Zondacrypto [WYJA\u015aNIAMY]<img class=\"ods-a-photo ods-a-photo--background\" src=\"https:\/\/www.europesays.com\/pl\/wp-content\/uploads\/2026\/09\/qKuk9lBaHR0cHM6Ly9vY2RuLmV1L3B1bHNjbXMvTURBXy8wMTUwMTFjZTA1ZmRmYTE1YzJiMmJiNTBlOGU2YmM0OS5qcGeRlQLNA.jpeg\" height=\"254\" width=\"450\" alt=\"Przemys\u0142aw Kral\" loading=\"lazy\" fetchpriority=\"low\" decoding=\"async\"\/><\/p>\n<p>Podkre\u015bli\u0142, \u017ce &#8222;to jest ogromny skandal&#8221;. \u2014 Tak nie mo\u017ce by\u0107, \u017ce partyjni dzia\u0142acze niszcz\u0105 wizerunek polskiego sportu na \u015bwiecie (&#8230;) Ta afera to takie spoiwo, kt\u00f3re \u0142\u0105czy ca\u0142\u0105 praw\u0105 stron\u0119. Kampania Nawrockiego by\u0142a mocno oparta na funduszach z Zondacrypto \u2014 przekonywa\u0142 Kohut.<\/p>\n<p>\u2014 Zezna\u0144 Krala najbardziej boj\u0105 si\u0119 wszyscy politycy PiS, pan Wipler, pan Romanowski, docelowo tak\u017ce prezydent Nawrocki. Prawa strona na pewno si\u0119 boi, dlatego wrzucaj\u0105 jakie\u015b takie bzdurne oskar\u017cenia w stron\u0119 premiera Tuska, kt\u00f3ry oczywi\u015bcie nie ma z t\u0105 afer\u0105 nic wsp\u00f3lnego \u2014 stwierdzi\u0142 europose\u0142 KO.<\/p>\n<p>Opracowanie:Rados\u0142aw Opas<\/p>\n<p>Data utworzenia:2 wrze\u015bnia 2026, 09:09<\/p>\n","protected":false},"excerpt":{"rendered":"Dalszy ci\u0105g artyku\u0142u pod materia\u0142em wideo&#8221;Ta afera to takie spoiwo, kt\u00f3re \u0142\u0105czy ca\u0142\u0105 praw\u0105 stron\u0119&#8221; Czytaj nas cz\u0119\u015bciej&hellip;\n","protected":false},"author":2,"featured_media":661927,"comment_status":"","ping_status":"","sticky":false,"template":"","format":"standard","meta":{"footnotes":"","_share_on_mastodon":"0"},"categories":[12],"tags":[12913,61195,49,30354,48,46,529,42,38,40,39,41,15346,47,17994],"class_list":["post-661926","post","type-post","status-publish","format-standard","has-post-thumbnail","category-polska","tag-_onet_rano_","tag-bottomfeed_styl","tag-kraj","tag-lukasz_kohut","tag-nat_styl","tag-omp","tag-pis","tag-pl","tag-poland","tag-polish","tag-polska","tag-polski","tag-radoslaw_piesiewicz","tag-screening_general","tag-zondacrypto"],"share_on_mastodon":{"url":"https:\/\/pubeurope.com\/@pl\/117200487651540375","error":""},"_links":{"self":[{"href":"https:\/\/www.europesays.com\/pl\/wp-json\/wp\/v2\/posts\/661926","targetHints":{"allow":["GET"]}}],"collection":[{"href":"https:\/\/www.europesays.com\/pl\/wp-json\/wp\/v2\/posts"}],"about":[{"href":"https:\/\/www.europesays.com\/pl\/wp-json\/wp\/v2\/types\/post"}],"author":[{"embeddable":true,"href":"https:\/\/www.europesays.com\/pl\/wp-json\/wp\/v2\/users\/2"}],"replies":[{"embeddable":true,"href":"https:\/\/www.europesays.com\/pl\/wp-json\/wp\/v2\/comments?post=661926"}],"version-history":[{"count":0,"href":"https:\/\/www.europesays.com\/pl\/wp-json\/wp\/v2\/posts\/661926\/revisions"}],"wp:featuredmedia":[{"embeddable":true,"href":"https:\/\/www.europesays.com\/pl\/wp-json\/wp\/v2\/media\/661927"}],"wp:attachment":[{"href":"https:\/\/www.europesays.com\/pl\/wp-json\/wp\/v2\/media?parent=661926"}],"wp:term":[{"taxonomy":"category","embeddable":true,"href":"https:\/\/www.europesays.com\/pl\/wp-json\/wp\/v2\/categories?post=661926"},{"taxonomy":"post_tag","embeddable":true,"href":"https:\/\/www.europesays.com\/pl\/wp-json\/wp\/v2\/tags?post=661926"}],"curies":[{"name":"wp","href":"https:\/\/api.w.org\/{rel}","templated":true}]}}