{"id":66193,"date":"2025-10-24T13:09:09","date_gmt":"2025-10-24T13:09:09","guid":{"rendered":"https:\/\/www.europesays.com\/pl\/66193\/"},"modified":"2025-10-24T13:09:09","modified_gmt":"2025-10-24T13:09:09","slug":"zdazylem-zurkowi-zostawic-12-gr-krzysztof-brejza-sklada-zawiadomienie-na-michala-wosia","status":"publish","type":"post","link":"https:\/\/www.europesays.com\/pl\/66193\/","title":{"rendered":"&#8222;Zd\u0105\u017cy\u0142em \u017burkowi zostawi\u0107 12 gr&#8221;. Krzysztof Brejza sk\u0142ada zawiadomienie na Micha\u0142a Wosia"},"content":{"rendered":"<p class=\"ods-c-paragraph \">W odpowiedzi pose\u0142 PiS opublikowa\u0142 wpis w platformie X. &#8222;Widzieli\u015bcie kiedy\u015b 25 mln z\u0142 na koncie? Tylko \u017ce na minusie\u2026 drobny szczeg\u00f3\u0142. Zd\u0105\u017cy\u0142em \u017burkowi zostawi\u0107 12 gr. Waldek, tylko nie p\u0142acz, prosz\u0119&#8221; \u2014 napisa\u0142, za\u0142\u0105czaj\u0105c grafiki z rachunku bankowego.<\/p>\n<p> Jakie zarzuty postawi\u0142 Krzysztof Brejza Micha\u0142owi Wosiowi? <\/p>\n<p> Jaka kwota zosta\u0142a zabezpieczona wobec Micha\u0142a Wosia? <\/p>\n<p> Co Micha\u0142 Wo\u015b napisa\u0142 na platformie X? <\/p>\n<p> Jakie konsekwencje gro\u017c\u0105 Micha\u0142owi Wosiowi za jego dzia\u0142anie? <\/p>\n<p>       Co powiedzia\u0142 Krzysztof Brejza? <\/p>\n<p class=\"ods-c-paragraph \">\u2014 Chyba nie wie, \u017ce pope\u0142ni\u0142 w tym momencie przest\u0119pstwo zagro\u017cone sankcj\u0105 do lat 5 z art. 300 Kodeksu karnego. Wszyscy policjanci, prokuratorzy, prawnicy wiedz\u0105 o tym, by\u0107 mo\u017ce Wo\u015b nie wiedzia\u0142, \u017ce jest takie przest\u0119pstwo, kt\u00f3re dotyczy utrudniania zaspokajania wierzyciela \u2014 wyja\u015bnia\u0142 europose\u0142 KO.<\/p>\n<p class=\"ods-c-paragraph \">&#8222;Kto w celu udaremnienia wykonania orzeczenia s\u0105du lub innego organu pa\u0144stwowego udaremnia lub uszczupla zaspokojenie sk\u0142adnik\u00f3w swojego maj\u0105tku zaj\u0119tych albo zagro\u017conych zaj\u0119ciem podlega karze pozbawienia wolno\u015bci od trzech miesi\u0119cy do lat 5&#8221; \u2014 zacytowa\u0142 przepis polityk.<\/p>\n<p class=\"ods-c-paragraph \">\u2014 To jest zachowanie ewidentnie bezprawne. (&#8230;) To, \u017ce ten cz\u0142owiek sam publicznie dostarcza dowody, wskazuje, \u017ce pope\u0142nia b\u0142\u0119dy. Robi to w nerwach, jest rozdygotany, roztrz\u0119siony. Sam dostarcza materia\u0142u dowodowego prokuraturze \u2014 doda\u0142 Brejza.<\/p>\n<p class=\"ods-c-paragraph \">Zobacz tak\u017ce:<\/p>\n","protected":false},"excerpt":{"rendered":"W odpowiedzi pose\u0142 PiS opublikowa\u0142 wpis w platformie X. &#8222;Widzieli\u015bcie kiedy\u015b 25 mln z\u0142 na koncie? Tylko \u017ce&hellip;\n","protected":false},"author":2,"featured_media":66194,"comment_status":"","ping_status":"","sticky":false,"template":"","format":"standard","meta":{"footnotes":""},"categories":[5],"tags":[32,33,36,37,5168,27,49,2552,34,35,7439,28,31,48,25,46,2039,4897,42,38,40,39,41,47,29,30,70,26],"class_list":{"0":"post-66193","1":"post","2":"type-post","3":"status-publish","4":"format-standard","5":"has-post-thumbnail","7":"category-naglowki","8":"tag-breaking-news","9":"tag-breakingnews","10":"tag-featured-news","11":"tag-featurednews","12":"tag-fundusz_sprawiedliwosci","13":"tag-headlines","14":"tag-kraj","15":"tag-krzysztof_brejza","16":"tag-latest-news","17":"tag-latestnews","18":"tag-michal_wos","19":"tag-naglowki","20":"tag-najwazniejsze-artykuly","21":"tag-nat_styl","22":"tag-news","23":"tag-omp","24":"tag-pegasus_oprogramowanie","25":"tag-perso_tst0","26":"tag-pl","27":"tag-poland","28":"tag-polish","29":"tag-polska","30":"tag-polski","31":"tag-screening_general","32":"tag-top-stories","33":"tag-topstories","34":"tag-w_skrocie","35":"tag-wiadomosci"},"share_on_mastodon":{"url":"https:\/\/pubeurope.com\/@pl\/115429308307212618","error":""},"_links":{"self":[{"href":"https:\/\/www.europesays.com\/pl\/wp-json\/wp\/v2\/posts\/66193","targetHints":{"allow":["GET"]}}],"collection":[{"href":"https:\/\/www.europesays.com\/pl\/wp-json\/wp\/v2\/posts"}],"about":[{"href":"https:\/\/www.europesays.com\/pl\/wp-json\/wp\/v2\/types\/post"}],"author":[{"embeddable":true,"href":"https:\/\/www.europesays.com\/pl\/wp-json\/wp\/v2\/users\/2"}],"replies":[{"embeddable":true,"href":"https:\/\/www.europesays.com\/pl\/wp-json\/wp\/v2\/comments?post=66193"}],"version-history":[{"count":0,"href":"https:\/\/www.europesays.com\/pl\/wp-json\/wp\/v2\/posts\/66193\/revisions"}],"wp:featuredmedia":[{"embeddable":true,"href":"https:\/\/www.europesays.com\/pl\/wp-json\/wp\/v2\/media\/66194"}],"wp:attachment":[{"href":"https:\/\/www.europesays.com\/pl\/wp-json\/wp\/v2\/media?parent=66193"}],"wp:term":[{"taxonomy":"category","embeddable":true,"href":"https:\/\/www.europesays.com\/pl\/wp-json\/wp\/v2\/categories?post=66193"},{"taxonomy":"post_tag","embeddable":true,"href":"https:\/\/www.europesays.com\/pl\/wp-json\/wp\/v2\/tags?post=66193"}],"curies":[{"name":"wp","href":"https:\/\/api.w.org\/{rel}","templated":true}]}}