{"id":661940,"date":"2026-09-02T08:30:14","date_gmt":"2026-09-02T08:30:14","guid":{"rendered":"https:\/\/www.europesays.com\/pl\/661940\/"},"modified":"2026-09-02T08:30:14","modified_gmt":"2026-09-02T08:30:14","slug":"eksplozja-na-dworcu-w-augsburgu-dwie-osoby-zostaly-ranne","status":"publish","type":"post","link":"https:\/\/www.europesays.com\/pl\/661940\/","title":{"rendered":"Eksplozja na dworcu w Augsburgu. Dwie osoby zosta\u0142y ranne"},"content":{"rendered":"<p>Zg\u0142oszenie wp\u0142yn\u0119\u0142o do policji o godz. 3.15. Lekkie obra\u017cenia w wyniku eksplozji odnie\u015bli 17-letnia kobieta i 18-letni m\u0119\u017cczyzna \u2014 poinformowa\u0142a policja w rozmowie z &#8222;Bildem&#8221;. Eksplozja uszkodzi\u0142a r\u00f3wnie\u017c okna. Budynek dworca kolejowego jest ogrodzony.<\/p>\n<p>Na miejscu pracuj\u0105 specjali\u015bci od materia\u0142\u00f3w wybuchowych z Bawarskiego Krajowego Urz\u0119du Kryminalnego (LKA) \u2014 poinformowa\u0142a policja w odpowiedzi na pytania dziennikarzy.<\/p>\n<p><a href=\"https:\/\/www.onet.pl\/\" title=\"Strona G\u0142\u00f3wna\" aria-label=\"Strona G\u0142\u00f3wna\" data-astro-prefetch=\"tap\" class=\"ods-a-logo-main-desktop\" rel=\"nofollow noopener\" target=\"_blank\"><img src=\"https:\/\/cdn.wiadomosci.onet.pl\/img\/Logo_desktop_Onet.svg\" class=\"ods-a-logo-main-desktop__image\" alt=\"Logo\" width=\"107\" height=\"60\" fetchpriority=\"high\" decoding=\"sync\" style=\"height:60px\"\/><\/a><\/p>\n<p class=\"ods-m-google-article__text\">Czytaj nas cz\u0119\u015bciej w Google<\/p>\n<p><a href=\"https:\/\/google.com\/preferences\/source?q=wiadomosci.onet.pl\" target=\"_blank\" rel=\"noopener noreferrer nofollow\" aria-label=\"Dodaj w Google\" title=\"Dodaj w Google\" class=\"ods-a-button ods-a-button__primary ods-a-button__default ods-a-button-l\">Dodaj w Google<\/a><\/p>\n<p>Wed\u0142ug &#8222;Bilda&#8221; policja bada mo\u017cliwe powi\u0105zania z przest\u0119pczo\u015bci\u0105 zorganizowan\u0105. Sklep jubilerski, przed kt\u00f3rym wybuch\u0142 granat, znajduje si\u0119 w przej\u015bciu prowadz\u0105cym do dworca kolejowego w Augsburgu.<\/p>\n<p>Niemiecka sie\u0107 energetyczna zn\u00f3w na celowniku. Ten atak m\u00f3g\u0142 zako\u0144czy\u0107 si\u0119 katastrof\u0105 [ANALIZA]<img class=\"ods-a-photo ods-a-photo--background\" src=\"https:\/\/www.europesays.com\/pl\/wp-content\/uploads\/2026\/09\/zkgk9lBaHR0cHM6Ly9vY2RuLmV1L3B1bHNjbXMvTURBXy8wZWQyOTM3MjMxYWJkMTkwZDQ1Y2ZmYjFkZWRjYzA3ZS5wbmeRlQLNA.jpeg\" height=\"253\" width=\"450\" alt=\"Niemiecka policja i elektrownia Jaenschwalde\" loading=\"lazy\" fetchpriority=\"low\" decoding=\"async\"\/>Wybuch w Augsburgu. S\u0105 utrudnienia w ruchu<\/p>\n<p>&#8222;Dworzec G\u0142\u00f3wny jest teraz ca\u0142kowicie zamkni\u0119ty z powodu podejrzanego przedmiotu. Ruch poci\u0105g\u00f3w zosta\u0142 wstrzymany&#8221; \u2014 poda\u0142a policja w najnowszym komunikacie. Wcze\u015bniej ruch by\u0142 wstrzymany tylko w ograniczonym zakresie.<\/p>\n<p>Ze wzgl\u0119du na trwaj\u0105c\u0105 akcj\u0119, policja zamkn\u0119\u0142a tak\u017ce ulice w rejonie dworca g\u0142\u00f3wnego \u2014 poinformowano we wpisie na X. Komunikacja miejska w Augsburgu tak\u017ce zosta\u0142a zak\u0142\u00f3cona.<\/p>\n","protected":false},"excerpt":{"rendered":"Zg\u0142oszenie wp\u0142yn\u0119\u0142o do policji o godz. 3.15. Lekkie obra\u017cenia w wyniku eksplozji odnie\u015bli 17-letnia kobieta i 18-letni m\u0119\u017cczyzna&hellip;\n","protected":false},"author":2,"featured_media":661941,"comment_status":"","ping_status":"","sticky":false,"template":"","format":"standard","meta":{"footnotes":"","_share_on_mastodon":"0"},"categories":[14],"tags":[744,16762,61195,32,33,27,34,35,28,31,48,25,295,46,414,40,41,47,80,29,30,26,82,83,84],"class_list":["post-661940","post","type-post","status-publish","format-standard","has-post-thumbnail","category-swiat","tag-atak","tag-bawaria","tag-bottomfeed_styl","tag-breaking-news","tag-breakingnews","tag-headlines","tag-latest-news","tag-latestnews","tag-naglowki","tag-najwazniejsze-artykuly","tag-nat_styl","tag-news","tag-niemcy","tag-omp","tag-policja","tag-polish","tag-polski","tag-screening_general","tag-swiat","tag-top-stories","tag-topstories","tag-wiadomosci","tag-world","tag-world-news","tag-worldnews"],"share_on_mastodon":{"url":"https:\/\/pubeurope.com\/@pl\/117200515447379482","error":""},"_links":{"self":[{"href":"https:\/\/www.europesays.com\/pl\/wp-json\/wp\/v2\/posts\/661940","targetHints":{"allow":["GET"]}}],"collection":[{"href":"https:\/\/www.europesays.com\/pl\/wp-json\/wp\/v2\/posts"}],"about":[{"href":"https:\/\/www.europesays.com\/pl\/wp-json\/wp\/v2\/types\/post"}],"author":[{"embeddable":true,"href":"https:\/\/www.europesays.com\/pl\/wp-json\/wp\/v2\/users\/2"}],"replies":[{"embeddable":true,"href":"https:\/\/www.europesays.com\/pl\/wp-json\/wp\/v2\/comments?post=661940"}],"version-history":[{"count":0,"href":"https:\/\/www.europesays.com\/pl\/wp-json\/wp\/v2\/posts\/661940\/revisions"}],"wp:featuredmedia":[{"embeddable":true,"href":"https:\/\/www.europesays.com\/pl\/wp-json\/wp\/v2\/media\/661941"}],"wp:attachment":[{"href":"https:\/\/www.europesays.com\/pl\/wp-json\/wp\/v2\/media?parent=661940"}],"wp:term":[{"taxonomy":"category","embeddable":true,"href":"https:\/\/www.europesays.com\/pl\/wp-json\/wp\/v2\/categories?post=661940"},{"taxonomy":"post_tag","embeddable":true,"href":"https:\/\/www.europesays.com\/pl\/wp-json\/wp\/v2\/tags?post=661940"}],"curies":[{"name":"wp","href":"https:\/\/api.w.org\/{rel}","templated":true}]}}