{"id":661968,"date":"2026-09-02T08:46:14","date_gmt":"2026-09-02T08:46:14","guid":{"rendered":"https:\/\/www.europesays.com\/pl\/661968\/"},"modified":"2026-09-02T08:46:14","modified_gmt":"2026-09-02T08:46:14","slug":"lodz-wiecej-pieniedzy-dla-teatrow-muzycznego-i-pinokio","status":"publish","type":"post","link":"https:\/\/www.europesays.com\/pl\/661968\/","title":{"rendered":"\u0141\u00f3d\u017a. Wi\u0119cej pieni\u0119dzy dla teatr\u00f3w \u2013 Muzycznego i Pinokio"},"content":{"rendered":"<p>Ministerstwo Kultury i Dziedzictwa Narodowego zdecydowa\u0142o si\u0119 przed\u0142u\u017cy\u0107 porozumienie o wsp\u00f3\u0142prowadzeniu dw\u00f3ch \u0142\u00f3dzkich teatr\u00f3w: Muzycznego i Pinokio. Umowa b\u0119dzie obowi\u0105zywa\u0107 do ko\u0144ca 2031 roku.<\/p>\n<p>            <a data-lightbox=\"article-gallery\" href=\"https:\/\/e-teatr.pl\/files\/multimedias\/182435\/nowy-Pinokio.jpg\" rel=\"nofollow noopener\" target=\"_blank\">&#13;<br \/>\n        <img loading=\"lazy\" decoding=\"async\" src=\"https:\/\/www.europesays.com\/pl\/wp-content\/uploads\/2026\/09\/thumb_nowy-Pinokio.jpg\" alt=\"\" title=\"Teatr Pinokio w \u0141odzi\" width=\"1100\" height=\"733\"\/>      <\/a><\/p>\n<p>fot. mat. teatru<\/p>\n<p>Aneks do umowy o wsp\u00f3\u0142prowadzeniu obu instytucji podpisa\u0142y w Warszawie Marta Cienkowska, minister kultury i dziedzictwa narodowego oraz Hanna Zdanowska, prezydent \u0141odzi.&#13;<br \/>\nW ramach kontynuacji porozumienia miasto \u0141\u00f3d\u017a oraz Ministerstwo Kultury i Dziedzictwa Narodowego zobowi\u0105za\u0142y si\u0119 do przekazywania \u015brodk\u00f3w na prowadzenie bie\u017c\u0105cej dzia\u0142alno\u015bci teatr\u00f3w. <\/p>\n<p>Minister Kultury i Dziedzictwa Narodowego od 2027 roku b\u0119dzie przekazywa\u0107 Teatrowi Muzycznemu w \u0141odzi roczn\u0105 dotacj\u0119 podmiotow\u0105 w wysoko\u015bci nie mniejszej ni\u017c 3,1 min z\u0142. To wzrost o 600 tys. z\u0142otych wzgl\u0119dem obecnie obowi\u0105zuj\u0105cej dotacji z bud\u017cetu resortu kultury. W 2025 roku teatr otrzyma\u0142 14,6 min z\u0142otych z bud\u017cetu miasta oraz 2,5 min z\u0142otych z MKiDN.&#13;\n<\/p>\n<p>W przypadku Teatru Pinokio, minister kultury i dziedzictwa narodowego b\u0119dzie przekazywa\u0107 roczn\u0105 dotacj\u0119 podmiotow\u0105 w wysoko\u015bci nie mniejszej ni\u017c 2 min z\u0142. To wzrost o 500 tys. z\u0142otych wzgl\u0119dem obecnie obowi\u0105zuj\u0105cej dotacji z bud\u017cetu resortu kultury. Natomiast Miasto \u0141\u00f3d\u017a b\u0119dzie przekazywa\u0107 instytucji roczn\u0105 dotacj\u0119 podmiotow\u0105 w wysoko\u015bci nie mniejszej ni\u017c 7.588.761   z\u0142otych,   to   jest&#13;<br \/>\n0 1.601.859 z\u0142otych wi\u0119cej ni\u017c dotychczas.&#13;\n<\/p>\n<p>\u0141\u00f3dzki Teatr Muzyczny to obecnie samorz\u0105dowa instytucja kultury, kt\u00f3ra od 2018 roku jest wsp\u00f3\u0142prowadzona przez miasto \u0141\u00f3d\u017a oraz Ministerstwo Kultury i Dziedzictwa   Narodowego. Warto przypomnie\u0107, \u017ce w rozpoczynaj\u0105cym si\u0119 sezonie artystycznym instytucja przygotuje polsk\u0105 premier\u0119 musicalu \u201eKraina lodu&#8217; w re\u017cyserii Tadeusza Kabicza. R\u00f3wnie\u017c Teatr Pinokio jest samorz\u0105dow\u0105 instytucj\u0105 kultury, kt\u00f3ra od 2023 roku jest wsp\u00f3\u0142prowadzona przez miasto \u0141\u00f3d\u017a oraz Ministerstwo Kultury i Dziedzictwa Narodowego.<\/p>\n","protected":false},"excerpt":{"rendered":"Ministerstwo Kultury i Dziedzictwa Narodowego zdecydowa\u0142o si\u0119 przed\u0142u\u017cy\u0107 porozumienie o wsp\u00f3\u0142prowadzeniu dw\u00f3ch \u0142\u00f3dzkich teatr\u00f3w: Muzycznego i Pinokio. Umowa&hellip;\n","protected":false},"author":2,"featured_media":661969,"comment_status":"","ping_status":"","sticky":false,"template":"","format":"standard","meta":{"footnotes":"","_share_on_mastodon":"0"},"categories":[51608],"tags":[2434,8588,6588,17490,16331,51630,3652,42,38,40,39,41,649,650,11541,51629,8815,51631,8767,51628,800,8816],"class_list":["post-661968","post","type-post","status-publish","format-standard","has-post-thumbnail","category-lodz","tag-aktor","tag-aktorzy","tag-festiwal","tag-festiwale","tag-kariera","tag-kariery","tag-lodz","tag-pl","tag-poland","tag-polish","tag-polska","tag-polski","tag-premiera","tag-premiery","tag-realizacja","tag-realizacje","tag-repertuar","tag-ruch-teatralny","tag-sztuka","tag-sztuki","tag-teatr","tag-teatry"],"share_on_mastodon":{"url":"","error":""},"_links":{"self":[{"href":"https:\/\/www.europesays.com\/pl\/wp-json\/wp\/v2\/posts\/661968","targetHints":{"allow":["GET"]}}],"collection":[{"href":"https:\/\/www.europesays.com\/pl\/wp-json\/wp\/v2\/posts"}],"about":[{"href":"https:\/\/www.europesays.com\/pl\/wp-json\/wp\/v2\/types\/post"}],"author":[{"embeddable":true,"href":"https:\/\/www.europesays.com\/pl\/wp-json\/wp\/v2\/users\/2"}],"replies":[{"embeddable":true,"href":"https:\/\/www.europesays.com\/pl\/wp-json\/wp\/v2\/comments?post=661968"}],"version-history":[{"count":0,"href":"https:\/\/www.europesays.com\/pl\/wp-json\/wp\/v2\/posts\/661968\/revisions"}],"wp:featuredmedia":[{"embeddable":true,"href":"https:\/\/www.europesays.com\/pl\/wp-json\/wp\/v2\/media\/661969"}],"wp:attachment":[{"href":"https:\/\/www.europesays.com\/pl\/wp-json\/wp\/v2\/media?parent=661968"}],"wp:term":[{"taxonomy":"category","embeddable":true,"href":"https:\/\/www.europesays.com\/pl\/wp-json\/wp\/v2\/categories?post=661968"},{"taxonomy":"post_tag","embeddable":true,"href":"https:\/\/www.europesays.com\/pl\/wp-json\/wp\/v2\/tags?post=661968"}],"curies":[{"name":"wp","href":"https:\/\/api.w.org\/{rel}","templated":true}]}}