{"id":661974,"date":"2026-09-02T08:49:10","date_gmt":"2026-09-02T08:49:10","guid":{"rendered":"https:\/\/www.europesays.com\/pl\/661974\/"},"modified":"2026-09-02T08:49:10","modified_gmt":"2026-09-02T08:49:10","slug":"konfederacja-krytykuje-wydatki-bydgoszczy-chodzi-o-campus-polska-i-wsparcie-dla-ukrainskich-miast","status":"publish","type":"post","link":"https:\/\/www.europesays.com\/pl\/661974\/","title":{"rendered":"Konfederacja krytykuje wydatki Bydgoszczy. Chodzi o Campus Polska i wsparcie dla ukrai\u0144skich miast"},"content":{"rendered":"<p>fot. w\u0142asne<\/p>\n<p>        \u00a0Campus Polska a korzy\u015bci dla Bydgoszczy<\/p>\n<p>Przedstawiciele ugrupowania zwr\u00f3cili uwag\u0119 na udzia\u0142 Bydgoszczy w promowaniu\u00a0Campusu Polska, kt\u00f3ry odbywa\u0142 si\u0119 w ubieg\u0142ym tygodniu w Olsztynie.\u00a0Dzia\u0142acze sprzeciwiaj\u0105 si\u0119 finansowemu zaanga\u017cowaniu\u00a0miasta w to wydarzenie, okre\u015blaj\u0105c je jako inicjatyw\u0119 silnie zwi\u0105zan\u0105 ze \u015brodowiskami Koalicji Obywatelskiej i Lewicy.<\/p>\n<p>Jak podkre\u015bli\u0142 Bartosz Ko\u0142oma\u0144ski,\u00a0 przy deficycie bud\u017cetowym i licznych potrzebach infrastrukturalnych, miasto powinno ostro\u017cniej podchodzi\u0107 do podobnych wydatk\u00f3w:<\/p>\n<p>&#13;<\/p>\n<p>\u00a0(&#8230;)\u00a0Bydgoszcz nie ma z finansowania podobnych\u00a0wydarze\u0144 \u017cadnych korzy\u015bci.\u00a0\u00a0Jedyn\u0105 korzy\u015bci\u0105, jakiej mo\u017cna si\u0119 dopatrywa\u0107, jest znaczek na plakacie Campusu Polska, na kt\u00f3ry nikt nie zwraca uwagi, oraz satysfakcja lokalnych klakier\u00f3w,\u00a0\u00a0\u017ce spe\u0142nili sw\u00f3j partyjny obowi\u0105zek, podlizuj\u0105c si\u0119 w\u0142adzom partyjnym w centrali &#8211; m\u00f3wi\u0142.\u00a0<\/p>\n<p>&#13;<\/p>\n<p>Polityk wskazywa\u0142 m.in. na potrzeb\u0119 remont\u00f3w ulic, most\u00f3w i wiadukt\u00f3w oraz inne inwestycje oczekiwane przez mieszka\u0144c\u00f3w.<\/p>\n<p>Hanna Gutowska przypomnia\u0142a, \u017ce w ubieg\u0142ym roku Bydgoszcz przeznaczy\u0142a na Campus Polska 10 tys. z\u0142, natomiast samorz\u0105d wojew\u00f3dztwa mia\u0142 wesprze\u0107 wydarzenie kwot\u0105 40 tys. z\u0142.<\/p>\n<p>Kwota za tegoroczn\u0105 edycj\u0119 nie jest jeszcze znana przedstawicielom Konfederacji. Zapowiedzieli wi\u0119c z\u0142o\u017cenie pisma do prezydenta miasta z pro\u015bb\u0105 o jej ujawnienie.<\/p>\n<p>\u201eS\u0105 wa\u017cniejsze wydatki\u201d<\/p>\n<p>Politycy podkre\u015blali, \u017ce ich sprzeciw dotyczy przede wszystkim wykorzystywania pieni\u0119dzy publicznych.<\/p>\n<p>&#13;<\/p>\n<p>\u00a0Je\u017celi kto\u015b chce wspiera\u0107 Campus Polska, mo\u017ce robi\u0107 to z prywatnych \u015brodk\u00f3w \u2013 przekonywali podczas konferencji.<\/p>\n<p>&#13;<\/p>\n<p>Jako przyk\u0142ad\u00a0nier\u00f3wnego podej\u015bcia do finansowania wydarze\u0144 przywo\u0142ali organizowany wcze\u015bniej w Bydgoszczy Festiwal Wolno\u015bci. Wed\u0142ug Bartosza Ko\u0142oma\u0144skiego jego organizator nie otrzyma\u0142 w\u00f3wczas finansowego wsparcia miasta.<\/p>\n<p>Zdaniem przedstawicieli Konfederacji pokazuje to potrzeb\u0119 dyskusji o kryteriach, wed\u0142ug kt\u00f3rych samorz\u0105d wspiera poszczeg\u00f3lne inicjatywy.<\/p>\n<p>Krytyka wsparcia dla Czerkas i Krzemie\u0144czuka<\/p>\n<p>Konfederacja stanowczo sprzeciwia si\u0119 tak\u017ce wsparciu ukrai\u0144skich miast partnerskich \u2013 Czerkas\u00f3w i Krzemie\u0144czuka \u2013 gdzie,\u00a0\u00a0jak podkre\u015blano,\u00a0obecnie nie tocz\u0105 si\u0119 \u017cadne dzia\u0142ania wojenne.<\/p>\n<p>Bydgoszcz mia\u0142a jednak przekaza\u0107 po 100 tys. z\u0142 dla ka\u017cdego z nich, czyli \u0142\u0105cznie 200 tys. z\u0142, z przeznaczeniem na potrzeby infrastrukturalne.<\/p>\n<p>Hanna Gutowska i Bartosz Ko\u0142oma\u0144ski ocenili, \u017ce w obecnej sytuacji pieni\u0105dze te powinny pozosta\u0107 w Bydgoszczy i zosta\u0107 wykorzystane na lokalne zadania.<\/p>\n<p>&#13;<\/p>\n<p>To s\u0105 miasta w centralnej Ukrainie.\u00a0\u00a0Ukraina ma pieni\u0105dze, czy to z dofinansowa\u0144, czy te\u017c z Unii, cho\u0107by na produkcj\u0119 w\u00a0obwodzie czerkaskim ogromnego zak\u0142adu przetw\u00f3rstwa ziemniaka, kt\u00f3ry to b\u0119dzie spor\u0105 konkurencj\u0105 dla naszych polskich rolnik\u00f3w.\u00a0Tak\u017ce sytuacja nie jest krytyczna &#8211; m\u00f3wi Bartosz Ko\u0142oma\u0144ski.<\/p>\n<p>&#13;<\/p>\n<p>Przedstawiciele ugrupowania zaznaczyli jednocze\u015bnie, \u017ce inaczej oceniaj\u0105 pomoc humanitarn\u0105 przekazywan\u0105 Ukrainie po rozpocz\u0119ciu pe\u0142noskalowej wojny. W ich opinii wsparcie udzielane w sytuacjach bezpo\u015bredniego zagro\u017cenia \u017cycia i zdrowia by\u0142o uzasadnione, natomiast obecne wydatki na cele infrastrukturalne wymagaj\u0105 \u2013 ich zdaniem \u2013 ponownej oceny. Zwrocili te\u017c uwag\u0119, \u017ce w obu\u00a0 miastach partnerskich do dzi\u015b znajduj\u0105 si\u0119 ulice imienia ukrai\u0144skiego zbrodniarza, Stepana Bandery.\u00a0<\/p>\n<p>Chc\u0105 wi\u0119kszej kontroli\u00a0 publicznymi pieni\u0119dzmi<\/p>\n<p>Konfederacja zapowiedzia\u0142a dalsze dzia\u0142ania w sprawie miejskich wydatk\u00f3w. Pierwszym ma by\u0107 uzyskanie informacji o dok\u0142adnej wysoko\u015bci tegorocznego wsparcia Bydgoszczy dla Campusu Polska.<\/p>\n<p>Przedstawiciele ugrupowania podkre\u015blaj\u0105, \u017ce nawet relatywnie niewielkie kwoty powinny by\u0107 oceniane pod k\u0105tem korzy\u015bci dla mieszka\u0144c\u00f3w. Ich zdaniem priorytetem dla w\u0142adz miasta powinny pozostawa\u0107 inwestycje infrastrukturalne i zadania realizowane bezpo\u015brednio na rzecz bydgoszczan.<\/p>\n","protected":false},"excerpt":{"rendered":"fot. w\u0142asne \u00a0Campus Polska a korzy\u015bci dla Bydgoszczy Przedstawiciele ugrupowania zwr\u00f3cili uwag\u0119 na udzia\u0142 Bydgoszczy w promowaniu\u00a0Campusu Polska,&hellip;\n","protected":false},"author":2,"featured_media":661975,"comment_status":"","ping_status":"","sticky":false,"template":"","format":"standard","meta":{"footnotes":"","_share_on_mastodon":"0"},"categories":[12],"tags":[210,7132,66586,128671,1006,128672,92925,1066,42,38,40,907,39,41,65666,415,5697,1092,7336],"class_list":["post-661974","post","type-post","status-publish","format-standard","has-post-thumbnail","category-polska","tag-aktualnosci","tag-bydgoszcz","tag-campus-polska","tag-czerkasy","tag-konfederacja","tag-krzemienczuk","tag-miasta-partnerskie","tag-miasto","tag-pl","tag-poland","tag-polish","tag-polityka","tag-polska","tag-polski","tag-ruch-narodowy","tag-ukraina","tag-wsparcie","tag-wydarzenia","tag-wydatki"],"share_on_mastodon":{"url":"https:\/\/pubeurope.com\/@pl\/117200589188328699","error":""},"_links":{"self":[{"href":"https:\/\/www.europesays.com\/pl\/wp-json\/wp\/v2\/posts\/661974","targetHints":{"allow":["GET"]}}],"collection":[{"href":"https:\/\/www.europesays.com\/pl\/wp-json\/wp\/v2\/posts"}],"about":[{"href":"https:\/\/www.europesays.com\/pl\/wp-json\/wp\/v2\/types\/post"}],"author":[{"embeddable":true,"href":"https:\/\/www.europesays.com\/pl\/wp-json\/wp\/v2\/users\/2"}],"replies":[{"embeddable":true,"href":"https:\/\/www.europesays.com\/pl\/wp-json\/wp\/v2\/comments?post=661974"}],"version-history":[{"count":0,"href":"https:\/\/www.europesays.com\/pl\/wp-json\/wp\/v2\/posts\/661974\/revisions"}],"wp:featuredmedia":[{"embeddable":true,"href":"https:\/\/www.europesays.com\/pl\/wp-json\/wp\/v2\/media\/661975"}],"wp:attachment":[{"href":"https:\/\/www.europesays.com\/pl\/wp-json\/wp\/v2\/media?parent=661974"}],"wp:term":[{"taxonomy":"category","embeddable":true,"href":"https:\/\/www.europesays.com\/pl\/wp-json\/wp\/v2\/categories?post=661974"},{"taxonomy":"post_tag","embeddable":true,"href":"https:\/\/www.europesays.com\/pl\/wp-json\/wp\/v2\/tags?post=661974"}],"curies":[{"name":"wp","href":"https:\/\/api.w.org\/{rel}","templated":true}]}}