{"id":661976,"date":"2026-09-02T08:50:15","date_gmt":"2026-09-02T08:50:15","guid":{"rendered":"https:\/\/www.europesays.com\/pl\/661976\/"},"modified":"2026-09-02T08:50:15","modified_gmt":"2026-09-02T08:50:15","slug":"polska-ma-tanszy-prad-niz-w-niemczech-rachunki-placimy-podobne","status":"publish","type":"post","link":"https:\/\/www.europesays.com\/pl\/661976\/","title":{"rendered":"Polska ma ta\u0144szy pr\u0105d ni\u017c w Niemczech. Rachunki p\u0142acimy podobne"},"content":{"rendered":"<p>Niemcy wci\u0105\u017c nale\u017c\u0105 do pa\u0144stw z najwy\u017cszymi cenami pr\u0105du na \u015bwiecie. Wynika to z nowej analizy <a rel=\"nofollow noopener\" href=\"https:\/\/www.verivox.de\/strom\/verbraucheratlas\/strompreise-weltweit\/\" id=\"a70c9b48-5092-4c35-8873-83604d835042\" target=\"_blank\">Verivox<\/a>, opartej na danych serwisu Global Petrol Prices. W II kwartale 2026 r. nasi zachodni s\u0105siedzi zajmuj\u0105 czwarte miejsce w rankingu najdro\u017cszych kraj\u00f3w pod wzgl\u0119dem cen energii elektrycznej. W\u015br\u00f3d pa\u0144stw G20 Niemcy maj\u0105 wr\u0119cz ma\u0142o chlubn\u0105 pozycj\u0119 lidera.<\/p>\n<p>W niemieckich gospodarstwach domowych 1 kWh pr\u0105du kosztowa\u0142a ostatnio \u015brednio 35,6 eurocenta. Wi\u0119cej p\u0142ac\u0105 tylko mieszka\u0144cy Irlandii (42,6 eurocenta), Bermud\u00f3w (38,8 eurocenta) i Belgii (37,4 eurocenta). Pi\u0119\u0107 lat temu Niemcy by\u0142y pod tym wzgl\u0119dem na pierwszym miejscu na \u015bwiecie.<\/p>\n<p><a href=\"https:\/\/www.komputerswiat.pl\/\" title=\"Strona G\u0142\u00f3wna\" aria-label=\"Strona G\u0142\u00f3wna\" data-astro-prefetch=\"tap\" class=\"ods-a-logo-main-desktop\" rel=\"nofollow noopener\" target=\"_blank\"><img src=\"https:\/\/cdn.komputerswiat.pl\/img\/Logo_desktop_Komputer-Swiat.svg\" class=\"ods-a-logo-main-desktop__image\" alt=\"Logo\" width=\"189\" height=\"60\" fetchpriority=\"high\" decoding=\"sync\" style=\"height:60px\"\/><\/a><\/p>\n<p class=\"ods-m-google-article__text\">Czytaj nas cz\u0119\u015bciej w Google<\/p>\n<p><a href=\"https:\/\/google.com\/preferences\/source?q=komputerswiat.pl\" target=\"_blank\" rel=\"noopener noreferrer nofollow\" aria-label=\"Dodaj w Google\" title=\"Dodaj w Google\" class=\"ods-a-button ods-a-button__primary ods-a-button__default ods-a-button-l\">Dodaj w Google<\/a>Dalszy ci\u0105g artyku\u0142u pod materia\u0142em wideo<\/p>\n<p>Polska wed\u0142ug tego badania pochwali\u0107 si\u0119 mo\u017ce \u015brednimi cenami na poziomie 21,5 eurocenta za kilowatogodzin\u0119, a \u015brednia \u015bwiatowa cena to 15,1 eurocenta. To wzrost o ok. 30 procent w ci\u0105gu pi\u0119ciu lat \u2013 w 2021 r.\u015brednia \u015bwiatowa to 11,62 eurocenta.<\/p>\n<p><img class=\"ods-a-photo ods-a-photo--background\" src=\"https:\/\/www.europesays.com\/pl\/wp-content\/uploads\/2026\/09\/ZqHk9lBaHR0cHM6Ly9vY2RuLmV1L3B1bHNjbXMvTURBXy9iNjIwODBmMmI4MzVhNTU3Y2NkMWYwMjY3MWM5NWRiYS5wbmeRkwXNB.jpeg\" height=\"486\" width=\"940\" alt=\"Koszt 1 kWh pr\u0105du w II kwartale 2026\" loading=\"lazy\" fetchpriority=\"auto\" decoding=\"auto\" url=\"https:\/\/ocdn.eu\/pulscms\/MDA_\/b62080f2b835a557ccd1f02671c95dba.png\" description=\"Koszt 1 kWh pr\u0105du w II kwartale 2026\" author=\"globalpetrolprices.com\" source=\"\" link=\"\"\/><\/p>\n<p>globalpetrolprices.com<\/p>\n<p>Koszt 1 kWh pr\u0105du w II kwartale 2026<\/p>\n<p>Niemcy liderem, tylko nie w tym zestawieniu, co trzeba<\/p>\n<p>Sytuacja jest szczeg\u00f3lnie widoczna na tle innych du\u017cych gospodarek. W\u015br\u00f3d kraj\u00f3w G20 nikt nie p\u0142aci za kilowatogodzin\u0119 wi\u0119cej ni\u017c Niemcy. Kolejne s\u0105 W\u0142ochy ze stawk\u0105 34,5 eurocenta oraz Wielka Brytania (32,4 eurocenta). \u015arednia w\u015br\u00f3d pa\u0144stw G20 to tylko 16,3 eurocenta. Oznacza to, \u017ce pr\u0105d w Niemczech kosztuje ponad dwa razy wi\u0119cej ni\u017c \u015brednia w najwa\u017cniejszych krajach uprzemys\u0142owionych i rozwijaj\u0105cych si\u0119.<\/p>\n<p>&#8222;Przewaga&#8221; jest jeszcze wyra\u017aniejsza przy por\u00f3wnaniu z pojedynczymi krajami:<\/p>\n<p>Francja \u2013 23,3 eurocenta;USA \u2013 18,3 eurocenta;Kanada \u2013 10,6 eurocenta;Chiny \u2013 6,7 eurocenta;Indie \u2013 6,3 eurocenta;Arabia Saudyjska \u2013 4,6 eurocenta.Pr\u0105d to nienajwi\u0119kszy problem. Polacy i Niemcy na jednym w\u00f3zku jad\u0105<\/p>\n<p>Wed\u0142ug raportu Komisji Europejskiej, kt\u00f3ry analizowa\u0142 ceny pr\u0105du na terenie wsp\u00f3lnoty, w 2025 r. koszt zakupu energii stanowi\u0142 \u015brednio 50 proc. warto\u015bci rachunku dla gospodarstw domowych. Pozosta\u0142e sk\u0142adowe to r\u00f3\u017cnego rodzaju op\u0142aty i to w\u0142a\u015bnie tutaj analiza Verivox dopatruje si\u0119 wysokich cen energii dla niemieckich gospodarstw domowych:<\/p>\n<p class=\"ods-o-quote__paragraph\">Ceny pr\u0105du w Niemczech nale\u017c\u0105 do najwy\u017cszych na \u015bwiecie. Wynika to tak\u017ce z faktu, \u017ce sama produkcja energii stanowi jedynie oko\u0142o jedn\u0105 trzeci\u0105 ceny pr\u0105du dla gospodarstw domowych. Pozosta\u0142a cz\u0119\u015b\u0107 to op\u0142aty za przesy\u0142, podatki, op\u0142aty i inne narzuty.<\/p>\n<p><img class=\"ods-a-photo ods-a-photo--background\" src=\"https:\/\/www.europesays.com\/pl\/wp-content\/uploads\/2026\/09\/HuRk9lBaHR0cHM6Ly9vY2RuLmV1L3B1bHNjbXMvTURBXy80ZmVmOGQyMDIyMWM0ZTk4MmExM2U4MTQyMzNlMzA1Yi5qcGeRkwXNB.jpeg\" height=\"330\" width=\"747\" alt=\"Struktura cenowa rachunk\u00f3w za pr\u0105d w krajach UE w latach 2020\u20132025\" loading=\"lazy\" fetchpriority=\"auto\" decoding=\"auto\" url=\"https:\/\/ocdn.eu\/pulscms\/MDA_\/4fef8d20221c4e982a13e814233e305b.jpg\" description=\"Struktura cenowa rachunk\u00f3w za pr\u0105d w krajach UE w latach 2020\u20132025\" author=\"KE\" source=\"\" link=\"\"\/><\/p>\n<p>KE<\/p>\n<p>Struktura cenowa rachunk\u00f3w za pr\u0105d w krajach UE w latach 2020\u20132025<\/p>\n<p>Innymi s\u0142owy \u2013 sam pr\u0105d to tylko cz\u0119\u015b\u0107 rachunku. Op\u0142aty za sie\u0107, r\u00f3\u017cnego rodzaju sk\u0142adki i podatki stanowi\u0105 dzi\u015b znaczn\u0105 cz\u0119\u015b\u0107 ko\u0144cowej ceny energii dla gospodarstw domowych, co bardzo dobrze znaj\u0105 te\u017c Polacy i Polki. Cho\u0107 w 2026 r. ceny zakupu pr\u0105du znacz\u0105co nie zmieni\u0142y, znacz\u0105co wzros\u0142y r\u00f3\u017cne rodzaju op\u0142aty dodatkowe, w szczeg\u00f3lno\u015bci op\u0142ata mocowa, co mocno odbi\u0142o si\u0119 na rachunkach w Polsce. Dok\u0142adnie analizowali\u015bmy to na \u0142amach <a href=\"https:\/\/www.komputerswiat.pl\/dom\/energia-i-media\/ceny-pradu-nizsze-rachunki-pojda-w-gore-cala-prawda-o-oplatach-za-energie-w-2026-roku\/j3346lb\" id=\"52158a80-bbd3-419c-a413-e070d674788d\" rel=\"nofollow noopener\" target=\"_blank\">Komputer \u015awiata<\/a> w oddzielnym materiale.Niemcy maj\u0105 drogie tak\u017ce wzgl\u0119dem si\u0142y nabywczej. Polacy r\u00f3wnie\u017c p\u0142ac\u0105 wi\u0119cej<\/p>\n<p>Wysokie ceny nominalne to jedno. Ciekawsza robi si\u0119 analiza, gdy pod uwag\u0119 we\u017amiemy tak\u017ce zarobki i si\u0142\u0119 nabywcz\u0105. Tutaj przeliczono ceny energii elektrycznej na wsp\u00f3ln\u0105 jednostk\u0119 rozliczeniow\u0105, jak\u0105 jest dolar mi\u0119dzynarodowy, stosuj\u0105c wsp\u00f3\u0142czynnik przeliczeniowy parytetu si\u0142y nabywczej (PPP). W 2025 r. kurs jednego dolara mi\u0119dzynardowego w przeliczeniu na z\u0142ot\u00f3wki wynosi\u0142 1,91 z\u0142.<\/p>\n<p>Przy uwzgl\u0119dnieniu tej skali r\u00f3wnie\u017c Niemcy p\u0142ac\u0105 bardzo du\u017co, bo 50,14 cent\u00f3w za kilowatogodzin\u0119, czyli 0,95 z\u0142. Tutaj Polska nie wypada wiele lepiej, poniewa\u017c p\u0142acimy a\u017c 46,41 centa za kilowatogodzin\u0119 (0,88 z\u0142). W czo\u0142\u00f3wce kraj\u00f3w europejskich z tani\u0105 energi\u0105 z uwzgl\u0119dnieniem si\u0142y nabywczej pieni\u0105dza s\u0105 W\u0119gry (21,22 cent\u00f3w, czyli 0,40 z\u0142), Finlandia (21,48 centa), Szwecja (30,53 centa) i Francja (34,39 centa)<\/p>\n<p><img class=\"ods-a-photo ods-a-photo--background\" src=\"https:\/\/www.europesays.com\/pl\/wp-content\/uploads\/2026\/09\/soqk9lBaHR0cHM6Ly9vY2RuLmV1L3B1bHNjbXMvTURBXy9kMWRiNzVhYjVkZmI0MWU0M2Y0ZWY5ZDhlOWYzMjI0Yi5wbmeRkwXNB.jpeg\" height=\"526\" width=\"940\" alt=\"Ceny pr\u0105du za 1 kWh przy uwzgl\u0119dnieniu si\u0142y nabywczej\" loading=\"lazy\" fetchpriority=\"auto\" decoding=\"auto\" url=\"https:\/\/ocdn.eu\/pulscms\/MDA_\/d1db75ab5dfb41e43f4ef9d8e9f3224b.png\" description=\"Ceny pr\u0105du za 1 kWh przy uwzgl\u0119dnieniu si\u0142y nabywczej\" author=\"globalpetrolprices.com\" source=\"\" link=\"\"\/><\/p>\n<p>globalpetrolprices.com<\/p>\n<p>Ceny pr\u0105du za 1 kWh przy uwzgl\u0119dnieniu si\u0142y nabywczej<\/p>\n<p>Wysokiego obci\u0105\u017cenia nie da si\u0119 wi\u0119c t\u0142umaczy\u0107 jedynie stosunkowo wysokimi zarobkami i de facto ka\u017cdy kraj wymaga indywidualnej analizy. Przyk\u0142adowo W\u0119gry przez lata mog\u0142y &#8222;cieszy\u0107 si\u0119&#8221; tanim pr\u0105dem, jednak odbywa\u0142o si\u0119 kosztem wsp\u00f3\u0142pracy z Rosj\u0105 i finansowania kremlowskiej inwazji na Ukrain\u0119, co wp\u0119dzi\u0142o Budapeszt w izolacj\u0119. Po usuni\u0119ciu Orbana od w\u0142adzy <a rel=\"nofollow noopener\" href=\"https:\/\/www.wnp.pl\/energia\/szokujace-slowa-nowego-premiera-wegier-chodzi-o-gaz-z-polski,1064799.html\" id=\"cd7bb252-5bd9-43ca-afd7-6babcca93a81\" target=\"_blank\">niewiele wskazuje jednak na to, by rz\u0105d Petera Magyara zmieni\u0142 polityk\u0119 w tej kwestii<\/a>.Zar\u00f3wno w przypadku Polski, jak i Niemiec wysoki koszt energii to m.in. efekt zap\u00f3\u017anie\u0144 w transformacji energetycznej. Do tego u nas dochodzi koszt utrzymania niskowydajnych blok\u00f3w w\u0119glowych i ma\u0142o efektywne wykorzystanie odnawialnych \u017ar\u00f3de\u0142 energii w miksie energetycznym, co <a href=\"https:\/\/businessinsider.com.pl\/gospodarka\/ujemne-ceny-energii-w-polsce-wlasciciele-fotowoltaiki-odczuwaja-skutki\/8evv263\" id=\"79d092a3-d890-4236-a15c-c0c8af621292\" rel=\"nofollow noopener\" target=\"_blank\">skutkuje wy\u0142\u0105czeniami farm fotowoltaicznych<\/a>.<\/p>\n","protected":false},"excerpt":{"rendered":"Niemcy wci\u0105\u017c nale\u017c\u0105 do pa\u0144stw z najwy\u017cszymi cenami pr\u0105du na \u015bwiecie. Wynika to z nowej analizy Verivox, opartej&hellip;\n","protected":false},"author":2,"featured_media":661977,"comment_status":"","ping_status":"","sticky":false,"template":"","format":"standard","meta":{"footnotes":"","_share_on_mastodon":"0"},"categories":[12],"tags":[61195,16453,3754,3087,3086,39829,48,46,42,38,40,39,41,2626,34082,47],"class_list":["post-661976","post","type-post","status-publish","format-standard","has-post-thumbnail","category-polska","tag-bottomfeed_styl","tag-ceny_pradu","tag-dom","tag-energia","tag-energia_elektryczna","tag-energia_i_media","tag-nat_styl","tag-omp","tag-pl","tag-poland","tag-polish","tag-polska","tag-polski","tag-prad","tag-rachunek_za_prad","tag-screening_general"],"share_on_mastodon":{"url":"https:\/\/pubeurope.com\/@pl\/117200594669980480","error":""},"_links":{"self":[{"href":"https:\/\/www.europesays.com\/pl\/wp-json\/wp\/v2\/posts\/661976","targetHints":{"allow":["GET"]}}],"collection":[{"href":"https:\/\/www.europesays.com\/pl\/wp-json\/wp\/v2\/posts"}],"about":[{"href":"https:\/\/www.europesays.com\/pl\/wp-json\/wp\/v2\/types\/post"}],"author":[{"embeddable":true,"href":"https:\/\/www.europesays.com\/pl\/wp-json\/wp\/v2\/users\/2"}],"replies":[{"embeddable":true,"href":"https:\/\/www.europesays.com\/pl\/wp-json\/wp\/v2\/comments?post=661976"}],"version-history":[{"count":0,"href":"https:\/\/www.europesays.com\/pl\/wp-json\/wp\/v2\/posts\/661976\/revisions"}],"wp:featuredmedia":[{"embeddable":true,"href":"https:\/\/www.europesays.com\/pl\/wp-json\/wp\/v2\/media\/661977"}],"wp:attachment":[{"href":"https:\/\/www.europesays.com\/pl\/wp-json\/wp\/v2\/media?parent=661976"}],"wp:term":[{"taxonomy":"category","embeddable":true,"href":"https:\/\/www.europesays.com\/pl\/wp-json\/wp\/v2\/categories?post=661976"},{"taxonomy":"post_tag","embeddable":true,"href":"https:\/\/www.europesays.com\/pl\/wp-json\/wp\/v2\/tags?post=661976"}],"curies":[{"name":"wp","href":"https:\/\/api.w.org\/{rel}","templated":true}]}}