{"id":661996,"date":"2026-09-02T09:00:25","date_gmt":"2026-09-02T09:00:25","guid":{"rendered":"https:\/\/www.europesays.com\/pl\/661996\/"},"modified":"2026-09-02T09:00:25","modified_gmt":"2026-09-02T09:00:25","slug":"donald-tusk-w-wieluniu-pamiec-historyczna-ma-chronic-przed-agresja-2","status":"publish","type":"post","link":"https:\/\/www.europesays.com\/pl\/661996\/","title":{"rendered":"Donald Tusk w Wieluniu. Pami\u0119\u0107 historyczna ma chroni\u0107 przed agresj\u0105"},"content":{"rendered":"<p>\u2014 Zadaniem ka\u017cdego pokolenia jest, aby unikn\u0105\u0107 wojny, agresji i pogardy, a je\u015bli takie nieszcz\u0119\u015bcie na nie spada, zadaniem jest odbudowanie w\u0142asnej godno\u015bci i poczucia cz\u0142owiecze\u0144stwa \u2014 podkre\u015bli\u0142 Donald Tusk w czasie przem\u00f3wienia do m\u0142odzie\u017cy i nauczycieli.<\/p>\n<p>Dalszy ci\u0105g artyku\u0142u pod materia\u0142em wideoPremier przem\u00f3wi\u0142 do uczni\u00f3w w Wieluniu. &#8222;Nigdy nie ulegajcie&#8221;<a href=\"https:\/\/www.onet.pl\/\" title=\"Strona G\u0142\u00f3wna\" aria-label=\"Strona G\u0142\u00f3wna\" data-astro-prefetch=\"tap\" class=\"ods-a-logo-main-desktop\" rel=\"nofollow noopener\" target=\"_blank\"><img src=\"https:\/\/cdn.wiadomosci.onet.pl\/img\/Logo_desktop_Onet.svg\" class=\"ods-a-logo-main-desktop__image\" alt=\"Logo\" width=\"107\" height=\"60\" fetchpriority=\"high\" decoding=\"sync\" style=\"height:60px\"\/><\/a><\/p>\n<p class=\"ods-m-google-article__text\">Czytaj nas cz\u0119\u015bciej w Google<\/p>\n<p><a href=\"https:\/\/google.com\/preferences\/source?q=onet.pl\" target=\"_blank\" rel=\"noopener noreferrer nofollow\" aria-label=\"Dodaj w Google\" title=\"Dodaj w Google\" class=\"ods-a-button ods-a-button__primary ods-a-button__default ods-a-button-l\">Dodaj w Google<\/a><\/p>\n<p>Premier podkre\u015bli\u0142 r\u00f3wnie\u017c znaczenie pami\u0119ci. \u2014 Tak d\u0142ugo, jak pami\u0119tamy, tak d\u0142ugo jest szansa na to, \u017ce kolejne pokolenia nie b\u0119d\u0105 ofiarami takiego nieszcz\u0119\u015bcia. Pami\u0119\u0107 jest niezb\u0119dna \u2014 zaznaczy\u0142.<\/p>\n<p>\u2014 Je\u015bli b\u0119dziemy pami\u0119ta\u0107 o tym, co wydarzy\u0142o si\u0119 w Wieluniu w tamtych tragicznych latach, to \u0142atwiej b\u0119dzie rozr\u00f3\u017cnia\u0107 dobro od z\u0142a i unika\u0107 tych niebezpiecznych pokus, jak przemoc i agresja \u2014 wskaza\u0142 dalej.<\/p>\n<p>Szef rz\u0105du zwr\u00f3ci\u0142 si\u0119 r\u00f3wnie\u017c do m\u0142odego pokolenia, zaznaczaj\u0105c, \u017ce to &#8222;od nas wszystkich zale\u017cy czy w Polsce jeste\u015bmy w stanie budowa\u0107 trwa\u0142e bezpiecze\u0144stwo i pok\u00f3j&#8221;. Premier zaznaczy\u0142, \u017ce to zale\u017cy nie tylko od polityk\u00f3w, ale &#8222;przede wszystkim od m\u0142odego pokolenia&#8221;.<\/p>\n<p>Donald Tusk przypomnia\u0142 r\u00f3wnie\u017c o <a href=\"https:\/\/wiadomosci.onet.pl\/swiat\/ukraina-przegrywa-wojne-diabelska-strategia-rosji-ma-rzucic-ja-na-kolana\/h4qj6yf\" id=\"4b0e3ec5-65a7-4d3e-9832-b2128d1d6a70\" rel=\"nofollow noopener\" target=\"_blank\">dramacie, kt\u00f3ry rozgrywa si\u0119 w Ukrainie<\/a>. \u2014 W czasie, kiedy bomby niedaleko nas spadaj\u0105 znowu na domy, na przedszkola, na sklepy, ko\u015bcio\u0142y, skoro ka\u017cdego dnia widzimy ofiary nieludzkiej agresji, gin\u0105ce kobiety, dzieci, mamy z dzie\u0107mi, to tym bardziej musimy by\u0107 \u015bwiadomi, \u017ce od nas wszystkich, tak\u017ce od najm\u0142odszych zale\u017cy, czy w Polsce po tylu wiekach i dekadach nieszcz\u0119\u015b\u0107 i dramat\u00f3w jeste\u015bmy w stanie budowa\u0107 trwa\u0142e bezpiecze\u0144stwo i trwa\u0142y pok\u00f3j \u2014 wskaza\u0142, zaznaczaj\u0105c, \u017ce to nie zale\u017cy wy\u0142\u0105cznie od os\u00f3b doros\u0142ych obecnie.Polska osamotniona. Dlaczego sojusznicy nie ruszyli nam na pomoc we wrze\u015bniu 1939 r.? [WYJA\u015aNIAMY]<\/p>\n<p class=\"ods-o-frame-in-text__paragraph\"><a href=\"https:\/\/wiadomosci.onet.pl\/kraj\/polska-czekala-na-ofensywe-sojusznikow-dlaczego-nigdy-nie-nadeszla-wyjasniamy\/qjx4091?tpcc=202608_bloczek_newsroom\" id=\"169b56a4-504c-42dc-8352-3ad5ee738758\" rel=\"nofollow noopener\" target=\"_blank\">Przeczytaj tekst w Onecie!<\/a><\/p>\n<p><img class=\"ods-a-photo ods-a-photo--background\" src=\"https:\/\/www.europesays.com\/pl\/wp-content\/uploads\/2026\/09\/1788339625_415_9bDk9lBaHR0cHM6Ly9vY2RuLmV1L3B1bHNjbXMvTURBXy81ZWQzMjQyNjllNTc1ZDBjZGRjYjgxMGZiYjZkZjgxZS5qcGeRlQLNA.jpeg\" height=\"253\" width=\"450\" alt=\"Na zdj\u0119ciu g\u0142\u00f3wnym stanowisko obrony przeciwlotniczej w czasie obl\u0119\u017cenia Warszawy\" loading=\"lazy\" fetchpriority=\"low\" decoding=\"async\"\/><\/p>\n<p>Premier zaapelowa\u0142 r\u00f3wnie\u017c do najm\u0142odszych, by nie pogardzali innymi, bo &#8222;nienawi\u015b\u0107, pogarda, przemoc, agresja, prowadz\u0105 tylko do z\u0142a&#8221;.<\/p>\n<p>\u2014 Nigdy nie ulegajcie temu &#8222;trendowi&#8221;, \u017ceby pogardza\u0107 kim\u015b, dlatego \u017ce jest inny albo s\u0142abszy. Albo o tym, \u017ce jest was wi\u0119cej, a ich mniej. Pami\u0119tajcie o tym, \u017ce wasze \u017cycie b\u0119dzie sk\u0142ada\u0142o si\u0119 z indywidualnych rachunk\u00f3w sumienia \u2014 zaapelowa\u0142.<\/p>\n<p>\u2014 Najwa\u017cniejsz\u0105 lekcj\u0105 wychowania obywatelskiego jest Wasza codzienno\u015b\u0107, to jak traktujecie swoich r\u00f3wie\u015bnik\u00f3w, to jak reagujecie na przemoc i pogard\u0119 \u2014 podkre\u015bli\u0142 premier.<\/p>\n","protected":false},"excerpt":{"rendered":"\u2014 Zadaniem ka\u017cdego pokolenia jest, aby unikn\u0105\u0107 wojny, agresji i pogardy, a je\u015bli takie nieszcz\u0119\u015bcie na nie spada,&hellip;\n","protected":false},"author":2,"featured_media":661997,"comment_status":"","ping_status":"","sticky":false,"template":"","format":"standard","meta":{"footnotes":"","_share_on_mastodon":"0"},"categories":[62713],"tags":[61195,1345,212,49,48,46,55,128387,47,420,49990],"class_list":["post-661996","post","type-post","status-publish","format-standard","has-post-thumbnail","category-donald-tusk","tag-bottomfeed_styl","tag-donald-tusk","tag-donald_tusk","tag-kraj","tag-nat_styl","tag-omp","tag-phx","tag-rok_szkolny","tag-screening_general","tag-szkola","tag-wielun"],"share_on_mastodon":{"url":"https:\/\/pubeurope.com\/@pl\/117200633873978882","error":""},"_links":{"self":[{"href":"https:\/\/www.europesays.com\/pl\/wp-json\/wp\/v2\/posts\/661996","targetHints":{"allow":["GET"]}}],"collection":[{"href":"https:\/\/www.europesays.com\/pl\/wp-json\/wp\/v2\/posts"}],"about":[{"href":"https:\/\/www.europesays.com\/pl\/wp-json\/wp\/v2\/types\/post"}],"author":[{"embeddable":true,"href":"https:\/\/www.europesays.com\/pl\/wp-json\/wp\/v2\/users\/2"}],"replies":[{"embeddable":true,"href":"https:\/\/www.europesays.com\/pl\/wp-json\/wp\/v2\/comments?post=661996"}],"version-history":[{"count":0,"href":"https:\/\/www.europesays.com\/pl\/wp-json\/wp\/v2\/posts\/661996\/revisions"}],"wp:featuredmedia":[{"embeddable":true,"href":"https:\/\/www.europesays.com\/pl\/wp-json\/wp\/v2\/media\/661997"}],"wp:attachment":[{"href":"https:\/\/www.europesays.com\/pl\/wp-json\/wp\/v2\/media?parent=661996"}],"wp:term":[{"taxonomy":"category","embeddable":true,"href":"https:\/\/www.europesays.com\/pl\/wp-json\/wp\/v2\/categories?post=661996"},{"taxonomy":"post_tag","embeddable":true,"href":"https:\/\/www.europesays.com\/pl\/wp-json\/wp\/v2\/tags?post=661996"}],"curies":[{"name":"wp","href":"https:\/\/api.w.org\/{rel}","templated":true}]}}