{"id":661998,"date":"2026-09-02T09:01:11","date_gmt":"2026-09-02T09:01:11","guid":{"rendered":"https:\/\/www.europesays.com\/pl\/661998\/"},"modified":"2026-09-02T09:01:11","modified_gmt":"2026-09-02T09:01:11","slug":"nawrocki-spotka-sie-z-trumpem-przydacz-ujawnil-szczegoly","status":"publish","type":"post","link":"https:\/\/www.europesays.com\/pl\/661998\/","title":{"rendered":"Nawrocki spotka si\u0119 z Trumpem. Przydacz ujawni\u0142 szczeg\u00f3\u0142y"},"content":{"rendered":"\n<p>&#13;<br \/>\nW grudniu tego roku Stany Zjednoczone po\u00a0raz pierwszy od\u00a02009\u00a0r. b\u0119d\u0105 go\u015bci\u0107 przedstawicieli 20 najwi\u0119kszych gospodarek \u015bwiata. Spotkanie odb\u0119dzie si\u0119 w\u00a0o\u015brodku Trump National Doral Miami na\u00a0Florydzie. &#13;\n<\/p>\n<p>&#13;<br \/>\nNa szczyt G20 po\u00a0raz pierwszy zosta\u0142a zaproszona Polska. Nadchodz\u0105ce miesi\u0105ce b\u0119d\u0105 czasem intensywnych przygotowa\u0144 do\u00a0tego wydarzenia zar\u00f3wno po\u00a0stronie Pa\u0142acu Prezydenckiego, jak i\u00a0rz\u0105du. &#13;\n<\/p>\n<p>Nawrocki spotka si\u0119 z\u00a0Trumpem. Znamy szczeg\u00f3\u0142y<\/p>\n<p>&#13;<br \/>\nCzy przy okazji <a href=\"https:\/\/dorzeczy.pl\/kraj\/822212\/szczyt-g20-w-miami-polska-potraktowana-wyjatkowo-przez-usa.html\" rel=\"nofollow noopener\" target=\"_blank\">szczytu<\/a> dojdzie do\u00a0spotkania prezydenta Karola Nawrockiego z\u00a0prezydentem USA Donaldem Trumpem? \u2013\u00a0Spotkali si\u0119 ju\u017c czterokrotnie, rozmawiali wiele razy przez telefon, w\u00a0r\u00f3\u017cnych formatach \u2013\u00a0jest to\u00a0bardzo intensywny dialog. Kiedy\u015b, gdy prezydent Polski widzia\u0142 si\u0119 z\u00a0prezydentem Stan\u00f3w Zjednoczonych raz na\u00a0dwa lata, wszyscy uwa\u017cali, \u017ce\u00a0to\u00a0intensywna komunikacja. Na\u00a0ten moment, w\u00a0najbli\u017cszych dniach czy\u00a0tygodniach, nie\u00a0ma\u00a0na\u00a0agendzie bezpo\u015bredniego spotkania. Ale\u00a0odpowiadam: tak, prezydent spotka si\u0119 jeszcze w\u00a0tym roku z\u00a0prezydentem Trumpem \u2013\u00a0w\u00a0grudniu w\u00a0Miami, na\u00a0szczycie G20 \u2013\u00a0powiedzia\u0142 w\u00a0rozmowie z\u00a0&#8222;Rzeczpospolit\u0105&#8221; szef prezydenckiego Biura Polityki Mi\u0119dzynarodowej. &#13;\n<\/p>\n<p>&#13;<br \/>\n\u2013 B\u0119dziemy robi\u0107 wszystko i\u00a0mam nadziej\u0119, \u017ce\u00a0rz\u0105d tego nie\u00a0zablokuje, a\u00a0by\u0107 mo\u017ce nawet pomo\u017ce, aby\u00a0Polska tak\u017ce w\u00a0przysz\u0142ych latach, ju\u017c pod\u00a0prezydencj\u0105 inn\u0105 ni\u017c\u00a0ameryka\u0144ska, uczestniczy\u0142a w\u00a0pracach G20. Element etykietowania jest w\u00a0polityce mi\u0119dzynarodowej wa\u017cny, kwestie presti\u017cu maj\u0105 swoje znaczenie \u2013\u00a0t\u0142umaczy\u0142 Marcin Przydacz. &#13;\n<\/p>\n<p>&#13;<br \/>\n\u2013 Przedstawiamy tam perspektyw\u0119 nie\u00a0tylko polsk\u0105, lecz Europy \u015arodkowej. Mamy ambicj\u0119 by\u0107 w\u00a0G20 reprezentantem regionu, kt\u00f3ry dotychczas w\u00a0og\u00f3le nie\u00a0by\u0142 tam obecny, a\u00a0jest regionem sukcesu \u2013\u00a0zaznaczy\u0142 prezydencki minister. &#13;\n<\/p>\n<p>&#13;<br \/>\nDoda\u0142, \u017ce\u00a0we\u00a0wrze\u015bniu prezydent Karol Nawrocki uda si\u0119 do\u00a0Nowego Jorku na\u00a0sesj\u0119 Zgromadzenia Og\u00f3lnego Narod\u00f3w Zjednoczonych. &#13;\n<\/p>\n<p>&#13;<br \/>\n   Czytaj te\u017c:<br \/><a href=\"https:\/\/dorzeczy.pl\/ekonomia\/915403\/zasluzona-pozycja-trump-ma-wobec-polski-i-g20-plan.html\" rel=\"follow nofollow noopener\" data-schema=\"DORZECZY\" data-image=\"https:\/\/img.dorzeczy.pl\/_thumb\/c5\/63\/8268efc9f08ec84815a9d1dfe2eb.jpeg\" target=\"_blank\">&#8222;Zas\u0142u\u017cona pozycja&#8221;. Trump ma\u00a0wobec Polski konkretny plan<\/a>   Czytaj te\u017c:<br \/><a href=\"https:\/\/dorzeczy.pl\/swiat\/877732\/wladimir-putin-przyjedzie-na-floryde-trump-zaprosi-go-na-szczyt-g20.html\" rel=\"follow nofollow noopener\" data-schema=\"DORZECZY\" data-image=\"https:\/\/img.dorzeczy.pl\/_thumb\/54\/a9\/5a1c1dbbfa8d1ea3b2212e662080.jpeg\" target=\"_blank\">Putin przyjedzie na\u00a0Floryd\u0119? &#8222;Trump zaprosi go\u00a0na szczyt G20&#8221;<\/a>&#13;<\/p>\n","protected":false},"excerpt":{"rendered":"&#13; W grudniu tego roku Stany Zjednoczone po\u00a0raz pierwszy od\u00a02009\u00a0r. b\u0119d\u0105 go\u015bci\u0107 przedstawicieli 20 najwi\u0119kszych gospodarek \u015bwiata. Spotkanie&hellip;\n","protected":false},"author":2,"featured_media":661999,"comment_status":"","ping_status":"","sticky":false,"template":"","format":"standard","meta":{"footnotes":"","_share_on_mastodon":"0"},"categories":[62712],"tags":[662,98,1128,690,49,1315,103,1850,1849,597],"class_list":["post-661998","post","type-post","status-publish","format-standard","has-post-thumbnail","category-karol-nawrocki","tag-dawid-sienkowski","tag-dorzeczy","tag-g20","tag-karol-nawrocki","tag-kraj","tag-nawrocki","tag-obserwator-mediow","tag-przydacz","tag-spotkanie","tag-trump"],"share_on_mastodon":{"url":"https:\/\/pubeurope.com\/@pl\/117200636139179634","error":""},"_links":{"self":[{"href":"https:\/\/www.europesays.com\/pl\/wp-json\/wp\/v2\/posts\/661998","targetHints":{"allow":["GET"]}}],"collection":[{"href":"https:\/\/www.europesays.com\/pl\/wp-json\/wp\/v2\/posts"}],"about":[{"href":"https:\/\/www.europesays.com\/pl\/wp-json\/wp\/v2\/types\/post"}],"author":[{"embeddable":true,"href":"https:\/\/www.europesays.com\/pl\/wp-json\/wp\/v2\/users\/2"}],"replies":[{"embeddable":true,"href":"https:\/\/www.europesays.com\/pl\/wp-json\/wp\/v2\/comments?post=661998"}],"version-history":[{"count":0,"href":"https:\/\/www.europesays.com\/pl\/wp-json\/wp\/v2\/posts\/661998\/revisions"}],"wp:featuredmedia":[{"embeddable":true,"href":"https:\/\/www.europesays.com\/pl\/wp-json\/wp\/v2\/media\/661999"}],"wp:attachment":[{"href":"https:\/\/www.europesays.com\/pl\/wp-json\/wp\/v2\/media?parent=661998"}],"wp:term":[{"taxonomy":"category","embeddable":true,"href":"https:\/\/www.europesays.com\/pl\/wp-json\/wp\/v2\/categories?post=661998"},{"taxonomy":"post_tag","embeddable":true,"href":"https:\/\/www.europesays.com\/pl\/wp-json\/wp\/v2\/tags?post=661998"}],"curies":[{"name":"wp","href":"https:\/\/api.w.org\/{rel}","templated":true}]}}