{"id":662084,"date":"2026-09-02T09:54:20","date_gmt":"2026-09-02T09:54:20","guid":{"rendered":"https:\/\/www.europesays.com\/pl\/662084\/"},"modified":"2026-09-02T09:54:20","modified_gmt":"2026-09-02T09:54:20","slug":"za-pomoca-pily-ukradl-rower-w-bialy-dzien-swiadek-nagral-cale-zdarzenie","status":"publish","type":"post","link":"https:\/\/www.europesays.com\/pl\/662084\/","title":{"rendered":"Za pomoc\u0105 pi\u0142y ukrad\u0142 rower w bia\u0142y dzie\u0144. \u015awiadek nagra\u0142 ca\u0142e zdarzenie"},"content":{"rendered":"<p>                <img decoding=\"async\" class=\"darkHidden\" loading=\"lazy\" src=\"https:\/\/s-trojmiasto.pl\/build\/assets\/svg\/reactions\/default.svg\" alt=\"Dodaj reakcj\u0119\"\/><br \/>\n                <img decoding=\"async\" class=\"lightHidden\" loading=\"lazy\" src=\"https:\/\/s-trojmiasto.pl\/build\/assets\/svg\/reactions\/default_inverted.svg\" alt=\"Dodaj reakcj\u0119\"\/><\/p>\n<p class=\"lead\">We wtorek, 1 wrze\u015bnia, tu\u017c po po\u0142udniu przed <a href=\"https:\/\/www.trojmiasto.pl\/Centrum-Riviera-o7795.html\" data-tklik=\"634133\" rel=\"nofollow noopener\" target=\"_blank\">Centrum Handlowym Riviera<\/a> w\u00a0Gdyni mia\u0142 zosta\u0107 skradziony rower. Do zdarzenia dosz\u0142o przy <a data-tklik=\"921324\" href=\"https:\/\/mapa.trojmiasto.pl\/#\/location\/-211.89,-211.98\/map\/-211.69,-211.7,7,o\" onclick=\"openMap(this.href); return false;\" target=\"_blank\" title=\"zobacz na mapie Gdyni\" rel=\"nofollow noopener\">wej\u015bciu od strony stacji SKM<img decoding=\"async\" class=\"icon-map\" src=\"https:\/\/www.trojmiasto.pl\/_img\/svg\/ico-map-flat.svg\" alt=\"Mapka\"\/><\/a>. Z\u0142odziej, uchwycony na nagraniu, u\u017cy\u0142 do tego czynu pi\u0142y.<\/p>\n<p>                                zainterweniowa\u0142(a)bym bezpo\u015brednio<br \/>\n                                45%<\/p>\n<p>                                zadzwoni\u0142(a)bym na policj\u0119 lub stra\u017c miejsk\u0105<br \/>\n                                29%<\/p>\n<p>                                nagra\u0142(a)bym zdarzenie, by pom\u00f3c w ustaleniu sprawcy<br \/>\n                                14%<\/p>\n<p>                                raczej nie zareagowa\u0142(a)bym<br \/>\n                                12%<\/p>\n<p>Zdarzenie zarejestrowa\u0142a telefonem m\u0142oda kobieta, kt\u00f3ra udost\u0119pni\u0142a nagranie w\u00a0mediach spo\u0142eczno\u015bciowych. Dzi\u0119ki temu mo\u017cliwe b\u0119dzie lepsze rozpoznanie sprawcy. Pi\u0142owa\u0142 zabezpieczenie przy \u015bwiadkach<\/p>\n<p>Na filmie wida\u0107 m\u0119\u017cczyzn\u0119, kt\u00f3ry przy pomocy pi\u0142y przecina zabezpieczenie przy zaparkowanym pod wej\u015bciem rowerze. <\/p>\n<p>Chwil\u0119 p\u00f3\u017aniej ten sam m\u0119\u017cczyzna odjecha\u0142 na jedno\u015bladzie.<\/p>\n<p>\n            <a href=\"https:\/\/s-trojmiasto.pl\/zdj\/c\/n\/9\/4411\/1752x0\/4411489-Mezczyzna-po-tym-jak-odcial-pila-zabezpieczenie-odjechal-na-skradzionym-rowerze-z-miejsca-zdarzenia__c_0_704_1752_1171.webp\" target=\"_blank\" data-slide-name=\"860624\" data-lightbox-target=\"photo full\" data-sub-html=\"&lt;h4&gt;M\u0119\u017cczyzna po tym jak odci\u0105\u0142 pi\u0142\u0105 zabezpieczenie odjecha\u0142 na skradzionym rowerze z miejsca zdarzenia.&lt;\/h4&gt;&lt;p&gt;fot. czytelnik&lt;\/p&gt;&#010;\" class=\"photoMarker__link\" data-filter-brightness=\"brightness--100\" rel=\"nofollow noopener\"><\/p>\n<p>    <img decoding=\"async\" style=\"height:501px; aspect-ratio: 1.49616\/1; filter:brightness(1);\" alt=\"M\u0119\u017cczyzna po tym jak odci\u0105\u0142 pi\u0142\u0105 zabezpieczenie odjecha\u0142 na skradzionym rowerze z miejsca zdarzenia.\" src=\"https:\/\/www.europesays.com\/pl\/wp-content\/uploads\/2026\/09\/4411489-Mezczyzna-po-tym-jak-odcial-pila-zabezpieczenie-odjechal-na-skradzionym-rowerze__c_0_704_175.webp\" class=\"photoMarker__img lazy\" data-slider=\"img\"\/><\/p>\n<p>            <\/a><\/p>\n<p> Zdziwienie budzi fakt, \u017ce do zdarzenia dosz\u0142o w\u00a0\u015brodku dnia, w\u00a0t\u0142ocznym, jednym z\u00a0najpopularniejszych miejsc w\u00a0Gdyni.<\/p>\n<p>Wed\u0142ug relacji \u015bwiadka z\u0142odziej zrobi\u0142 to w\u00a0otoczeniu wielu os\u00f3b siedz\u0105cych na \u0142awkach przed wej\u015bciem do galerii. Nikt nie zareagowa\u0142, widz\u0105c podejrzane zachowanie.<\/p>\n<p>                <a href=\"https:\/\/ogloszenia.trojmiasto.pl\/rowery\/bi,76,k1i,1.html\" data-tklik=\"80602\" rel=\"nofollow noopener\" target=\"_blank\"><br \/>\n                    Wi\u0119cej w serwisie Og\u0142oszenia<br \/>\n                    (176)<\/p>\n<p>                <\/a><\/p>\n<p><\/p>\n<p>Policja nie otrzyma\u0142a zg\u0142oszenia<\/p>\n<p>Jak poinformowa\u0142a we wtorek po po\u0142udniu redakcj\u0119 st. post. Aleksandra Olszewska z\u00a0zespo\u0142u prasowo-informacyjnego <a href=\"https:\/\/www.trojmiasto.pl\/Komenda-Miejska-Policji-o983.html\" data-tklik=\"31840\" rel=\"nofollow noopener\" target=\"_blank\">Komendanta Miejskiego Policji w Gdyni<\/a>, w\u0142a\u015bciciel pojazdu nie zg\u0142osi\u0142 do tej pory na policj\u0119 kradzie\u017cy roweru.\n                <\/p>\n","protected":false},"excerpt":{"rendered":"We wtorek, 1 wrze\u015bnia, tu\u017c po po\u0142udniu przed Centrum Handlowym Riviera w\u00a0Gdyni mia\u0142 zosta\u0107 skradziony rower. Do zdarzenia&hellip;\n","protected":false},"author":2,"featured_media":662085,"comment_status":"","ping_status":"","sticky":false,"template":"","format":"standard","meta":{"footnotes":"","_share_on_mastodon":"0"},"categories":[16],"tags":[113,112,93530,80296,46904,1048,1064,56622,6335,1247,16729,15504,22996,42,38,414,40,39,41,23859,17702,1063,17032,24692,50965,50960,22590,5612,13481],"class_list":["post-662084","post","type-post","status-publish","format-standard","has-post-thumbnail","category-biznes","tag-biznes","tag-business","tag-centrum-handlowe-riviera","tag-centrum-riviera","tag-galeria","tag-gdansk","tag-gdynia","tag-jednoslad","tag-kobieta","tag-kradziez","tag-monitoring","tag-nagranie","tag-pila","tag-pl","tag-poland","tag-policja","tag-polish","tag-polska","tag-polski","tag-rower","tag-skm","tag-sopot","tag-stacja","tag-swiadek","tag-tozsamosc","tag-wejscie","tag-zabezpieczenie","tag-zdarzenie","tag-zlodziej"],"share_on_mastodon":{"url":"https:\/\/pubeurope.com\/@pl\/117200845733949018","error":""},"_links":{"self":[{"href":"https:\/\/www.europesays.com\/pl\/wp-json\/wp\/v2\/posts\/662084","targetHints":{"allow":["GET"]}}],"collection":[{"href":"https:\/\/www.europesays.com\/pl\/wp-json\/wp\/v2\/posts"}],"about":[{"href":"https:\/\/www.europesays.com\/pl\/wp-json\/wp\/v2\/types\/post"}],"author":[{"embeddable":true,"href":"https:\/\/www.europesays.com\/pl\/wp-json\/wp\/v2\/users\/2"}],"replies":[{"embeddable":true,"href":"https:\/\/www.europesays.com\/pl\/wp-json\/wp\/v2\/comments?post=662084"}],"version-history":[{"count":0,"href":"https:\/\/www.europesays.com\/pl\/wp-json\/wp\/v2\/posts\/662084\/revisions"}],"wp:featuredmedia":[{"embeddable":true,"href":"https:\/\/www.europesays.com\/pl\/wp-json\/wp\/v2\/media\/662085"}],"wp:attachment":[{"href":"https:\/\/www.europesays.com\/pl\/wp-json\/wp\/v2\/media?parent=662084"}],"wp:term":[{"taxonomy":"category","embeddable":true,"href":"https:\/\/www.europesays.com\/pl\/wp-json\/wp\/v2\/categories?post=662084"},{"taxonomy":"post_tag","embeddable":true,"href":"https:\/\/www.europesays.com\/pl\/wp-json\/wp\/v2\/tags?post=662084"}],"curies":[{"name":"wp","href":"https:\/\/api.w.org\/{rel}","templated":true}]}}