{"id":662108,"date":"2026-09-02T10:12:18","date_gmt":"2026-09-02T10:12:18","guid":{"rendered":"https:\/\/www.europesays.com\/pl\/662108\/"},"modified":"2026-09-02T10:12:18","modified_gmt":"2026-09-02T10:12:18","slug":"rywale-lecha-poznan-nie-proznowali-czy-te-ruchy-okaza-sie-kluczowe","status":"publish","type":"post","link":"https:\/\/www.europesays.com\/pl\/662108\/","title":{"rendered":"Rywale Lecha Pozna\u0144 nie pr\u00f3\u017cnowali. Czy te ruchy oka\u017c\u0105 si\u0119 kluczowe?"},"content":{"rendered":"<p><img decoding=\"async\" data-not-lazy=\"\" alt=\"Rywale Lecha Pozna\u0144 nie pr\u00f3\u017cnowali. Czy te ruchy oka\u017c\u0105 si\u0119 kluczowe? - Zdj\u0119cie g\u0142\u00f3wne\" style=\"object-fit:cover;object-position:center;position:absolute;left:0;top:0;width:100%;height:100%;\" src=\"https:\/\/www.europesays.com\/pl\/wp-content\/uploads\/2026\/09\/b99f540d-874e-46e4-924b-99cadefa5f6c.webp\"\/><\/p>\n<p>Autor: cpfc.co.uk | Opis: Crystal Palace dok\u0142ada kolejne argumenty przed startem fazy ligowej Ligi Europy<\/p>\n<p>Skala ruch\u00f3w wykonanych przez Crystal Palace na finiszu letniego okna transferowego mo\u017ce robi\u0107 wra\u017cenie. Klub w ostatnich godzinach mercato do\u0142o\u017cy\u0142 do swojej kadry kilka nowych nazwisk, w tym jednego bardzo do\u015bwiadczonego pi\u0142karza na poziomie Premier League oraz arenie mi\u0119dzynarodowej. Oczywi\u015bcie transferowa ofensywa &#8222;Or\u0142\u00f3w&#8221; nie ma bezpo\u015bredniego zwi\u0105zku z nadchodz\u0105cym spotkaniem z Kolejorzem, ale mistrzowie Polski b\u0119d\u0105 jednymi z pierwszych, kt\u00f3rzy przetestuj\u0105 nowych zawodnik\u00f3w w dru\u017cynie Pierre&#8217;a Sage.\u00a0<\/p>\n<p>Londy\u0144czycy mocno dzia\u0142ali na finiszu okna. Cztery ruchy w jeden dzie\u0144<\/p>\n<p>Najg\u0142o\u015bniejszym powrotem do zespo\u0142u jest Ben Chilwell. By\u0142y reprezentant Anglii ponownie zwi\u0105za\u0142 si\u0119 z Crystal Palace, tym razem na zasadzie transferu definitywnego. Lewy obro\u0144ca zna ju\u017c klub, poniewa\u017c w przesz\u0142o\u015bci wyst\u0119powa\u0142 na Selhurst Park na zasadzie wypo\u017cyczenia. Teraz wraca do Londynu po kr\u00f3tkim pobycie we Francji.<\/p>\n<p>Miniony sezon sp\u0119dzi\u0142 w barwach RC Strasbourg, a wszystko przez przynale\u017cno\u015b\u0107 tego klubu do konsorcjum BlueCo, kt\u00f3re zarz\u0105dza g\u0142\u00f3wnie angielsk\u0105 Chelsea FC. To w\u0142a\u015bnie w barwach &#8222;The Blues&#8221; wyst\u0119powa\u0142 jeszcze w poprzednich latach, gromadz\u0105c ponad 100 spotka\u0144 i si\u0119gaj\u0105c po trofeum Ligi Mistrz\u00f3w. Je\u015bli b\u0119dzie do dyspozycji szkoleniowca, mo\u017cna spodziewa\u0107 si\u0119, \u017ce zagra w meczu z Lechem. Reprezentant Anglii sprawdzi m.in. form\u0119 Patrika Walemarka.<\/p>\n<p>Ten ruch to dopiero pocz\u0105tek tego, co Palace &#8222;ugotowa\u0142o&#8221; ostatniego dnia okienka. Klub si\u0119gn\u0105\u0142 r\u00f3wnie\u017c po Dario Osorio. Chilijczyk wyst\u0119powa\u0142 wcze\u015bniej w du\u0144skim FC Midtjylland i sta\u0142 si\u0119 jedn\u0105 z gwiazd tamtejszej ligi. Teraz ma zwi\u0119kszy\u0107 mo\u017cliwo\u015bci zespo\u0142u w ofensywie i wykorzysta\u0107 te\u017c swoje do\u015bwiadczenie w Europie (w poprzednim sezonie dotar\u0142 z Midtjylland do 1\/8 fina\u0142u LE). Jego kandydatura pojawi\u0142a si\u0119 po tym, jak Londy\u0144czycy nie zdo\u0142ali doprowadzi\u0107 do transferu Malicka Fofany. Belg ostatecznie wybra\u0142&#8230; Sunderland, a wi\u0119c du\u017ca szansa, \u017ce przyjdzie ogl\u0105da\u0107 go przy Bu\u0142garskiej<\/p>\n<p>Kolejnym ruchem by\u0142o wzmocnienie \u015brodka pola i pozyskanie Quintena Timbera. Holenderski pomocnik przeni\u00f3s\u0142 si\u0119 z Olympique Marsylia. Wed\u0142ug francuskiego L&#8217;\u00c9quipe kwota transferu wynios\u0142a oko\u0142o 20 milion\u00f3w euro. 25-latek jeszcze wcze\u015bniej reprezentowa\u0142 Feyenoord i dzieli\u0142 szatni\u0119 z Jakubem Moderem. W Eredivisie rozegra\u0142 121 spotka\u0144, zdobywaj\u0105c 19 bramek i tyle samo asyst. Jest wychowankiem Ajaxu, w kt\u00f3rym przeszed\u0142 przez wszystkie szczeble pi\u0142ki m\u0142odzie\u017cowej. W tym roku przebywa\u0142 na mundialu z reprezentacj\u0105 Holandii. Co ciekawe, zawodnik do\u0142\u0105czy w Premier League do swojego brata bli\u017aniaka &#8211; barwy Arsenalu reprezentuje Jurrien Timber.\u00a0<\/p>\n<p>Czwartym wzmocnieniem (jednego dnia!) zosta\u0142 Honest Ahanor. M\u0142ody defensor zosta\u0142 sprowadzony z Atalanty na zasadzie wypo\u017cyczenia. To kolejny ruch pokazuj\u0105cy, \u017ce Crystal Palace chce zwi\u0119kszy\u0107 rywalizacj\u0119 i szeroko\u015b\u0107 kadry przed sezonem, w kt\u00f3rym czeka go r\u00f3wnie\u017c gra na europejskiej arenie. Obro\u0144ca ma dopiero 18 lat, a ju\u017c rozegra\u0142 pe\u0142ny sezon w barwach dru\u017cyny w Bergamo, wyst\u0119puj\u0105c tak\u017ce na poziomie Ligi Mistrz\u00f3w. W czerwcu tego roku zadebiutowa\u0142 w doros\u0142ej reprezentacji W\u0142och. Aktualnie wyceniany jest na 30 milion\u00f3w euro. Interesuj\u0105ce mo\u017ce by\u0107 jego starcie z Wojciechem Mo\u0144k\u0105, kt\u00f3ry w marcu znajdowa\u0142 si\u0119 w orbicie zainteresowa\u0144 Atalanty.<\/p>\n<p>Crystal Palace nie zwalnia tempa. Ostatnie sukcesy tylko zaostrzy\u0142y apetyt<\/p>\n<p>Nie jest to przypadek, \u017ce Crystal Palace tak mocno pracowa\u0142o w\u0142a\u015bnie pod koniec okna. Klub pierwsze przetarcie w europejskich pucharach ma ju\u017c za sob\u0105. Zreszt\u0105, w roli debiutanta si\u0119gn\u0105\u0142 po triumf w Lidze Konferencji. Teraz Or\u0142y rozpocz\u0119\u0142y sezon w nowej rzeczywisto\u015bci, gdy\u017c maj\u0105 przed sob\u0105 pierwsze historyczne mecze w Lidze Europy, a w dodatku ich debiut w tych rozgrywkach przypadnie na mecz z Lechem Pozna\u0144.<\/p>\n<p>W Londynie na pewno s\u0105 spragnieni kolejnych sukces\u00f3w &#8211; ostatnie dwa lata s\u0105 dla nich najlepszym okresem w historii klubu. Zacz\u0119\u0142o si\u0119 od wygrania Pucharu Anglii w 2025 roku. Nast\u0119pnie w gablocie pojawi\u0142a si\u0119 tak\u017ce Tarcza Wsp\u00f3lnoty (Superpuchar Anglii) oraz wspomniana Liga Konferencji. Mo\u017ce nie rozpocz\u0119li udanie sezonu ligowego (dwie pora\u017cki i 18. miejsce w tabeli), ale celuj\u0105 w kolejne trofea i b\u0119d\u0105 chcieli namiesza\u0107 w Europie.\u00a0<\/p>\n<p>Statystycy Football Rankings przewiduj\u0105, \u017ce podopieczni trenera Pierre&#8217;a Sage maj\u0105 a\u017c 98 proc. szans na awans do fazy pucharowej, a przy tym 61,6 proc. na bezpo\u015bredni\u0105 promocj\u0119 do 1\/8 fina\u0142u, zajmuj\u0105c miejsce w czo\u0142owej \u00f3semce.\u00a0<\/p>\n<p>Lecha czeka trudne zadanie. Kolejorz nie jest jednak bez szans<\/p>\n<p>Spotkanie Crystal Palace z Lechem Pozna\u0144 zaplanowano na 17 wrze\u015bnia. B\u0119dzie to pierwszy mecz obu zespo\u0142\u00f3w w fazie ligowej Ligi Europy.\u00a0Transferowa aktywno\u015b\u0107 Crystal Palace z ostatniego dnia okna z pewno\u015bci\u0105 nie jest dla Poznaniak\u00f3w dobr\u0105 wiadomo\u015bci\u0105, ale te\u017c nie ma gwarancji, \u017ce nowe nabytki wyst\u0105pi\u0105 w tym meczu. Analizuj\u0105c ca\u0142\u0105 kadr\u0119 Londy\u0144czyk\u00f3w, znale\u017a\u0107 tam mo\u017cna jeszcze lepszych pi\u0142karzy z du\u017cym do\u015bwiadczeniem w Premier League.<\/p>\n<p>Przed rozpocz\u0119ciem tego spotkania faworytem s\u0105 Anglicy, ale mimo wszystko, najwa\u017cniejsza b\u0119dzie dyspozycja dnia i odpowiednie przygotowanie, dlatego nie nale\u017cy przekre\u015bla\u0107 szans Kolejorza. Du\u017ce znaczenie ma fakt, \u017ce Or\u0142y latem zmieni\u0142y trenera, a nowy sztab szkoleniowy jeszcze nie mia\u0142 okazji cieszy\u0107 si\u0119 z wygranej w oficjalnym meczu. Wyniki spotka\u0144 w okresie przygotowawczym r\u00f3wnie\u017c nie przekonuj\u0105. O tym, jak mocne oka\u017ce si\u0119 nowe Crystal Palace, Lechici przekonaj\u0105 si\u0119 za dwa tygodnie, ale&#8230; w naszej opinii mog\u0105 pokusi\u0107 si\u0119 o niespodziank\u0119 w postaci remisu.\u00a0<\/p>\n<p><img decoding=\"async\" data-not-lazy=\"\" alt=\"Jakub Kowalski - zdj\u0119cie autora\" class=\"rounded-circle article__author--image\" src=\"https:\/\/www.europesays.com\/pl\/wp-content\/uploads\/2026\/09\/1788343938_120_9c8c4aef-e682-4da8-92d8-13910106dd94.jpeg\"\/><a href=\"https:\/\/sportowy-poznan.pl\/autor\/PG5rLj9Gyn0BgDFdaNgt\" rel=\"nofollow noopener\" target=\"_blank\">Jakub Kowalski<\/a><\/p>\n<p>Od dziecka zakochany w wielu dyscyplinach sportu. Najlepiej odnajduje si\u0119 na pi\u0142karskim boisku i przed tarcz\u0105 do darta. Zim\u0105 z zapartym tchem \u015bledzi poczynania skoczk\u00f3w narciarskich. Z portalem \u201eSportowy Pozna\u0144\u201d zwi\u0105zany od pocz\u0105tku 2026 roku. W przesz\u0142o\u015bci publikowa\u0142 na \u0142amach Wirtualnej Polski oraz \u201eG\u0142osu Wielkopolskiego\u201d.<\/p>\n","protected":false},"excerpt":{"rendered":"Autor: cpfc.co.uk | Opis: Crystal Palace dok\u0142ada kolejne argumenty przed startem fazy ligowej Ligi Europy Skala ruch\u00f3w wykonanych&hellip;\n","protected":false},"author":2,"featured_media":662109,"comment_status":"","ping_status":"","sticky":false,"template":"","format":"standard","meta":{"footnotes":"","_share_on_mastodon":"0"},"categories":[51609],"tags":[8918,215,5240,42,38,40,39,41,1817],"class_list":["post-662108","post","type-post","status-publish","format-standard","has-post-thumbnail","category-poznan","tag-crystal-palace","tag-lech-poznan","tag-liga-europy","tag-pl","tag-poland","tag-polish","tag-polska","tag-polski","tag-poznan"],"share_on_mastodon":{"url":"https:\/\/pubeurope.com\/@pl\/117200916364556486","error":""},"_links":{"self":[{"href":"https:\/\/www.europesays.com\/pl\/wp-json\/wp\/v2\/posts\/662108","targetHints":{"allow":["GET"]}}],"collection":[{"href":"https:\/\/www.europesays.com\/pl\/wp-json\/wp\/v2\/posts"}],"about":[{"href":"https:\/\/www.europesays.com\/pl\/wp-json\/wp\/v2\/types\/post"}],"author":[{"embeddable":true,"href":"https:\/\/www.europesays.com\/pl\/wp-json\/wp\/v2\/users\/2"}],"replies":[{"embeddable":true,"href":"https:\/\/www.europesays.com\/pl\/wp-json\/wp\/v2\/comments?post=662108"}],"version-history":[{"count":0,"href":"https:\/\/www.europesays.com\/pl\/wp-json\/wp\/v2\/posts\/662108\/revisions"}],"wp:featuredmedia":[{"embeddable":true,"href":"https:\/\/www.europesays.com\/pl\/wp-json\/wp\/v2\/media\/662109"}],"wp:attachment":[{"href":"https:\/\/www.europesays.com\/pl\/wp-json\/wp\/v2\/media?parent=662108"}],"wp:term":[{"taxonomy":"category","embeddable":true,"href":"https:\/\/www.europesays.com\/pl\/wp-json\/wp\/v2\/categories?post=662108"},{"taxonomy":"post_tag","embeddable":true,"href":"https:\/\/www.europesays.com\/pl\/wp-json\/wp\/v2\/tags?post=662108"}],"curies":[{"name":"wp","href":"https:\/\/api.w.org\/{rel}","templated":true}]}}