{"id":662172,"date":"2026-09-02T10:49:10","date_gmt":"2026-09-02T10:49:10","guid":{"rendered":"https:\/\/www.europesays.com\/pl\/662172\/"},"modified":"2026-09-02T10:49:10","modified_gmt":"2026-09-02T10:49:10","slug":"tak-piesiewicz-dostal-stanowisko-w-pkol-wszystko-ujawniono","status":"publish","type":"post","link":"https:\/\/www.europesays.com\/pl\/662172\/","title":{"rendered":"Tak Piesiewicz dosta\u0142 stanowisko w PKOl. Wszystko ujawniono"},"content":{"rendered":"\n<p class=\"contentpart contentpart--default contentpart--text\" data-position=\"0\">W 2023 roku <a href=\"https:\/\/sportowefakty.wp.pl\/inne\/radoslaw-piesiewicz\" rel=\"nofollow noopener\" target=\"_blank\">Rados\u0142aw Piesiewicz<\/a>\u00a0zosta\u0142 prezesem <a href=\"https:\/\/sportowefakty.wp.pl\/inne\/pkol\" rel=\"nofollow noopener\" target=\"_blank\">Polskiego Komitetu Olimijskiego<\/a>. Zast\u0105pi\u0142 na tym stanowisku <a href=\"https:\/\/sportowefakty.wp.pl\/pilka-reczna\/andrzej-krasnicki\" rel=\"nofollow noopener\" target=\"_blank\">Andrzeja Kra\u015bnickiego<\/a>. Jednak jak ujawniaj\u0105 cz\u0142onkowie obecnego zarz\u0105du PKOl-u, sprawa mia\u0142a drugie dno. Chodzi o powi\u0105zania polityczne Piesiewicza z Prawem i Sprawiedliwo\u015bci\u0105, kt\u00f3re sprawowa\u0142o wtedy w\u0142adz\u0119.<\/p>\n<p class=\"contentpart contentpart--default contentpart--text\" data-position=\"1\">&#8211;\u00a0Teraz politycy si\u0119 wypieraj\u0105 i niech si\u0119 wypieraj\u0105, ale ja wierz\u0119 \u015bp. Andrzejowi Kra\u015bnickiemu. Powiedzia\u0142 mi, jak do tego dosz\u0142o, \u017ce ust\u0119puje. U\u017cy\u0142 takich s\u0142\u00f3w: &#8222;ja nie mog\u0119, bo jak zostan\u0119, to rozwal\u0105 PKOl&#8221;. I post\u0105pi\u0142 tak, by nie nara\u017ca\u0107 instytucji, kt\u00f3rej odda\u0142 serce. Wtedy zrozumia\u0142em, co si\u0119 dzieje, jakiego kalibru to jest decyzja. I mimo, \u017ce to wiedzia\u0142em, podnios\u0142em r\u0119k\u0119 za Piesiewiczem &#8211; m\u00f3wi\u0142 dla Interii\u00a0<a href=\"https:\/\/sportowefakty.wp.pl\/strzelectwo\/tomasz-kwiecien\" rel=\"nofollow noopener\" target=\"_blank\">Tomasz Kwiecie\u0144<\/a>.<\/p>\n<p>  <img decoding=\"async\" src=\"https:\/\/v.wpimg.pl\/X3dwLnN2d1IFFTpdYUl6R0ZNbgcnEHQREVV2TGEGbUtRT2MdOlZ2RBQUKABgQjQcDRotCStBd1IAAWMeIlM7VgwYIAorQAdEFFk_GCkQJQ\" alt=\"\" width=\"45\" height=\"58\" loading=\"lazy\"\/>  <\/p>\n<p class=\"contentpart contentpart--default contentpart--text\" data-position=\"2\">ZOBACZ WIDEO: Jeden obrazek z Maj\u0105 Chwali\u0144sk\u0105. &#8222;Ten widok \u0142amie serce&#8221;<\/p>\n<p class=\"contentpart contentpart--default contentpart--text\" data-position=\"4\">Cz\u0142onek zarz\u0105du <a href=\"https:\/\/sportowefakty.wp.pl\/inne\/pkol\" rel=\"nofollow noopener\" target=\"_blank\">PKOl<\/a>\u00a0i prezes\u00a0Polskiego Zwi\u0105zku Strzelectwa Sportowego opowiedzia\u0142 tak\u017ce o tym, \u017ce zarz\u0105d chce wybra\u0107 nowego prezesa za Piesiewicza. Kto ma najwi\u0119ksze szanse na obj\u0119cie tego stanowiska? Kwiecie\u0144 m\u00f3wi o jednym warunku.<\/p>\n<p class=\"contentpart contentpart--default contentpart--text\" data-position=\"5\">&#8211; Na razie jeszcze wa\u017c\u0105 si\u0119 losy. Natomiast mog\u0119 powiedzie\u0107, \u017ce niekt\u00f3rzy nie chc\u0105, z kolei kilka os\u00f3b przebiera nogami. Prosz\u0119 zda\u0107 sobie spraw\u0119, \u017ce wiceprezes\u00f3w nigdy w historii a\u017c tylu nie by\u0142o. Jest 14 wiceprezes\u00f3w, tylu powo\u0142a\u0142 sobie Piesiewicz. To jest jaka\u015b w og\u00f3le horrendalna sprawa. B\u0119dziemy chcieli, a przynajmniej taki mamy zamiar, wybra\u0107 kogo\u015b jak najmniej uwik\u0142anego politycznie. \u017beby nie by\u0142 w \u017caden spos\u00f3b zwi\u0105zany z \u017cadn\u0105 stron\u0105, ani praw\u0105, ani lew\u0105 &#8211; oceni\u0142 dzia\u0142acz.<\/p>\n<p class=\"contentpart contentpart--default contentpart--text\" data-position=\"6\">Obecnie Piesiewicz przebywa w areszcie. Decyzj\u0105 s\u0105du zosta\u0142 zatrzymany na trzy miesi\u0105ce za domniemany udzia\u0142 w aferze Zondacrypto, co ujawnili dziennikarze WP i TVN24.<\/p>\n<p>  <img decoding=\"async\" src=\"https:\/\/v.wpimg.pl\/X3dwLnN2d1IFFTpdYUl6R0ZNbgcnEHQREVV2TGEGbUtRT2MdOlZ2RBQUKABgQjQcDRotCStBd1IAAWMeIlM7VgwYIAorQAdEFFk_GCkQJQ\" alt=\"\" width=\"45\" height=\"58\" loading=\"lazy\"\/>  <\/p>\n<p class=\"contentpart contentpart--default contentpart--text\" data-position=\"7\">Prokuratura przedstawi\u0142a mu zarzuty dotycz\u0105ce p\u0142atnej protekcji, a tak\u017ce dzia\u0142ania na szkod\u0119 cz\u0119\u015bci wierzycieli Zondacrypto poprzez zaspokojenie wybranej grupy w sytuacji zagro\u017cenia niewyp\u0142acalno\u015bci\u0105 sp\u00f3\u0142ki. Piesiewicz nie przyzna\u0142 si\u0119 do zarzucanych mu czyn\u00f3w.<\/p>\n","protected":false},"excerpt":{"rendered":"W 2023 roku Rados\u0142aw Piesiewicz\u00a0zosta\u0142 prezesem Polskiego Komitetu Olimijskiego. Zast\u0105pi\u0142 na tym stanowisku Andrzeja Kra\u015bnickiego. Jednak jak ujawniaj\u0105&hellip;\n","protected":false},"author":2,"featured_media":662173,"comment_status":"","ping_status":"","sticky":false,"template":"","format":"standard","meta":{"footnotes":"","_share_on_mastodon":"0"},"categories":[24],"tags":[128695,1905,15347,42,38,40,39,41,3900,3121,127,126,10167,72795],"class_list":["post-662172","post","type-post","status-publish","format-standard","has-post-thumbnail","category-sport","tag-andrzej-krasnicki","tag-pilka-reczna","tag-pkol","tag-pl","tag-poland","tag-polish","tag-polska","tag-polski","tag-pozostale-dyscypliny","tag-radoslaw-piesiewicz","tag-sport","tag-sports","tag-strzelectwo","tag-tomasz-kwiecien"],"share_on_mastodon":{"url":"","error":""},"_links":{"self":[{"href":"https:\/\/www.europesays.com\/pl\/wp-json\/wp\/v2\/posts\/662172","targetHints":{"allow":["GET"]}}],"collection":[{"href":"https:\/\/www.europesays.com\/pl\/wp-json\/wp\/v2\/posts"}],"about":[{"href":"https:\/\/www.europesays.com\/pl\/wp-json\/wp\/v2\/types\/post"}],"author":[{"embeddable":true,"href":"https:\/\/www.europesays.com\/pl\/wp-json\/wp\/v2\/users\/2"}],"replies":[{"embeddable":true,"href":"https:\/\/www.europesays.com\/pl\/wp-json\/wp\/v2\/comments?post=662172"}],"version-history":[{"count":0,"href":"https:\/\/www.europesays.com\/pl\/wp-json\/wp\/v2\/posts\/662172\/revisions"}],"wp:featuredmedia":[{"embeddable":true,"href":"https:\/\/www.europesays.com\/pl\/wp-json\/wp\/v2\/media\/662173"}],"wp:attachment":[{"href":"https:\/\/www.europesays.com\/pl\/wp-json\/wp\/v2\/media?parent=662172"}],"wp:term":[{"taxonomy":"category","embeddable":true,"href":"https:\/\/www.europesays.com\/pl\/wp-json\/wp\/v2\/categories?post=662172"},{"taxonomy":"post_tag","embeddable":true,"href":"https:\/\/www.europesays.com\/pl\/wp-json\/wp\/v2\/tags?post=662172"}],"curies":[{"name":"wp","href":"https:\/\/api.w.org\/{rel}","templated":true}]}}