{"id":662182,"date":"2026-09-02T10:54:12","date_gmt":"2026-09-02T10:54:12","guid":{"rendered":"https:\/\/www.europesays.com\/pl\/662182\/"},"modified":"2026-09-02T10:54:12","modified_gmt":"2026-09-02T10:54:12","slug":"bedzie-glosowanie-nad-wetem-karola-nawrockiego-doszlismy-do-absurdu","status":"publish","type":"post","link":"https:\/\/www.europesays.com\/pl\/662182\/","title":{"rendered":"B\u0119dzie g\u0142osowanie nad wetem Karola Nawrockiego? &#8222;Doszli\u015bmy do absurdu&#8221;"},"content":{"rendered":"<p>Co powiedzia\u0142 W\u0142odzimierz Czarzasty?<\/p>\n<p>\u2014 W sprawie weta dotycz\u0105cego kryptowalut przypomn\u0119, \u017ce rozmawiamy o przest\u0119pczo\u015bci zorganizowanej, o potencjalnym morderstwie, o \u0142apownictwie, o grubych pieni\u0105dzach, o z\u0142ym procedowaniu i prawdopodobnie o poprawkach zg\u0142aszanych za pieni\u0105dze. W zwi\u0105zku z tym, je\u017celi to weto nie zostanie odrzucone, to pan prezydent Nawrocki w pewnym momencie b\u0119dzie musia\u0142 si\u0119 z tego wszystkiego t\u0142umaczy\u0107 \u2014 m\u00f3wi\u0142 marsza\u0142ek Sejmu na konferencji prasowej.<\/p>\n","protected":false},"excerpt":{"rendered":"Co powiedzia\u0142 W\u0142odzimierz Czarzasty? \u2014 W sprawie weta dotycz\u0105cego kryptowalut przypomn\u0119, \u017ce rozmawiamy o przest\u0119pczo\u015bci zorganizowanej, o potencjalnym&hellip;\n","protected":false},"author":2,"featured_media":662183,"comment_status":"","ping_status":"","sticky":false,"template":"","format":"standard","meta":{"footnotes":"","_share_on_mastodon":"0"},"categories":[12],"tags":[61195,32,33,36,37,27,43,49,15327,34,35,28,31,48,25,46,42,38,40,39,41,47,423,29,30,70,8206,26,203],"class_list":["post-662182","post","type-post","status-publish","format-standard","has-post-thumbnail","category-polska","tag-bottomfeed_styl","tag-breaking-news","tag-breakingnews","tag-featured-news","tag-featurednews","tag-headlines","tag-karol_nawrocki","tag-kraj","tag-kryptowaluta","tag-latest-news","tag-latestnews","tag-naglowki","tag-najwazniejsze-artykuly","tag-nat_styl","tag-news","tag-omp","tag-pl","tag-poland","tag-polish","tag-polska","tag-polski","tag-screening_general","tag-sejm","tag-top-stories","tag-topstories","tag-w_skrocie","tag-weto","tag-wiadomosci","tag-wlodzimierz_czarzasty"],"share_on_mastodon":{"url":"https:\/\/pubeurope.com\/@pl\/117201080694888022","error":""},"_links":{"self":[{"href":"https:\/\/www.europesays.com\/pl\/wp-json\/wp\/v2\/posts\/662182","targetHints":{"allow":["GET"]}}],"collection":[{"href":"https:\/\/www.europesays.com\/pl\/wp-json\/wp\/v2\/posts"}],"about":[{"href":"https:\/\/www.europesays.com\/pl\/wp-json\/wp\/v2\/types\/post"}],"author":[{"embeddable":true,"href":"https:\/\/www.europesays.com\/pl\/wp-json\/wp\/v2\/users\/2"}],"replies":[{"embeddable":true,"href":"https:\/\/www.europesays.com\/pl\/wp-json\/wp\/v2\/comments?post=662182"}],"version-history":[{"count":0,"href":"https:\/\/www.europesays.com\/pl\/wp-json\/wp\/v2\/posts\/662182\/revisions"}],"wp:featuredmedia":[{"embeddable":true,"href":"https:\/\/www.europesays.com\/pl\/wp-json\/wp\/v2\/media\/662183"}],"wp:attachment":[{"href":"https:\/\/www.europesays.com\/pl\/wp-json\/wp\/v2\/media?parent=662182"}],"wp:term":[{"taxonomy":"category","embeddable":true,"href":"https:\/\/www.europesays.com\/pl\/wp-json\/wp\/v2\/categories?post=662182"},{"taxonomy":"post_tag","embeddable":true,"href":"https:\/\/www.europesays.com\/pl\/wp-json\/wp\/v2\/tags?post=662182"}],"curies":[{"name":"wp","href":"https:\/\/api.w.org\/{rel}","templated":true}]}}