{"id":662186,"date":"2026-09-02T10:56:17","date_gmt":"2026-09-02T10:56:17","guid":{"rendered":"https:\/\/www.europesays.com\/pl\/662186\/"},"modified":"2026-09-02T10:56:17","modified_gmt":"2026-09-02T10:56:17","slug":"donald-tusk-o-pozarach-w-polskich-fabrykach-doszlo-do-aktu-sabotazu","status":"publish","type":"post","link":"https:\/\/www.europesays.com\/pl\/662186\/","title":{"rendered":"Donald Tusk o po\u017carach w polskich fabrykach. &#8222;Dosz\u0142o do aktu sabota\u017cu&#8221;"},"content":{"rendered":"<p>Tusk przed posiedzeniem rz\u0105du przypomnia\u0142 o ostatnich wydarzeniach w Polsce i Niemczech. Na pocz\u0105tku tygodnia dosz\u0142o do <a href=\"https:\/\/wiadomosci.onet.pl\/kielce\/pozar-w-skarzysku-kamiennej-zaklad-produkuje-drony\/t4pyngz\" id=\"6e98423d-00fd-43c7-8cec-fdb6581dbf19\" rel=\"nofollow noopener\" target=\"_blank\">po\u017caru w fabryce dron\u00f3w w Skar\u017cysku-Kamiennej<\/a>, gdzie monitoring zarejestrowa\u0142 zamaskowanego m\u0119\u017cczyzn\u0119. <a href=\"https:\/\/wiadomosci.onet.pl\/lublin\/pozar-w-zakladach-w-lublinie-prokuratura-zabezpieczyla-serwer-monitoringu\/zcf6f2w\" id=\"5c89c391-ba1f-4ba2-8827-8ef51738802f\" rel=\"nofollow noopener\" target=\"_blank\">Po\u017car wybuch\u0142 tak\u017ce w zak\u0142adzie w Lublinie, kt\u00f3ry specjalizuje si\u0119 w wytwarzaniu komponent\u00f3w dla przemys\u0142u lotniczego.<\/a>Ostatnie dni to tak\u017ce seria gro\u017anych incydent\u00f3w w Niemczech. <a href=\"https:\/\/wiadomosci.onet.pl\/swiat\/proba-sabotazu-w-niemczech-celem-siec-energetyczna\/tkd5yls\" id=\"0af0fb69-c54a-4892-95a0-b0209f19f1c7\" rel=\"nofollow noopener\" target=\"_blank\">S\u0142u\u017cby odnotowa\u0142y pr\u00f3b\u0119 sabota\u017cu sieci energetycznej w Bergheim<\/a> na zachodzie kraju, a <a href=\"https:\/\/wiadomosci.onet.pl\/swiat\/niemcy-reaguja-na-atak-przy-granicy-z-polska-udalo-sie-zapobiec-czemus-gorszemu\/m84e84k\" id=\"d2736b44-09d5-4d05-b896-d7528590846e\" rel=\"nofollow noopener\" target=\"_blank\">w pobli\u017cu elektrowni w\u0119glowej Jaenschwalde na wschodzie Niemiec, niedaleko granicy z Polsk\u0105, dosz\u0142o do eksplozji.<\/a><a href=\"https:\/\/www.onet.pl\/\" title=\"Strona G\u0142\u00f3wna\" aria-label=\"Strona G\u0142\u00f3wna\" data-astro-prefetch=\"tap\" class=\"ods-a-logo-main-desktop\" rel=\"nofollow noopener\" target=\"_blank\"><img src=\"https:\/\/cdn.wiadomosci.onet.pl\/img\/Logo_desktop_Onet.svg\" class=\"ods-a-logo-main-desktop__image\" alt=\"Logo\" width=\"107\" height=\"60\" fetchpriority=\"high\" decoding=\"sync\" style=\"height:60px\"\/><\/a><\/p>\n<p class=\"ods-m-google-article__text\">Czytaj nas cz\u0119\u015bciej w Google<\/p>\n<p><a href=\"https:\/\/google.com\/preferences\/source?q=wiadomosci.onet.pl\" target=\"_blank\" rel=\"noopener noreferrer nofollow\" aria-label=\"Dodaj w Google\" title=\"Dodaj w Google\" class=\"ods-a-button ods-a-button__primary ods-a-button__default ods-a-button-l\">Dodaj w Google<\/a>Witold Jurasz: Rosja mo\u017ce dopu\u015bci\u0107 si\u0119 zbrojnej prowokacji wobec Polski<img class=\"ods-a-photo ods-a-photo--background\" src=\"https:\/\/www.europesays.com\/pl\/wp-content\/uploads\/2026\/09\/2dxk9lGaHR0cHM6Ly9vY2RuLmV1L3B1bHNjbXMvTURBXy9jNzUxMGM2Ny0yMzZjLTQ4Y2ItYjNlZC0yYmM4NDAzMWMyM2UuanBlZ.jpeg\" height=\"299\" width=\"450\" alt=\"epa13205985 - KYRGYZSTAN DIPLOMACY SOC SUMMIT (Shanghai Cooperation Organization (SCO) Summit 2026 in Bishkek)\" loading=\"lazy\" fetchpriority=\"low\" decoding=\"async\"\/>Donald Tusk o po\u017carach w polskich fabrykach. &#8222;Dosz\u0142o do aktu sabota\u017cu&#8221;<\/p>\n<p>\u2014 W ostatnich kilkudziesi\u0119ciu godzinach dosz\u0142o do bardzo niepokoj\u0105cych incydent\u00f3w w Polsce, tak\u017ce w Niemczech. Jest to kontynuacja dzia\u0142a\u0144 eskalacyjnych ze strony Rosji w ca\u0142ym regionie. To nie s\u0105 niestety pierwsze przypadki i z ca\u0142\u0105 pewno\u015bci\u0105 nie ostatnie tego typu zdarzenia. Jestem w sta\u0142ym kontakcie z przyw\u00f3dcami pa\u0144stw naszego regionu. (&#8230;) Najbli\u017csze tygodnie i miesi\u0105ce b\u0119d\u0105 krytyczne nie tylko je\u015bli chodzi o zdarzenia na froncie i wojn\u0119 rosyjsko-ukrai\u0144sk\u0105. B\u0119d\u0105 bardzo du\u017cym wyzwaniem dla wszystkich pa\u0144stw w tej cz\u0119\u015bci Europy w\u0142a\u015bnie ze wzgl\u0119du na rosyjskie plany dotycz\u0105ce zwi\u0119kszania napi\u0119cia i destabilizacji \u2014 m\u00f3wi\u0142 premier.<\/p>\n<p>\u2014 Je\u015bli chodzi o po\u017cary w dw\u00f3ch zak\u0142adach: w Lublinie i Skar\u017cysku-Kamiennej, to w przypadku Skar\u017cyska-Kamiennej nie ma \u017cadnych w\u0105tpliwo\u015bci, \u017ce dosz\u0142o do celowego podpalenia, czyli aktu sabota\u017cu. W przypadku Lublina nie mamy tego typu dowod\u00f3w, ale nie mo\u017cna wykluczy\u0107, bior\u0105c pod uwag\u0119 charakter produkcji, \u017ce tam tak\u017ce dosz\u0142o do celowego podpalenia \u2014 przekaza\u0142.<\/p>\n<p>Opracowanie:\u0141ukasz Gosik<\/p>\n<p>Data utworzenia:2 wrze\u015bnia 2026, 12:22<\/p>\n","protected":false},"excerpt":{"rendered":"Tusk przed posiedzeniem rz\u0105du przypomnia\u0142 o ostatnich wydarzeniach w Polsce i Niemczech. Na pocz\u0105tku tygodnia dosz\u0142o do po\u017caru&hellip;\n","protected":false},"author":2,"featured_media":662187,"comment_status":"","ping_status":"","sticky":false,"template":"","format":"standard","meta":{"footnotes":"","_share_on_mastodon":"0"},"categories":[62713],"tags":[61195,1345,212,4096,49,1081,48,295,46,20312,2148,87,47,28979],"class_list":["post-662186","post","type-post","status-publish","format-standard","has-post-thumbnail","category-donald-tusk","tag-bottomfeed_styl","tag-donald-tusk","tag-donald_tusk","tag-dywersja","tag-kraj","tag-lublin","tag-nat_styl","tag-niemcy","tag-omp","tag-podpalenie","tag-pozar","tag-rosja","tag-screening_general","tag-skarzysko_kamienna"],"share_on_mastodon":{"url":"https:\/\/pubeurope.com\/@pl\/117201088409379220","error":""},"_links":{"self":[{"href":"https:\/\/www.europesays.com\/pl\/wp-json\/wp\/v2\/posts\/662186","targetHints":{"allow":["GET"]}}],"collection":[{"href":"https:\/\/www.europesays.com\/pl\/wp-json\/wp\/v2\/posts"}],"about":[{"href":"https:\/\/www.europesays.com\/pl\/wp-json\/wp\/v2\/types\/post"}],"author":[{"embeddable":true,"href":"https:\/\/www.europesays.com\/pl\/wp-json\/wp\/v2\/users\/2"}],"replies":[{"embeddable":true,"href":"https:\/\/www.europesays.com\/pl\/wp-json\/wp\/v2\/comments?post=662186"}],"version-history":[{"count":0,"href":"https:\/\/www.europesays.com\/pl\/wp-json\/wp\/v2\/posts\/662186\/revisions"}],"wp:featuredmedia":[{"embeddable":true,"href":"https:\/\/www.europesays.com\/pl\/wp-json\/wp\/v2\/media\/662187"}],"wp:attachment":[{"href":"https:\/\/www.europesays.com\/pl\/wp-json\/wp\/v2\/media?parent=662186"}],"wp:term":[{"taxonomy":"category","embeddable":true,"href":"https:\/\/www.europesays.com\/pl\/wp-json\/wp\/v2\/categories?post=662186"},{"taxonomy":"post_tag","embeddable":true,"href":"https:\/\/www.europesays.com\/pl\/wp-json\/wp\/v2\/tags?post=662186"}],"curies":[{"name":"wp","href":"https:\/\/api.w.org\/{rel}","templated":true}]}}