{"id":662210,"date":"2026-09-02T11:12:13","date_gmt":"2026-09-02T11:12:13","guid":{"rendered":"https:\/\/www.europesays.com\/pl\/662210\/"},"modified":"2026-09-02T11:12:13","modified_gmt":"2026-09-02T11:12:13","slug":"wroclaw-teatr-polski-zapowiada-sezon-2026-27-fredro-mickiewicz-i-wielki-powrot-na-duza-scene","status":"publish","type":"post","link":"https:\/\/www.europesays.com\/pl\/662210\/","title":{"rendered":"Wroc\u0142aw. Teatr Polski zapowiada sezon 2026\/27: Fredro, Mickiewicz i wielki powr\u00f3t na Du\u017c\u0105 Scen\u0119"},"content":{"rendered":"<p>Sezon 2026\/27 Teatru Polskiego we Wroc\u0142awiu otworzy \u201eM\u0105\u017c i \u017cona\u201d Aleksandra Fredry w re\u017c. Micha\u0142a Zadary. W repertuarze znajd\u0105 si\u0119 tak\u017ce \u201eDziady cz. II\u201d\u00a0w re\u017c. Aleksandry Pop\u0142awskiej z muzyk\u0105 Tomasza Organka, \u201e\u015awi\u0119toszek\u201d Moliera w re\u017c. Anny Augustynowicz, \u201e\u015amier\u0107 komiwoja\u017cera\u201d Arthura Millera w re\u017c. Maksymiliana Nowaka, \u201eKr\u00f3l Edyp\u201d Sofoklesa w re\u017c. Zainy Dany oraz \u201eFestung Breslau\u201d Huberta Sulimy w re\u017c. J\u0119drzeja Piaskowskiego. Sezon zwie\u0144czy d\u0142ugo wyczekiwane otwarcie Du\u017cej Sceny.<\/p>\n<p>            <a data-lightbox=\"article-gallery\" href=\"https:\/\/e-teatr.pl\/files\/multimedias\/178695\/Teatr-Polski-Wikipedia.jpg\" rel=\"nofollow noopener\" target=\"_blank\">&#13;<br \/>\n        <img loading=\"lazy\" decoding=\"async\" src=\"https:\/\/www.europesays.com\/pl\/wp-content\/uploads\/2026\/09\/thumb_Teatr-Polski-Wikipedia.jpg\" alt=\"\" title=\"Teatr Polski\" width=\"680\" height=\"382\"\/>      <\/a><\/p>\n<p>fot. Wikipedia\/ domena publiczna<\/p>\n<p>Fredro na nowo<\/p>\n<p>Sezon otworzy \u201eM\u0105\u017c i \u017cona\u201d Aleksandra Fredry w re\u017cyserii dyrektora Teatru Micha\u0142a Zadary. Pierwsze pokazy odb\u0119d\u0105 si\u0119 18 i 19 wrze\u015bnia 2026 roku na Scenie na \u015awiebodzkim, a oficjaln\u0105 premier\u0119 spektaklu zaplanowano na 25 i 26 wrze\u015bnia. Klasyczna komedia o mi\u0142o\u015bci, po\u017c\u0105daniu i zdradzie zostanie przeniesiona do reali\u00f3w wsp\u00f3\u0142czesnego, zamo\u017cnego domu. Zadara si\u0119ga po oryginalny j\u0119zyk Fredry, konfrontuj\u0105c go z nowoczesn\u0105 scenografi\u0105 i wsp\u00f3\u0142czesn\u0105 muzyk\u0105.<\/p>\n<p>Spektakl ma zdublowan\u0105 obsad\u0119: dziewi\u0119cioro aktorek i aktor\u00f3w zagra pi\u0119\u0107 postaci w r\u00f3\u017cnych konfiguracjach. Dzi\u0119ki temu ka\u017cdy wiecz\u00f3r mo\u017ce przynie\u015b\u0107 inny uk\u0142ad relacji mi\u0119dzy bohaterami \u2013 w sumie stwarza to okazj\u0119 do obejrzenia szesnastu wersji przedstawienia. W spektaklu wyst\u0105pi\u0105 m.in. Ernest Nita, Jolanta Zalewska, Dariusz Bereski, Andrzej Olejnik i Aleksandra Chapko-Klimczak.<\/p>\n<p>\u201eDziady\u201d w rytmie poga\u0144skiego rave&#8217;u<\/p>\n<p>Do Teatru Polskiego wracaj\u0105 tak\u017ce \u201eDziady\u201d. Drug\u0105 cz\u0119\u015b\u0107 dramatu Adama Mickiewicza wyre\u017cyseruje Aleksandra Pop\u0142awska, dla kt\u00f3rej b\u0119dzie to ponowne spotkanie z teatralnym domem \u2013 to w stolicy Dolnego \u015al\u0105ska rozpoczyna\u0142a swoj\u0105 karier\u0119. Jej inscenizacja, z muzyk\u0105 Tomasza Organka, przeniesie obrz\u0119d dziad\u00f3w w przestrze\u0144 opuszczonej kaplicy zamienionej w squat. Na granic\u0119 rytua\u0142u, rave\u2019u i zbiorowej halucynacji. Pierwszy spektakl odb\u0119dzie si\u0119 31 pa\u017adziernika, w noc Dziad\u00f3w, a oficjalna premiera 7 listopada.<\/p>\n<p>Powr\u00f3t Mickiewicza do Teatru Polskiego wpisuje si\u0119 w bogat\u0105 histori\u0119 tego dramatu na wroc\u0142awskiej scenie. Od wcze\u015bniejszych interpretacji, w tym \u201eDziad\u00f3w. Ekshumacji\u201d Moniki Strz\u0119pki, po monumentalne, 14-godzinne \u201eDziady\u201d Micha\u0142a Zadary z 2016 roku. Inscenizacja Aleksandry Pop\u0142awskiej b\u0119dzie kolejnym g\u0142osem w tej teatralnej tradycji.\u00a0<\/p>\n<p>Klasyka, kt\u00f3ra m\u00f3wi o wsp\u00f3\u0142czesno\u015bci<\/p>\n<p>W kolejnych premierach sezonu Teatr Polski si\u0119gnie po \u201e\u015awi\u0119toszka\u201d Moliera w re\u017cyserii Anny Augustynowicz, \u201e\u015amier\u0107 komiwoja\u017cera\u201d Arthura Millera w re\u017cyserii Maksymiliana Nowaka, \u201eKr\u00f3la Edypa\u201d Sofoklesa w re\u017cyserii Zainy Dany oraz \u201eFestung Breslau\u201d Huberta Sulimy w re\u017cyserii J\u0119drzeja Piaskowskiego.<\/p>\n<p>\u2013 Chcemy pokazywa\u0107 spektakle, kt\u00f3re bawi\u0105, poruszaj\u0105, ale jednocze\u015bnie staj\u0105 si\u0119 przestrzeni\u0105 refleksji i sporu. Zale\u017cy nam na teatrze otwartym i dost\u0119pnym dla szerokiej publiczno\u015bci. Takim, w kt\u00f3rym mo\u017cna na chwil\u0119 oderwa\u0107 si\u0119 od codzienno\u015bci, zatrzyma\u0107 i po prostu by\u0107. Ze sztuk\u0105, z innymi lud\u017ami, w przestrzeni teatru. Spotkanie z teatrem nie powinno by\u0107 trudne ani onie\u015bmielaj\u0105ce. Powinno dawa\u0107 przyjemno\u015b\u0107, emocje i przestrze\u0144 do namys\u0142u. Dlatego si\u0119gamy po klasyk\u0119, kt\u00f3ra nie tylko zachwyca j\u0119zykiem i form\u0105, ale wci\u0105\u017c potrafi m\u00f3wi\u0107 o tym, co jest dla nas wa\u017cne dzisiaj \u2013 m\u00f3wi dr Micha\u0142 Zadara, dyrektor Teatru Polskiego we Wroc\u0142awiu.<\/p>\n<p>Du\u017ca Scena wraca po remoncie<\/p>\n<p>Po remoncie Teatr Polski zaprosi widz\u00f3w na Du\u017c\u0105 Scen\u0119. Jej ponowne otwarcie b\u0119dzie jednym z najwa\u017cniejszych wydarze\u0144 sezonu 2026\/27. Nowy rozdzia\u0142 tej przestrzeni podkre\u015bli tak\u017ce kurtyna, kt\u00f3r\u0105 przygotuje Alexandra Grant, ameryka\u0144ska artystka wizualna.<\/p>\n<p>A co poza scen\u0105?<\/p>\n<p>Teatr Polski rozwija tak\u017ce dzia\u0142alno\u015b\u0107 poza repertuarem, wzmacniaj\u0105c swoj\u0105 obecno\u015b\u0107 w regionie i buduj\u0105c jeszcze mocniej relacje z publiczno\u015bci\u0105. W nowym sezonie w ramach programu \u201eTeatr Bli\u017cej Ludzi\u201d odwiedzi 11 miejscowo\u015bci na Dolnym \u015al\u0105sku. Wa\u017cnym obszarem pozostaj\u0105 r\u00f3wnie\u017c edukacja i wsp\u00f3\u0142praca z instytucjami kultury, w tym z Ossolineum i Wroc\u0142awskim Domem Literatury. Teatr rozwija tak\u017ce Akademi\u0119 1212 i Klub Czytelniczy, tworz\u0105c przestrze\u0144 do spotkania, rozmowy i wsp\u00f3lnego obcowania z kultur\u0105 tak\u017ce poza teatraln\u0105 scen\u0105.<\/p>\n<p>Bilety na spektakle sezonu 2026\/27 s\u0105 dost\u0119pne w sprzeda\u017cy na stronie Teatru Polskiego we Wroc\u0142awiu: <a href=\"https:\/\/teatrpolski.wroc.pl\/pl\/repertuar.\" target=\"_blank\" rel=\"nofollow noopener\">https:\/\/teatrpolski.wroc.pl\/pl\/repertuar.<\/a><\/p>\n<p>Warto si\u0119 jednak spieszy\u0107, bo na spektakle we wrze\u015bniu, pa\u017adzierniku i listopadzie zosta\u0142y ostatnie miejsca.<\/p>\n","protected":false},"excerpt":{"rendered":"Sezon 2026\/27 Teatru Polskiego we Wroc\u0142awiu otworzy \u201eM\u0105\u017c i \u017cona\u201d Aleksandra Fredry w re\u017c. Micha\u0142a Zadary. W repertuarze&hellip;\n","protected":false},"author":2,"featured_media":662211,"comment_status":"","ping_status":"","sticky":false,"template":"","format":"standard","meta":{"footnotes":"","_share_on_mastodon":"0"},"categories":[51607],"tags":[2434,8588,6588,17490,16331,51630,42,38,40,39,41,649,650,11541,51629,8815,51631,8767,51628,800,8816,1853],"class_list":["post-662210","post","type-post","status-publish","format-standard","has-post-thumbnail","category-wroclaw","tag-aktor","tag-aktorzy","tag-festiwal","tag-festiwale","tag-kariera","tag-kariery","tag-pl","tag-poland","tag-polish","tag-polska","tag-polski","tag-premiera","tag-premiery","tag-realizacja","tag-realizacje","tag-repertuar","tag-ruch-teatralny","tag-sztuka","tag-sztuki","tag-teatr","tag-teatry","tag-wroclaw"],"share_on_mastodon":{"url":"https:\/\/pubeurope.com\/@pl\/117201152347566848","error":""},"_links":{"self":[{"href":"https:\/\/www.europesays.com\/pl\/wp-json\/wp\/v2\/posts\/662210","targetHints":{"allow":["GET"]}}],"collection":[{"href":"https:\/\/www.europesays.com\/pl\/wp-json\/wp\/v2\/posts"}],"about":[{"href":"https:\/\/www.europesays.com\/pl\/wp-json\/wp\/v2\/types\/post"}],"author":[{"embeddable":true,"href":"https:\/\/www.europesays.com\/pl\/wp-json\/wp\/v2\/users\/2"}],"replies":[{"embeddable":true,"href":"https:\/\/www.europesays.com\/pl\/wp-json\/wp\/v2\/comments?post=662210"}],"version-history":[{"count":0,"href":"https:\/\/www.europesays.com\/pl\/wp-json\/wp\/v2\/posts\/662210\/revisions"}],"wp:featuredmedia":[{"embeddable":true,"href":"https:\/\/www.europesays.com\/pl\/wp-json\/wp\/v2\/media\/662211"}],"wp:attachment":[{"href":"https:\/\/www.europesays.com\/pl\/wp-json\/wp\/v2\/media?parent=662210"}],"wp:term":[{"taxonomy":"category","embeddable":true,"href":"https:\/\/www.europesays.com\/pl\/wp-json\/wp\/v2\/categories?post=662210"},{"taxonomy":"post_tag","embeddable":true,"href":"https:\/\/www.europesays.com\/pl\/wp-json\/wp\/v2\/tags?post=662210"}],"curies":[{"name":"wp","href":"https:\/\/api.w.org\/{rel}","templated":true}]}}