{"id":662222,"date":"2026-09-02T11:18:13","date_gmt":"2026-09-02T11:18:13","guid":{"rendered":"https:\/\/www.europesays.com\/pl\/662222\/"},"modified":"2026-09-02T11:18:13","modified_gmt":"2026-09-02T11:18:13","slug":"tak-mistrz-olimpijski-nazwal-polske-przed-me-siatkarzy","status":"publish","type":"post","link":"https:\/\/www.europesays.com\/pl\/662222\/","title":{"rendered":"Tak mistrz olimpijski nazwa\u0142 Polsk\u0119 przed ME siatkarzy"},"content":{"rendered":"<p>Polacy w niedzielnym finale Memoria\u0142u Wagnera pokonali Francj\u0119 3:1 i po raz dwunasty w historii triumfowali w tym presti\u017cowym turnieju. W klasyfikacji ko\u0144cowej wyprzedzili w\u0142a\u015bnie Francuz\u00f3w, a tak\u017ce reprezentacje Stan\u00f3w Zjednoczonych i S\u0142owenii.<\/p>\n<p>Dalszy ci\u0105g artyku\u0142u pod materia\u0142em wideo<\/p>\n<p>Faure, kt\u00f3ry by\u0142 jednym z zawodnik\u00f3w francuskiej dru\u017cyny, podkre\u015bla\u0142 wysoki poziom rywalizacji w Krakowie. \u2014 Turniej by\u0142 bardzo mocno obstawiony. Cztery dru\u017cyny, kt\u00f3re s\u0105 w czo\u0142\u00f3wce \u015bwiatowej, bior\u0105 w nim udzia\u0142. Poziom jest bardzo wysoki \u2014 powiedzia\u0142 w rozmowie ze Stref\u0105 Siatk\u00f3wki.<\/p>\n<p><a href=\"https:\/\/przegladsportowy.onet.pl\/\" title=\"Strona g\u0142\u00f3wna serwisu\" aria-label=\"Strona g\u0142\u00f3wna serwisu\" data-astro-prefetch=\"tap\" class=\"ods-a-logo-main-desktop\" rel=\"nofollow noopener\" target=\"_blank\"><img src=\"https:\/\/cdn.przegladsportowy.onet.pl\/img\/Logo_desktop_Onet.svg\" class=\"ods-a-logo-main-desktop__image\" alt=\"Logo\" width=\"107\" height=\"60\" fetchpriority=\"high\" decoding=\"sync\" style=\"height:60px\"\/><\/a><\/p>\n<p class=\"ods-m-google-article__text\">Czytaj nas cz\u0119\u015bciej w Google<\/p>\n<p><a href=\"https:\/\/google.com\/preferences\/source?q=przegladsportowy.onet.pl\" target=\"_blank\" rel=\"noopener noreferrer nofollow\" aria-label=\"Dodaj w Google\" title=\"Dodaj w Google\" class=\"ods-a-button ods-a-button__primary ods-a-button__default ods-a-button-l\">Dodaj w Google<\/a><\/p>\n<p>Francuski atakuj\u0105cy zwr\u00f3ci\u0142 r\u00f3wnie\u017c uwag\u0119 na atmosfer\u0119 podczas spotka\u0144. Szczeg\u00f3lnie du\u017co kibic\u00f3w pojawi\u0142o si\u0119 oczywi\u015bcie podczas meczu z gospodarzami. \u2014 Zawsze dobrze jest gra\u0107 tutaj przed tak\u0105 publiczno\u015bci\u0105. Wiadomo by\u0142o, \u017ce kibic\u00f3w pojawi si\u0119 najwi\u0119cej na mecz z Polsk\u0105. Niemniej kibice dopisali r\u00f3wnie\u017c na pozosta\u0142e mecze \u2014 zaznaczy\u0142.<\/p>\n<p>Faure wskaza\u0142 g\u0142\u00f3wnego kandydata<\/p>\n<p>Ju\u017c 9 wrze\u015bnia rozpoczn\u0105 si\u0119 mistrzostwa Europy. Zdaniem Faure&#8217;a poziom europejskiej siatk\u00f3wki jest obecnie niezwykle wysoki, ale jeden zesp\u00f3\u0142 wyr\u00f3\u017cnia si\u0119 szczeg\u00f3lnie. Francuz bez wahania wskaza\u0142 Polsk\u0119 jako jednego z najpowa\u017cniejszych kandydat\u00f3w do triumfu.<\/p>\n<p>\u2014 Jest wiele dru\u017cyn, kt\u00f3re w ostatnim czasie prezentuj\u0105 si\u0119 naprawd\u0119 solidnie, ale wed\u0142ug mnie to Polska jest jednym z powa\u017cniejszych kandydat\u00f3w do z\u0142ota \u2014 przyzna\u0142 mistrz olimpijski.<\/p>\n<p>Dla Francji turniej b\u0119dzie nie tylko walk\u0105 o medal. Stawk\u0105 s\u0105 r\u00f3wnie\u017c kwalifikacje olimpijskie, dlatego ka\u017cda z czo\u0142owych reprezentacji b\u0119dzie chcia\u0142a zako\u0144czy\u0107 rywalizacj\u0119 z jak najlepszym wynikiem.<\/p>\n<p>\u2014 Spodziewamy si\u0119, \u017ce turniej b\u0119dzie bardzo wymagaj\u0105cy. Ka\u017cdemu zale\u017cy na uzyskaniu kwalifikacji olimpijskiej. B\u0119dziemy walczy\u0107 o jak najlepsze miejsce \u2014 podsumowa\u0142 Faure.<\/p>\n","protected":false},"excerpt":{"rendered":"Polacy w niedzielnym finale Memoria\u0142u Wagnera pokonali Francj\u0119 3:1 i po raz dwunasty w historii triumfowali w tym&hellip;\n","protected":false},"author":2,"featured_media":662223,"comment_status":"","ping_status":"","sticky":false,"template":"","format":"standard","meta":{"footnotes":"","_share_on_mastodon":"0"},"categories":[24],"tags":[128177,61195,48,46,42,38,40,39,41,355,47,131,127,126,128178],"class_list":["post-662222","post","type-post","status-publish","format-standard","has-post-thumbnail","category-sport","tag-adshield_tst2","tag-bottomfeed_styl","tag-nat_styl","tag-omp","tag-pl","tag-poland","tag-polish","tag-polska","tag-polski","tag-reprezentacja_polski","tag-screening_general","tag-siatkowka","tag-sport","tag-sports","tag-wthl_off"],"share_on_mastodon":{"url":"https:\/\/pubeurope.com\/@pl\/117201175324597654","error":""},"_links":{"self":[{"href":"https:\/\/www.europesays.com\/pl\/wp-json\/wp\/v2\/posts\/662222","targetHints":{"allow":["GET"]}}],"collection":[{"href":"https:\/\/www.europesays.com\/pl\/wp-json\/wp\/v2\/posts"}],"about":[{"href":"https:\/\/www.europesays.com\/pl\/wp-json\/wp\/v2\/types\/post"}],"author":[{"embeddable":true,"href":"https:\/\/www.europesays.com\/pl\/wp-json\/wp\/v2\/users\/2"}],"replies":[{"embeddable":true,"href":"https:\/\/www.europesays.com\/pl\/wp-json\/wp\/v2\/comments?post=662222"}],"version-history":[{"count":0,"href":"https:\/\/www.europesays.com\/pl\/wp-json\/wp\/v2\/posts\/662222\/revisions"}],"wp:featuredmedia":[{"embeddable":true,"href":"https:\/\/www.europesays.com\/pl\/wp-json\/wp\/v2\/media\/662223"}],"wp:attachment":[{"href":"https:\/\/www.europesays.com\/pl\/wp-json\/wp\/v2\/media?parent=662222"}],"wp:term":[{"taxonomy":"category","embeddable":true,"href":"https:\/\/www.europesays.com\/pl\/wp-json\/wp\/v2\/categories?post=662222"},{"taxonomy":"post_tag","embeddable":true,"href":"https:\/\/www.europesays.com\/pl\/wp-json\/wp\/v2\/tags?post=662222"}],"curies":[{"name":"wp","href":"https:\/\/api.w.org\/{rel}","templated":true}]}}