{"id":662288,"date":"2026-09-02T11:54:20","date_gmt":"2026-09-02T11:54:20","guid":{"rendered":"https:\/\/www.europesays.com\/pl\/662288\/"},"modified":"2026-09-02T11:54:20","modified_gmt":"2026-09-02T11:54:20","slug":"weto-nawrockiego-ws-kryptowalut-tusk-do-prezydenta-korzysta-na-tym-rosja","status":"publish","type":"post","link":"https:\/\/www.europesays.com\/pl\/662288\/","title":{"rendered":"Weto Nawrockiego ws. kryptowalut. Tusk do prezydenta: Korzysta na tym Rosja"},"content":{"rendered":"\n<p>&#13;<br \/>\nPrezydent Nawrocki przekonuje, \u017ce\u00a0zawetowana przez niego ustawa o\u00a0kryptowalutach zawiera przepisy budz\u0105ce powa\u017cne w\u0105tpliwo\u015bci. &#13;\n<\/p>\n<p>&#13;<br \/>\nDo kwestii kryptowalut odni\u00f3s\u0142 si\u0119 podczas \u015brodowego posiedzenia rz\u0105du premier Donald Tusk. &#13;\n<\/p>\n<p>&#13;<br \/>\n\u2013 Z\u00a0tego miejsca apeluj\u0119 tu do\u00a0wszystkich parlamentarzyst\u00f3w i\u00a0<a href=\"https:\/\/dorzeczy.pl\/opinie\/899671\/tusk-atakuje-nawrockiego-chodzi-o-weto-ws-kryptowalut.html\" rel=\"nofollow noopener\" target=\"_blank\">do pana prezydenta Nawrockiego ws. kryptowalut<\/a> i\u00a0weta. W\u00a0pi\u0105tek mamy szans\u0119 podj\u0105\u0107 decyzj\u0119, dzi\u0119ki kt\u00f3rej ustawa, kt\u00f3ra reguluje rynek kryptowalut, wejdzie w\u00a0\u017cycie. Ta\u00a0szansa jest realna, zale\u017cy od\u00a0waszego g\u0142osowania i\u00a0tak\u017ce, jak s\u0105dz\u0119, od\u00a0stanowiska prezydenta \u2013\u00a0powiedzia\u0142 szef rz\u0105du. &#13;\n<\/p>\n<p>Tusk apeluje do\u00a0Nawrockiego<\/p>\n<p>&#13;<br \/>\n\u2013 Prosz\u0119 natychmiast da\u0107 zna\u0107 wszystkim, kt\u00f3rzy do\u00a0tej pory blokowali t\u0119\u00a0ustaw\u0119, \u017ce\u00a0zmieni\u0142 pan zdanie, panie prezydencie, bo\u00a0by\u0107 mo\u017ce pan nie\u00a0przewidzia\u0142 ponurych konsekwencji tego weta \u2013\u00a0m\u00f3wi\u0142 Tusk. &#13;\n<\/p>\n<p>&#13;<br \/>\nJak zaznaczy\u0142 premier, &#8222;to weto, blokowanie tej ustawy, to\u00a0nie by\u0142a tylko ochrona brudnych interes\u00f3w jakich\u015b partyjnych koleg\u00f3w, to\u00a0by\u0142oby p\u00f3\u0142 biedy&#8221;. &#13;\n<\/p>\n<p>&#13;<br \/>\n\u2013 To\u00a0weto zablokowa\u0142o tak\u017ce wej\u015bcie w\u00a0\u017cycie ustawy, kt\u00f3ra bardzo utrudnia\u0142a finansowanie dzia\u0142a\u0144 terrorystycznych, dzia\u0142a\u0144 wrogich, wymierzonych w\u00a0bezpiecze\u0144stwo naszego pa\u0144stwa, poniewa\u017c przygniataj\u0105ca wi\u0119kszo\u015b\u0107 takich operacji terrorystycznych, w\u00a0tym ustalone przez nas akty sabota\u017cu, podpalenia (&#8230;) tam nie\u00a0by\u0142o w\u0105tpliwo\u015bci, \u017ce\u00a0spos\u00f3b rozliczania, wynajmowania zamachowc\u00f3w oparty jest o\u00a0kryptowaluty \u2013\u00a0t\u0142umaczy\u0142 Donald Tusk. &#13;\n<\/p>\n<p>Premier: Rosja korzysta z\u00a0kryptowalut jako g\u0142\u00f3wnego mechanizmu<\/p>\n<p>&#13;<br \/>\nZdaniem szefa rz\u0105du, beneficjentem braku regulacji jest Rosja. &#13;\n<\/p>\n<p>&#13;<br \/>\n\u2013 Brak regulacji, brak przepis\u00f3w, brak ustawy powoduje, \u017ce\u00a0na tym rynku mo\u017cna buszowa\u0107 zupe\u0142nie bezkarnie, bez \u017cadnej kontroli. I\u00a0dlatego Rosja korzysta z\u00a0kryptowalut jako g\u0142\u00f3wnego, prawie \u017ce\u00a0jedynego mechanizmu finansowania tego typu przedsi\u0119wzi\u0119\u0107 \u2013\u00a0przestrzega\u0142 premier. &#13;\n<\/p>\n<p>&#13;<br \/>\n\u2013 Musimy w\u00a0pi\u0105tek przyj\u0105\u0107 t\u0119\u00a0ustaw\u0119 tak\u017ce po\u00a0to, aby\u00a0utrudni\u0107 Rosji dzia\u0142ania na\u00a0terytorium naszego kraju. Tak, \u017ceby utrudni\u0107 finansowanie tego typu akt\u00f3w \u2013\u00a0zaznaczy\u0142 Tusk. &#13;\n<\/p>\n<p>&#13;<br \/>\n   Czytaj te\u017c:<br \/><a href=\"https:\/\/dorzeczy.pl\/opinie\/937021\/afera-zondacrypto-konwinski-giertych-obronca-krala-tylko-lepiej-dla-sprawy.html\" rel=\"follow nofollow noopener\" data-schema=\"DORZECZY\" data-image=\"https:\/\/img.dorzeczy.pl\/_thumb\/71\/00\/fd53b74fa8625xx93753dfc498da.jpeg\" target=\"_blank\">Giertych obro\u0144c\u0105 Krala. Szef klubu KO: Tylko lepiej dla\u00a0sprawy<\/a>   Czytaj te\u017c:<br \/><a href=\"https:\/\/dorzeczy.pl\/kraj\/937003\/kaczynski-o-aferze-zondacrypto-komisja-sledcza-to-dzisiaj-najlepsze-rozwiazanie.html\" rel=\"follow nofollow noopener\" data-schema=\"DORZECZY\" data-image=\"https:\/\/img.dorzeczy.pl\/_thumb\/c0\/1x\/xa518cb62131a18288209baf36ac.jpeg\" target=\"_blank\">Afera Zondacrypto. Kaczy\u0144ski zabra\u0142 g\u0142os<\/a>&#13;<\/p>\n","protected":false},"excerpt":{"rendered":"&#13; Prezydent Nawrocki przekonuje, \u017ce\u00a0zawetowana przez niego ustawa o\u00a0kryptowalutach zawiera przepisy budz\u0105ce powa\u017cne w\u0105tpliwo\u015bci. &#13; &#13; Do kwestii&hellip;\n","protected":false},"author":2,"featured_media":662289,"comment_status":"","ping_status":"","sticky":false,"template":"","format":"standard","meta":{"footnotes":"","_share_on_mastodon":"0"},"categories":[62713],"tags":[1345,98,105,49,3835,1315,103,102,39,101,1005,42857,87,380,99,6158,8206,17994],"class_list":["post-662288","post","type-post","status-publish","format-standard","has-post-thumbnail","category-donald-tusk","tag-donald-tusk","tag-dorzeczy","tag-ekonomia","tag-kraj","tag-kryptowaluty","tag-nawrocki","tag-obserwator-mediow","tag-opinie","tag-polska","tag-premier","tag-prezydent","tag-regulacja","tag-rosja","tag-rzad","tag-tusk","tag-ustawa","tag-weto","tag-zondacrypto"],"share_on_mastodon":{"url":"https:\/\/pubeurope.com\/@pl\/117201316480722043","error":""},"_links":{"self":[{"href":"https:\/\/www.europesays.com\/pl\/wp-json\/wp\/v2\/posts\/662288","targetHints":{"allow":["GET"]}}],"collection":[{"href":"https:\/\/www.europesays.com\/pl\/wp-json\/wp\/v2\/posts"}],"about":[{"href":"https:\/\/www.europesays.com\/pl\/wp-json\/wp\/v2\/types\/post"}],"author":[{"embeddable":true,"href":"https:\/\/www.europesays.com\/pl\/wp-json\/wp\/v2\/users\/2"}],"replies":[{"embeddable":true,"href":"https:\/\/www.europesays.com\/pl\/wp-json\/wp\/v2\/comments?post=662288"}],"version-history":[{"count":0,"href":"https:\/\/www.europesays.com\/pl\/wp-json\/wp\/v2\/posts\/662288\/revisions"}],"wp:featuredmedia":[{"embeddable":true,"href":"https:\/\/www.europesays.com\/pl\/wp-json\/wp\/v2\/media\/662289"}],"wp:attachment":[{"href":"https:\/\/www.europesays.com\/pl\/wp-json\/wp\/v2\/media?parent=662288"}],"wp:term":[{"taxonomy":"category","embeddable":true,"href":"https:\/\/www.europesays.com\/pl\/wp-json\/wp\/v2\/categories?post=662288"},{"taxonomy":"post_tag","embeddable":true,"href":"https:\/\/www.europesays.com\/pl\/wp-json\/wp\/v2\/tags?post=662288"}],"curies":[{"name":"wp","href":"https:\/\/api.w.org\/{rel}","templated":true}]}}