{"id":662344,"date":"2026-09-02T12:23:18","date_gmt":"2026-09-02T12:23:18","guid":{"rendered":"https:\/\/www.europesays.com\/pl\/662344\/"},"modified":"2026-09-02T12:23:18","modified_gmt":"2026-09-02T12:23:18","slug":"promocja-na-kawe-w-dino-taniej-nawet-o-50-zlotych-odzywianie-wprost","status":"publish","type":"post","link":"https:\/\/www.europesays.com\/pl\/662344\/","title":{"rendered":"Promocja na kaw\u0119 w Dino. Taniej nawet o 50 z\u0142otych \u2013 Od\u017cywianie Wprost"},"content":{"rendered":"\n<p>&#13;<br \/>\nNa li\u015bcie przecenionych produkt\u00f3w znalaz\u0142o si\u0119 wiele znanych i\u00a0cenionych marek. Promocje s\u0105 dost\u0119pne dla\u00a0ka\u017cdego. Wystarczy przyj\u015b\u0107 i\u00a0zrobi\u0107 zakupy. Sie\u0107 nie\u00a0narzuci\u0142a klientom \u017cadnych ogranicze\u0144, je\u015bli chodzi o\u00a0liczb\u0119 artyku\u0142\u00f3w spo\u017cywczych nabywanych w\u00a0ramach poszczeg\u00f3lnych akcji rabatowych. Mo\u017cesz wzi\u0105\u0107 tyle towar\u00f3w, ile ud\u017awigniesz, nie\u00a0trac\u0105c okazji do\u00a0odci\u0105\u017cenia domowego bud\u017cetu. Zobacz, na\u00a0czym dok\u0142adnie mo\u017cesz zaoszcz\u0119dzi\u0107. &#13;\n<\/p>\n<p>MK Cafe i\u00a0Jacobs taniej w\u00a0zestawie<\/p>\n<p>&#13;<br \/>\nMniej zap\u0142acisz mi\u0119dzy innymi za\u00a0kaw\u0119 ziarnist\u0105 MK Cafe Premium w\u00a0du\u017cym, kilogramowym opakowaniu. Je\u015bli chcesz na\u00a0niej zaoszcz\u0119dzi\u0107, musisz w\u0142o\u017cy\u0107 do\u00a0koszyka co\u00a0najmniej dwie sztuki za\u00a0jednym zamachem. Wtedy cena jednego opakowania \u201espadnie\u201d z\u00a069,99 z\u0142 do\u00a044,99 z\u0142. \u0141\u0105czny koszt zakupu ca\u0142ego wymaganego zestawu wyniesie 89,98 z\u0142. Zyskasz wi\u0119c 50 z\u0142otych. &#13;\n<\/p>\n<p>&#13;<br \/>\nTen sam mechanizm \u2013\u00a0kup minimum 2\u00a0paczki i\u00a0oszcz\u0119dzaj \u2013\u00a0obowi\u0105zuje r\u00f3wnie\u017c przy promocji na\u00a0kaw\u0119 rozpuszczaln\u0105 Jacobs Kr\u00f6nung (200 g). Teraz jedno opakowanie kosztuje tylko 24,99 z\u0142 zamiast 41,99 z\u0142. &#13;\n<\/p>\n<p>Inne tanie kawy w\u00a0ofercie Dino<\/p>\n<p>&#13;<br \/>\nUwag\u0119 przyci\u0105gaj\u0105 r\u00f3wnie\u017c akcje rabatowe, kt\u00f3re nie\u00a0wymagaj\u0105 zakupu wielu sztuk kawy. W\u00a0przypadku tych promocji rabat jest naliczany na\u00a0ka\u017cde opakowanie. Ten mechanizm dotyczy czterech popularnych produkt\u00f3w. Chodzi mi\u0119dzy innymi o\u00a0kaw\u0119 mielon\u0105. Eduscho Family Classic Coffee (250 g) przeceniono z\u00a017,99 z\u0142 na\u00a014,99 z\u0142, a\u00a0Prima Finezj\u0119 (750 g) \u2013\u00a0z\u00a039,99 z\u0142 na\u00a031,99 z\u0142. &#13;\n<\/p>\n<p>&#13;<br \/>\nSie\u0107 nie\u00a0zapomnia\u0142a o\u00a0mi\u0142o\u015bnikach kawy ziarnistej. Za\u00a0kilogramow\u0105 paczk\u0119 Woseby Mocca Fix Gold zap\u0142ac\u0105 teraz tylko 47,99 z\u0142, a\u00a0nie jak dotychczas 67,99 z\u0142. Je\u015bli wolisz kaw\u0119 rozpuszczaln\u0105, z\u00a0pewno\u015bci\u0105 ucieszy ci\u0119 informacja, \u017ce\u00a0promocja obj\u0119\u0142a r\u00f3wnie\u017c produkt Nescafe Crema (200 g). Kosztuje 26,95 z\u0142 zamiast 39,99 z\u0142. &#13;\n<\/p>\n<p>&#13;<br \/>\n   Czytaj te\u017c:<br \/><a href=\"https:\/\/odzywianie.wprost.pl\/produkty\/12427386\/promocje-na-kawe-w-aldi-nawet-50-taniej-do-5-wrzesnia.html\" rel=\"follow nofollow noopener\" data-schema=\"WPROST\" data-image=\"https:\/\/img.wprost.pl\/_thumb\/41\/ba\/f232ef1acc765234cf0005e48332.jpeg\" target=\"_blank\">Od jutra w\u00a0Aldi w\u0142oska kawa 50 proc. taniej. Do\u00a0tego kilogram markowych ziaren gratis<\/a>   Czytaj te\u017c:<br \/><a href=\"https:\/\/odzywianie.wprost.pl\/produkty\/12429186\/najlepsza-bulka-z-biedronki-lepsza-niz-grahamka-i-zytnia.html\" rel=\"follow nofollow noopener\" data-schema=\"WPROST\" data-image=\"https:\/\/img.wprost.pl\/_thumb\/90\/22\/8a2e02c4b3316f6b44d11600cc4f.jpeg\" target=\"_blank\">Ta bu\u0142ka z\u00a0Biedronki ma\u00a0wi\u0119cej b\u0142onnika ni\u017c\u00a0grahamka i\u00a012 g bia\u0142ka. Ekspert: lepsza ni\u017c\u00a0z\u00a0piekarni<\/a>&#13;<\/p>\n","protected":false},"excerpt":{"rendered":"&#13; Na li\u015bcie przecenionych produkt\u00f3w znalaz\u0142o si\u0119 wiele znanych i\u00a0cenionych marek. Promocje s\u0105 dost\u0119pne dla\u00a0ka\u017cdego. Wystarczy przyj\u015b\u0107 i\u00a0zrobi\u0107&hellip;\n","protected":false},"author":2,"featured_media":662345,"comment_status":"","ping_status":"","sticky":false,"template":"","format":"standard","meta":{"footnotes":"","_share_on_mastodon":"0"},"categories":[52249],"tags":[57331,857,41997,128771,2020,57329,42,38,40,39,41,9479,72385,1365,57332,128772,43315,57330],"class_list":["post-662344","post","type-post","status-publish","format-standard","has-post-thumbnail","category-dino-polska","tag-diety","tag-dino","tag-dino-polska","tag-obnizki-cen-kawy","tag-odchudzanie","tag-paulina-cywka","tag-pl","tag-poland","tag-polish","tag-polska","tag-polski","tag-produkty","tag-promocje-na-kawe","tag-przepisy","tag-skladniki-odzywcze","tag-tanie-kawy-w-dino","tag-wprost","tag-zywienie"],"share_on_mastodon":{"url":"https:\/\/pubeurope.com\/@pl\/117201430428573711","error":""},"_links":{"self":[{"href":"https:\/\/www.europesays.com\/pl\/wp-json\/wp\/v2\/posts\/662344","targetHints":{"allow":["GET"]}}],"collection":[{"href":"https:\/\/www.europesays.com\/pl\/wp-json\/wp\/v2\/posts"}],"about":[{"href":"https:\/\/www.europesays.com\/pl\/wp-json\/wp\/v2\/types\/post"}],"author":[{"embeddable":true,"href":"https:\/\/www.europesays.com\/pl\/wp-json\/wp\/v2\/users\/2"}],"replies":[{"embeddable":true,"href":"https:\/\/www.europesays.com\/pl\/wp-json\/wp\/v2\/comments?post=662344"}],"version-history":[{"count":0,"href":"https:\/\/www.europesays.com\/pl\/wp-json\/wp\/v2\/posts\/662344\/revisions"}],"wp:featuredmedia":[{"embeddable":true,"href":"https:\/\/www.europesays.com\/pl\/wp-json\/wp\/v2\/media\/662345"}],"wp:attachment":[{"href":"https:\/\/www.europesays.com\/pl\/wp-json\/wp\/v2\/media?parent=662344"}],"wp:term":[{"taxonomy":"category","embeddable":true,"href":"https:\/\/www.europesays.com\/pl\/wp-json\/wp\/v2\/categories?post=662344"},{"taxonomy":"post_tag","embeddable":true,"href":"https:\/\/www.europesays.com\/pl\/wp-json\/wp\/v2\/tags?post=662344"}],"curies":[{"name":"wp","href":"https:\/\/api.w.org\/{rel}","templated":true}]}}