{"id":662364,"date":"2026-09-02T12:35:11","date_gmt":"2026-09-02T12:35:11","guid":{"rendered":"https:\/\/www.europesays.com\/pl\/662364\/"},"modified":"2026-09-02T12:35:11","modified_gmt":"2026-09-02T12:35:11","slug":"we-wrzesniu-wroclaw-stanie-sie-jedna-wielka-arena-swiata-sztuk-walki","status":"publish","type":"post","link":"https:\/\/www.europesays.com\/pl\/662364\/","title":{"rendered":"We wrze\u015bniu Wroc\u0142aw stanie si\u0119 jedn\u0105 wielk\u0105 aren\u0105 \u015bwiata sztuk walki"},"content":{"rendered":"<p>Wroc\u0142aw stanie si\u0119 we wrze\u015bniu centrum polskiego \u015brodowiska sport\u00f3w walki. Ju\u017c 26 wrze\u015bnia w Hali Orbita zawodnicy, trenerzy, przedstawiciele klub\u00f3w, eksperci, firmy z bran\u017cy oraz mi\u0142o\u015bnicy sztuk walki spotkaj\u0105 si\u0119 podczas Targ\u00f3w Sztuk Walki EXPO\u201926. Organizatorzy przygotowali wydarzenie, kt\u00f3re po\u0142\u0105czy targi, konferencj\u0119 eksperck\u0105, pokazy oraz strefy aktywno\u015bci, a tym samym stworzy okazj\u0119 do wymiany do\u015bwiadcze\u0144, zdobywania wiedzy i integracji r\u00f3\u017cnych \u015brodowisk.<\/p>\n<p><img fetchpriority=\"high\" decoding=\"async\" class=\"size-full wp-image-68195\" src=\"https:\/\/www.europesays.com\/pl\/wp-content\/uploads\/2026\/09\/TSW_expo26_horizontal.jpg\" alt=\"Targi Sztuk Walki.\" width=\"1920\" height=\"880\"  \/>Fot. Mat. prasowe.<br \/>\nCzym b\u0119d\u0105 Targi Sztuk Walki EXPO\u201926 we Wroc\u0142awiu?<\/p>\n<p>Targi Sztuk Walki EXPO\u201926 maj\u0105 po\u0142\u0105czy\u0107 przedstawicieli wielu dyscyplin, kt\u00f3re na co dzie\u0144 funkcjonuj\u0105 w odr\u0119bnych \u015brodowiskach. W Hali Orbita w sobot\u0119, 26 wrze\u015bnia, w godzinach od 9 do 20, spotkaj\u0105 si\u0119 mi\u0119dzy innymi zawodnicy i przedstawiciele MMA, BJJ, grapplingu, boksu, kickboxingu czy muay thai. Jednocze\u015bnie wydarzenie otworzy przestrze\u0144 dla firm oferuj\u0105cych sprz\u0119t sportowy, odzie\u017c, suplementy oraz us\u0142ugi zwi\u0105zane z aktywno\u015bci\u0105 fizyczn\u0105.<\/p>\n<p>\u2013 Targi Sztuk Walki EXPO\u201926 to pierwsze w Polsce wydarzenie tego formatu, kt\u00f3rego celem jest po\u0142\u0105czenie r\u00f3\u017cnych dyscyplin i \u015brodowisk zwi\u0105zanych ze sportami walki. W jednym miejscu spotkaj\u0105 si\u0119 przedstawiciele MMA, BJJ, grapplingu, boksu, kickboxingu, muay thai i innych dyscyplin, a tak\u017ce firmy oferuj\u0105ce sprz\u0119t, odzie\u017c, suplementy i us\u0142ugi zwi\u0105zane z aktywno\u015bci\u0105 sportow\u0105 \u2013 informuje Micha\u0142 Sola, organizator wydarzenia.<\/p>\n<p>Program wydarzenia obejmie kilka wzajemnie uzupe\u0142niaj\u0105cych si\u0119 stref. Uczestnicy odwiedz\u0105 stoiska wystawc\u00f3w i organizacji, a ponadto wezm\u0105 udzia\u0142 w spotkaniach, seminariach oraz prelekcjach. Nie zabraknie r\u00f3wnie\u017c pokaz\u00f3w, dzi\u0119ki kt\u00f3rym publiczno\u015b\u0107 zobaczy r\u00f3\u017cne dyscypliny sport\u00f3w walki w praktyce.<\/p>\n<p>Organizatorzy zapowiadaj\u0105 kilkudziesi\u0119ciu wystawc\u00f3w i przedstawicieli bran\u017cy, blisko 15 prelegent\u00f3w oraz ponad 10 pokaz\u00f3w. Ponadto uczestnicy skorzystaj\u0105 ze stref treningowych i aktywno\u015bci, a najm\u0142odsi otrzymaj\u0105 specjaln\u0105 przestrze\u0144 z atrakcjami.<\/p>\n<p>Kto wyst\u0105pi podczas TSW EXPO\u201926 i jakie tematy poruszy?<\/p>\n<p>Organizatorzy zaprosili do udzia\u0142u ekspert\u00f3w oraz zawodnik\u00f3w reprezentuj\u0105cych r\u00f3\u017cne obszary sport\u00f3w walki. W\u015br\u00f3d og\u0142oszonych go\u015bci znalaz\u0142a si\u0119 Magdalena Loska, mistrzyni \u015bwiata i Europy w grapplingu i jiu-jitsu. Na scenie pojawi si\u0119 r\u00f3wnie\u017c Kacper \u201eWi\u00f3r\u201d Koziorz\u0119bski, zawodnik MMA organizacji KSW.<\/p>\n<p>W programie znalaz\u0142a si\u0119 tak\u017ce Laura Grzyb, niepokonana zawodowa pi\u0119\u015bciarka, mistrzyni \u015bwiata IBO i Europy EBU oraz zawodniczka KSW. Kolejnym zaproszonym ekspertem jest Emil Kruk \u201eUrumental\u201d, specjalista przygotowania mentalnego wsp\u00f3\u0142pracuj\u0105cy ze sportowcami organizacji KSW, UFC, PFL i Oktagon.<\/p>\n<p>Na scenie pojawi\u0105 si\u0119 r\u00f3wnie\u017c specjali\u015bci zajmuj\u0105cy si\u0119 przygotowaniem motorycznym, fizjoterapi\u0105 oraz treningiem sport\u00f3w walki. Ca\u0142o\u015b\u0107 poprowadzi Paulina Klimek, dziennikarka sportowa i reporterka zwi\u0105zana ze \u015brodowiskiem sport\u00f3w walki.<\/p>\n<p>\u2013 Program uzupe\u0142ni\u0105 pokazy r\u00f3\u017cnych dyscyplin i sztuk walki. Jednym z zapowiedzianych punkt\u00f3w b\u0119dzie Grupo Muzenza Capoeira \u2013 mi\u0119dzynarodowa organizacja zwi\u0105zana z capoeir\u0105, dzia\u0142aj\u0105ca od ponad 50 lat. Organizatorzy zapowiadaj\u0105 kolejne nazwiska, marki, kluby i pokazy, kt\u00f3re b\u0119d\u0105 sukcesywnie og\u0142aszane przed wydarzeniem \u2013 dodaj\u0105 organizatorzy.<\/p>\n<p>Cz\u0119\u015b\u0107 ekspercka obejmie szeroki zakres temat\u00f3w. Uczestnicy porozmawiaj\u0105 mi\u0119dzy innymi o przygotowaniu mentalnym zawodnik\u00f3w, treningu, fizjoterapii i prewencji kontuzji. Ponadto eksperci om\u00f3wi\u0105 dietetyk\u0119 i mikrobiom, zdrowie psychiczne, metodyk\u0119 treningu, a tak\u017ce prac\u0119 z dzie\u0107mi i m\u0142odzie\u017c\u0105. W programie znajd\u0105 si\u0119 r\u00f3wnie\u017c zagadnienia dotycz\u0105ce roli kobiet w sportach walki oraz pracy cutmana.<\/p>\n<p>Dlaczego we Wroc\u0142awiu powstaj\u0105 targi po\u015bwi\u0119cone sportom walki?<\/p>\n<p>Pomys\u0142 organizacji targ\u00f3w wynika z obserwacji dotycz\u0105cej funkcjonowania polskiego \u015brodowiska sport\u00f3w walki. Organizatorzy zwracaj\u0105 uwag\u0119, \u017ce jest ono liczne, r\u00f3\u017cnorodne i aktywne, jednak poszczeg\u00f3lne dyscypliny oraz zwi\u0105zane z nimi podmioty cz\u0119sto dzia\u0142aj\u0105 niezale\u017cnie od siebie. Dlatego EXPO\u201926 ma stworzy\u0107 przestrze\u0144, kt\u00f3ra pozwoli im spotka\u0107 si\u0119 w jednym miejscu.<\/p>\n<p>\u2013 Pomys\u0142 na targi narodzi\u0142 si\u0119 z prostej obserwacji: \u015brodowisko sport\u00f3w walki w Polsce jest du\u017ce, zr\u00f3\u017cnicowane i bardzo aktywne, ale wci\u0105\u017c dzia\u0142a w rozproszeniu. Chcemy stworzy\u0107 miejsce, w kt\u00f3rym r\u00f3\u017cne dyscypliny, kluby, zawodnicy i firmy b\u0119d\u0105 mog\u0142y spotka\u0107 si\u0119 pod jednym dachem \u2013 konkluduje Micha\u0142 Sola.<\/p>\n<p>Wydarzenie odb\u0119dzie si\u0119 pod Patronatem Honorowym Marsza\u0142ka Wojew\u00f3dztwa Dolno\u015bl\u0105skiego oraz przy wsparciu Samorz\u0105du Wojew\u00f3dztwa Dolno\u015bl\u0105skiego.<\/p>\n<p>Warto pami\u0119ta\u0107, \u017ce cz\u0119\u015b\u0107 prelekcji b\u0119dzie dost\u0119pna bezp\u0142atnie, natomiast wybrane wyst\u0105pienia odb\u0119d\u0105 si\u0119 w ramach biletowanych stref wydarzenia. Szczeg\u00f3\u0142owy program oraz informacje dotycz\u0105ce zasad uczestnictwa organizatorzy udost\u0119pniaj\u0105 <a href=\"http:\/\/www.targisztukwalki.com\" target=\"_blank\" rel=\"noopener nofollow\">na stronie wydarzenia.<\/a><\/p>\n<p><img loading=\"lazy\" decoding=\"async\" class=\"size-full wp-image-68194\" src=\"https:\/\/www.europesays.com\/pl\/wp-content\/uploads\/2026\/09\/1200x1200.png\" alt=\"Targi Sztuk Walki.\" width=\"1200\" height=\"1200\"  \/>Fot. Mat. prasowe.<\/p>\n","protected":false},"excerpt":{"rendered":"Wroc\u0142aw stanie si\u0119 we wrze\u015bniu centrum polskiego \u015brodowiska sport\u00f3w walki. Ju\u017c 26 wrze\u015bnia w Hali Orbita zawodnicy, trenerzy,&hellip;\n","protected":false},"author":2,"featured_media":662365,"comment_status":"","ping_status":"","sticky":false,"template":"","format":"standard","meta":{"footnotes":"","_share_on_mastodon":"0"},"categories":[51607],"tags":[32065,80164,42,38,40,39,41,127,128774,2234,128775,128776,128777,1853],"class_list":["post-662364","post","type-post","status-publish","format-standard","has-post-thumbnail","category-wroclaw","tag-expo","tag-hala-orbita","tag-pl","tag-poland","tag-polish","tag-polska","tag-polski","tag-sport","tag-sztuki-walki","tag-targi","tag-targi-sztuk-walki","tag-targi-sztuk-walki-expo26-wroclaw","tag-tsw","tag-wroclaw"],"share_on_mastodon":{"url":"https:\/\/pubeurope.com\/@pl\/117201478799957126","error":""},"_links":{"self":[{"href":"https:\/\/www.europesays.com\/pl\/wp-json\/wp\/v2\/posts\/662364","targetHints":{"allow":["GET"]}}],"collection":[{"href":"https:\/\/www.europesays.com\/pl\/wp-json\/wp\/v2\/posts"}],"about":[{"href":"https:\/\/www.europesays.com\/pl\/wp-json\/wp\/v2\/types\/post"}],"author":[{"embeddable":true,"href":"https:\/\/www.europesays.com\/pl\/wp-json\/wp\/v2\/users\/2"}],"replies":[{"embeddable":true,"href":"https:\/\/www.europesays.com\/pl\/wp-json\/wp\/v2\/comments?post=662364"}],"version-history":[{"count":0,"href":"https:\/\/www.europesays.com\/pl\/wp-json\/wp\/v2\/posts\/662364\/revisions"}],"wp:featuredmedia":[{"embeddable":true,"href":"https:\/\/www.europesays.com\/pl\/wp-json\/wp\/v2\/media\/662365"}],"wp:attachment":[{"href":"https:\/\/www.europesays.com\/pl\/wp-json\/wp\/v2\/media?parent=662364"}],"wp:term":[{"taxonomy":"category","embeddable":true,"href":"https:\/\/www.europesays.com\/pl\/wp-json\/wp\/v2\/categories?post=662364"},{"taxonomy":"post_tag","embeddable":true,"href":"https:\/\/www.europesays.com\/pl\/wp-json\/wp\/v2\/tags?post=662364"}],"curies":[{"name":"wp","href":"https:\/\/api.w.org\/{rel}","templated":true}]}}