{"id":662392,"date":"2026-09-02T12:49:10","date_gmt":"2026-09-02T12:49:10","guid":{"rendered":"https:\/\/www.europesays.com\/pl\/662392\/"},"modified":"2026-09-02T12:49:10","modified_gmt":"2026-09-02T12:49:10","slug":"nawrocki-na-westerplatte-wywolal-burze-niemcy-demony-prezydenta","status":"publish","type":"post","link":"https:\/\/www.europesays.com\/pl\/662392\/","title":{"rendered":"Nawrocki na Westerplatte wywo\u0142a\u0142 burz\u0119. Niemcy: Demony prezydenta"},"content":{"rendered":"\n<p>&#13;<br \/>\nW 87. rocznic\u0119 wybuchu II\u00a0wojny \u015bwiatowej prezydent Karol Nawrocki i\u00a0premier Donald Tusk wzi\u0119li udzia\u0142 w\u00a0uroczysto\u015bciach przed Pomnikiem Obro\u0144c\u00f3w Wybrze\u017ca na\u00a0Westerplatte. &#13;\n<\/p>\n<p>&#13;<br \/>\nG\u0142owa pa\u0144stwa zwr\u00f3ci\u0142a uwag\u0119 na\u00a0rol\u0119 Niemiec w\u00a0rozpocz\u0119ciu II\u00a0wojny \u015bwiatowej. &#13;\n<\/p>\n<p>&#13;<br \/>\n\u2013 Trzeba pami\u0119ta\u0107, \u017ce\u00a01 wrze\u015bnia 1939\u00a0r. rozpocz\u0119\u0142a si\u0119 hekatomba, pandemonium. 1\u00a0wrze\u015bnia to\u00a0by\u0142a brama to\u00a0hekatomby i\u00a0pandemonium na\u00a0narodzie polskim, wyrz\u0105dzona przez Niemc\u00f3w i\u00a0przez Sowiet\u00f3w. 6\u00a0milion\u00f3w zamordowanych polskich obywateli. 17 procent obywateli II\u00a0RP. Co\u00a0sz\u00f3sty. W\u015br\u00f3d nich blisko 90 proc. cywil\u00f3w \u2013\u00a0<a href=\"https:\/\/dorzeczy.pl\/opinie\/936514\/nawrocki-to-jest-prawda-z-ktora-wielki-problem-maja-rzadzacy.html\" rel=\"nofollow noopener\" target=\"_blank\">przypomnia\u0142 prezydent<\/a>. &#13;\n<\/p>\n<p>&#13;<br \/>\n\u2013 Istnieje prawda o\u00a0II wojnie \u015bwiatowej, kt\u00f3ra jest tak s\u0142abo s\u0142yszalna u\u00a0naszych zachodnich s\u0105siad\u00f3w, sojusznik\u00f3w, w\u00a0Berlinie, w\u00a0Niemczech. Prawda, kt\u00f3rej nie\u00a0zna albo nie\u00a0chce pozna\u0107 Europa. Prawda, z\u00a0kt\u00f3r\u0105, niestety, wielki problem maj\u0105 dzisiaj tak\u017ce rz\u0105dz\u0105cy. A\u00a0musimy wszyscy uzmys\u0142awia\u0107 sobie i\u00a0powtarza\u0107, cho\u0107 to\u00a0boli, ale\u00a0jest potrzebne, \u017ce\u00a0Niemcy nie\u00a0potrzebowa\u0142y Adolfa Hitlera, \u017ceby gardzi\u0107 Polsk\u0105, Polakami, Polkami i\u00a0polsko\u015bci\u0105. Przyk\u0142ad\u00f3w na\u00a0to\u00a0jest za\u00a0wiele \u2013\u00a0zauwa\u017cy\u0142. &#13;\n<\/p>\n<p>Niemcy o\u00a0wyst\u0105pieniu Nawrockiego: Demony prezydenta<\/p>\n<p>&#13;<br \/>\nKarol Nawrocki odni\u00f3s\u0142 si\u0119 r\u00f3wnie\u017c do\u00a0obecnych czas\u00f3w i\u00a0wskazywa\u0142 na\u00a0wp\u0142ywy Berlina w\u00a0polskiej polityce. Na\u00a0jego s\u0142owa zwr\u00f3ci\u0142 uwag\u0119 niemiecki magazyn &#8222;Der Spiegel&#8221;. &#13;\n<\/p>\n<p>&#13;<br \/>\n&#8222;Prezydent Polski Karol Nawrocki uwa\u017ca, \u017ce\u00a0nawet 87 lat po\u00a0napa\u015bci na\u00a0Polsk\u0119 Niemcom nie\u00a0mo\u017cna ufa\u0107. Chce te\u017c reparacji, gro\u017c\u0105 napi\u0119cia na\u00a0wschodniej flance Europy&#8221; \u2013\u00a0pisze Jan Puhl w\u00a0komentarzu zatytu\u0142owanym &#8222;Demony prezydenta&#8221;. Jego zdaniem, Nawrocki &#8222;wykorzysta\u0142 t\u0119\u00a0okazj\u0119, by\u00a0zaprezentowa\u0107 si\u0119 jako lider prawicy i\u00a0rzecznik interes\u00f3w narodu&#8221;. &#13;\n<\/p>\n<p>&#13;<br \/>\n&#8222;W\u00a0skr\u00f3cie jego przekaz brzmia\u0142 nast\u0119puj\u0105co: oczywi\u015bcie to\u00a0Rosja morduje w\u00a0Ukrainie, ale\u00a0Niemcom r\u00f3wnie\u017c zasadniczo nie\u00a0mo\u017cna ufa\u0107. Nikt nie\u00a0mo\u017ce by\u0107 pewny, czy\u00a0wkr\u00f3tce ponownie nie\u00a0zaczn\u0105 robi\u0107 \u00bbinteres\u00f3w\u00ab z\u00a0Rosj\u0105. Powinni te\u017c w\u00a0ko\u0144cu zap\u0142aci\u0107 reparacje. Nawrocki odwo\u0142uje si\u0119 tym samym do\u00a0historycznych obaw zwi\u0105zanych z\u00a0zagro\u017ceniem ze\u00a0strony Niemiec&#8221; \u2013\u00a0czytamy w\u00a0internetowym wydaniu magazynu. &#13;\n<\/p>\n<p>Niemiecki dziennikarz musia\u0142 przyzna\u0107 racj\u0119 Nawrockiemu<\/p>\n<p>&#13;<br \/>\nPuhl wskazuje, \u017ce\u00a0je\u015bli przysz\u0142oroczne wybory parlamentarne p\u00f3jd\u0105 po\u00a0my\u015bli \u015brodowiska politycznego Nawrockiego, prawica b\u0119dzie kontrolowa\u0107 urz\u0105d prezydenta i\u00a0rz\u0105d. &#8222;Wtedy gro\u017c\u0105 spory i\u00a0nieufno\u015b\u0107 mi\u0119dzy dwoma najwi\u0119kszymi pa\u0144stwami na\u00a0wschodniej flance UE, kt\u00f3rej zabezpieczenie przed zagro\u017ceniem ze\u00a0strony Rosji jest jednym z\u00a0najwa\u017cniejszych wyzwa\u0144 strategicznych przysz\u0142o\u015bci&#8221; \u2013\u00a0twierdzi publicysta &#8222;Der Spiegel&#8221;. &#13;\n<\/p>\n<p>&#13;<br \/>\nJednocze\u015bnie autor musia\u0142 przyzna\u0107 racj\u0119 Nawrockiemu co\u00a0do\u00a0niemieckiej niewiedzy na\u00a0temat zbrodni pope\u0142nionych w\u00a0Polsce i\u00a0na Polakach podczas II\u00a0wojny \u015bwiatowej. &#13;\n<\/p>\n<p>&#13;<br \/>\n&#8222;Wi\u0119kszo\u015b\u0107 Niemc\u00f3w ma\u00a0\u015bwiadomo\u015b\u0107 winy za\u00a0Holokaust, ale\u00a0prawie nie\u00a0ma\u00a0poj\u0119cia o\u00a0ogromie wojny przeciwko Polakom i\u00a0innym narodom regionu&#8221; \u2013\u00a0napisa\u0142 Jan Puhl. &#13;\n<\/p>\n<p>&#13;<br \/>\nPublicysta przyznaje r\u00f3wnie\u017c, \u017ce\u00a0prezydent Polski ma\u00a0racj\u0119 co\u00a0do\u00a0istnienia rasistowskiej pogardy wobec S\u0142owian, kt\u00f3ra by\u0142a obecna w\u00a0niemieckich \u015brodowiskach nacjonalistycznych jeszcze przed doj\u015bciem Hitlera do\u00a0w\u0142adzy. &#13;\n<\/p>\n<p>&#13;<br \/>\n   Czytaj te\u017c:<br \/><a href=\"https:\/\/dorzeczy.pl\/kraj\/936502\/rozpoczely-sie-obchody-87-rocznicy-wybuchu-ii-wojny-swiatowej-na-westerplatte.html\" rel=\"follow nofollow noopener\" data-schema=\"DORZECZY\" data-image=\"https:\/\/img.dorzeczy.pl\/_thumb\/75\/cd\/6f08fcf56f31c92342cec6ef497b.jpeg\" target=\"_blank\">Prezydent i\u00a0premier w\u00a0Gda\u0144sku. Uroczysto\u015bci na\u00a0Westerplatte<\/a>   Czytaj te\u017c:<br \/><a href=\"https:\/\/dorzeczy.pl\/opinie\/936715\/berlin-pomnik-polskich-ofiar-ii-wojny-swiatowej-jest-data.html\" rel=\"follow nofollow noopener\" data-schema=\"DORZECZY\" data-image=\"https:\/\/img.dorzeczy.pl\/_thumb\/9c\/0f\/e2a2e6c679ebfdbb9073fc0fd3ca.jpeg\" target=\"_blank\">Pomnik polskich ofiar II\u00a0wojny \u015bwiatowej w\u00a0Berlinie. Pad\u0142a wa\u017cna data<\/a>&#13;<\/p>\n","protected":false},"excerpt":{"rendered":"&#13; W 87. rocznic\u0119 wybuchu II\u00a0wojny \u015bwiatowej prezydent Karol Nawrocki i\u00a0premier Donald Tusk wzi\u0119li udzia\u0142 w\u00a0uroczysto\u015bciach przed Pomnikiem&hellip;\n","protected":false},"author":2,"featured_media":662393,"comment_status":"","ping_status":"","sticky":false,"template":"","format":"standard","meta":{"footnotes":"","_share_on_mastodon":"0"},"categories":[62712],"tags":[128780,12188,98,3375,690,49,855,1315,295,103,102,114584,367,1005,15269,80,55602],"class_list":["post-662392","post","type-post","status-publish","format-standard","has-post-thumbnail","category-karol-nawrocki","tag-antypolonizm","tag-der-spiegel","tag-dorzeczy","tag-ii-wojna-swiatowa","tag-karol-nawrocki","tag-kraj","tag-nacjonalizm","tag-nawrocki","tag-niemcy","tag-obserwator-mediow","tag-opinie","tag-pogarda","tag-polacy","tag-prezydent","tag-rasizm","tag-swiat","tag-westerplatte"],"share_on_mastodon":{"url":"https:\/\/pubeurope.com\/@pl\/117201532681857068","error":""},"_links":{"self":[{"href":"https:\/\/www.europesays.com\/pl\/wp-json\/wp\/v2\/posts\/662392","targetHints":{"allow":["GET"]}}],"collection":[{"href":"https:\/\/www.europesays.com\/pl\/wp-json\/wp\/v2\/posts"}],"about":[{"href":"https:\/\/www.europesays.com\/pl\/wp-json\/wp\/v2\/types\/post"}],"author":[{"embeddable":true,"href":"https:\/\/www.europesays.com\/pl\/wp-json\/wp\/v2\/users\/2"}],"replies":[{"embeddable":true,"href":"https:\/\/www.europesays.com\/pl\/wp-json\/wp\/v2\/comments?post=662392"}],"version-history":[{"count":0,"href":"https:\/\/www.europesays.com\/pl\/wp-json\/wp\/v2\/posts\/662392\/revisions"}],"wp:featuredmedia":[{"embeddable":true,"href":"https:\/\/www.europesays.com\/pl\/wp-json\/wp\/v2\/media\/662393"}],"wp:attachment":[{"href":"https:\/\/www.europesays.com\/pl\/wp-json\/wp\/v2\/media?parent=662392"}],"wp:term":[{"taxonomy":"category","embeddable":true,"href":"https:\/\/www.europesays.com\/pl\/wp-json\/wp\/v2\/categories?post=662392"},{"taxonomy":"post_tag","embeddable":true,"href":"https:\/\/www.europesays.com\/pl\/wp-json\/wp\/v2\/tags?post=662392"}],"curies":[{"name":"wp","href":"https:\/\/api.w.org\/{rel}","templated":true}]}}