{"id":662402,"date":"2026-09-02T12:56:12","date_gmt":"2026-09-02T12:56:12","guid":{"rendered":"https:\/\/www.europesays.com\/pl\/662402\/"},"modified":"2026-09-02T12:56:12","modified_gmt":"2026-09-02T12:56:12","slug":"ponad-200-bydgoszczan-protestowalo-przeciwko-kapielisku-w-parku-centralnym-modrzew-chce-rozmow-z-miastem","status":"publish","type":"post","link":"https:\/\/www.europesays.com\/pl\/662402\/","title":{"rendered":"Ponad 200 bydgoszczan protestowa\u0142o przeciwko k\u0105pielisku w Parku Centralnym. MODrzew chce rozm\u00f3w z miastem"},"content":{"rendered":"<p>fot. facebook\/MODrzew<\/p>\n<p>        Dyskusja\u00a0nie tylko w sieci&#8230;<\/p>\n<p>Protest odby\u0142 si\u0119 we wtorek, 1 wrze\u015bnia, na bydgoskim Starym Rynku. Organizatorzy przekonuj\u0105, \u017ce mimo zmiany godziny i innych utrudnie\u0144 na wydarzenie przysz\u0142o oko\u0142o 220 os\u00f3b.<\/p>\n<p>&#13;<\/p>\n<p>\u00a0To ponad 200 os\u00f3b, kt\u00f3re chcia\u0142y zrobi\u0107 co\u015b wi\u0119cej ni\u017c tylko klikn\u0105\u0107 co\u015b w internecie \u2013 podkre\u015bla stowarzyszenie MODrzew, dzi\u0119kuj\u0105c uczestnikom za obecno\u015b\u0107.<\/p>\n<p>&#13;<\/p>\n<p>Spo\u0142ecznicy traktuj\u0105 frekwencj\u0119 jako sygna\u0142 dla ratusza, \u017ce sprzeciw wobec planowanego k\u0105pieliska nie ogranicza si\u0119 do dyskusji prowadzonej w mediach spo\u0142eczno\u015bciowych.<\/p>\n<p>\u201eZacznijmy wreszcie dialog\u201d<\/p>\n<p>Jednym z g\u0142\u00f3wnych postulat\u00f3w protestuj\u0105cych jest rozpocz\u0119cie rozm\u00f3w pomi\u0119dzy w\u0142adzami miasta a osobami krytycznie oceniaj\u0105cymi inwestycj\u0119 w Parku Centralnym.<\/p>\n<p>MODrzew apeluje, aby miasto wys\u0142ucha\u0142o argument\u00f3w mieszka\u0144c\u00f3w i podj\u0119\u0142o z nimi bezpo\u015bredni\u0105 dyskusj\u0119 o przysz\u0142o\u015bci tego terenu.<\/p>\n<p>Organizatorzy nie ukrywaj\u0105, \u017ce dotychczasow\u0105 komunikacj\u0119 z ratuszem oceniaj\u0105 krytycznie. Ich zdaniem osoby zg\u0142aszaj\u0105ce zastrze\u017cenia do projektu nie otrzyma\u0142y dot\u0105d wystarczaj\u0105cej przestrzeni do przedstawienia swoich racji.<\/p>\n<p>Protest przesuni\u0119to z powodu obchod\u00f3w 1 wrze\u015bnia<\/p>\n<p>Pierwotnie zgromadzenie mia\u0142o rozpocz\u0105\u0107 si\u0119 wcze\u015bniej. Dzie\u0144 przed wydarzeniem Urz\u0105d Miasta zwr\u00f3ci\u0142 si\u0119 jednak do organizator\u00f3w o zmian\u0119 godziny ze wzgl\u0119du na zaplanowane na Starym Rynku oficjalne obchody 87. rocznicy wybuchu II wojny \u015bwiatowej.<\/p>\n<p>MODrzew zdecydowa\u0142 si\u0119 przesun\u0105\u0107 protest na godz. 18.00.<\/p>\n<p>Stowarzyszenie podkre\u015bli\u0142o, \u017ce szanuje charakter rocznicowych uroczysto\u015bci i nie chcia\u0142o w \u017caden spos\u00f3b zak\u0142\u00f3ca\u0107 ich przebiegu. Jednocze\u015bnie spo\u0142ecznicy zg\u0142osili zastrze\u017cenia do sposobu, w jaki miasto poinformowa\u0142o ich o konieczno\u015bci zmiany godziny.<\/p>\n<p>Informacja mia\u0142a zosta\u0107 przekazana zbyt p\u00f3\u017ano, a wcze\u015bniej &#8211; jak przekonuj\u0105 organizatorzy &#8211; trudno by\u0142o znale\u017a\u0107 zapowied\u017a miejskich obchod\u00f3w w \u0142atwo dost\u0119pnych kana\u0142ach informacyjnych ratusza.<\/p>\n<p>Radny: miasto powinno potraktowa\u0107 protest powa\u017cnie<\/p>\n<p>W prote\u015bcie uczestniczy\u0142 r\u00f3wnie\u017c radny Pawe\u0142 Bokiej z klubu Bydgoska Prawica. Po wydarzeniu oceni\u0142, \u017ce organizatorom uda\u0142o si\u0119 skutecznie zmobilizowa\u0107 mieszka\u0144c\u00f3w i przygotowa\u0107 zgromadzenie zar\u00f3wno pod wzgl\u0119dem merytorycznym, jak i organizacyjnym.<\/p>\n<p>Jego zdaniem liczba uczestnik\u00f3w pokazuje, \u017ce w\u0142adze miasta powinny powa\u017cnie potraktowa\u0107 przeciwnik\u00f3w inwestycji.<\/p>\n<p>Bokiej przypomnia\u0142 r\u00f3wnie\u017c, \u017ce klub Bydgoska Prawica ju\u017c podczas grudniowych prac nad bud\u017cetem proponowa\u0142 zdj\u0119cie \u015brodk\u00f3w przeznaczonych na budow\u0119 k\u0105pieliska w\u00a0Parku Centralnym.<\/p>\n<p>Zamiast k\u0105pieliska \u2013 inne pomys\u0142y?<\/p>\n<p>Wed\u0142ug radnego zamiast obecnej koncepcji warto by\u0142oby rozpocz\u0105\u0107 szersz\u0105 dyskusj\u0119 nad innymi inwestycjami rekreacyjnymi. Bydgoska Prawica wskazywa\u0142a wcze\u015bniej m.in. na mo\u017cliwo\u015b\u0107 powrotu do koncepcji otwartych basen\u00f3w przy Astorii lub rozmowy o aquaparku.<\/p>\n<p>Na razie sp\u00f3r wok\u00f3\u0142 k\u0105pieliska w Parku Centralnym nie wygasa. Po wtorkowym prote\u015bcie MODrzew zapowiada dalsze dzia\u0142ania i przede wszystkim domaga si\u0119 rozm\u00f3w z w\u0142adzami miasta.<\/p>\n","protected":false},"excerpt":{"rendered":"fot. facebook\/MODrzew Dyskusja\u00a0nie tylko w sieci&#8230; Protest odby\u0142 si\u0119 we wtorek, 1 wrze\u015bnia, na bydgoskim Starym Rynku. Organizatorzy&hellip;\n","protected":false},"author":2,"featured_media":662403,"comment_status":"","ping_status":"","sticky":false,"template":"","format":"standard","meta":{"footnotes":"","_share_on_mastodon":"0"},"categories":[51613],"tags":[210,7132,26225,2610,54929,1066,7890,63589,76371,42,38,40,39,41,13279,71639,2628,52819,1092],"class_list":["post-662402","post","type-post","status-publish","format-standard","has-post-thumbnail","category-bydgoszcz","tag-aktualnosci","tag-bydgoszcz","tag-dialog","tag-inwestycja","tag-kapielisko","tag-miasto","tag-mieszkancy","tag-modrzew","tag-park-centralny","tag-pl","tag-poland","tag-polish","tag-polska","tag-polski","tag-protest","tag-ratusz","tag-rozmowy","tag-uwagi","tag-wydarzenia"],"share_on_mastodon":{"url":"https:\/\/pubeurope.com\/@pl\/117201560178628106","error":""},"_links":{"self":[{"href":"https:\/\/www.europesays.com\/pl\/wp-json\/wp\/v2\/posts\/662402","targetHints":{"allow":["GET"]}}],"collection":[{"href":"https:\/\/www.europesays.com\/pl\/wp-json\/wp\/v2\/posts"}],"about":[{"href":"https:\/\/www.europesays.com\/pl\/wp-json\/wp\/v2\/types\/post"}],"author":[{"embeddable":true,"href":"https:\/\/www.europesays.com\/pl\/wp-json\/wp\/v2\/users\/2"}],"replies":[{"embeddable":true,"href":"https:\/\/www.europesays.com\/pl\/wp-json\/wp\/v2\/comments?post=662402"}],"version-history":[{"count":0,"href":"https:\/\/www.europesays.com\/pl\/wp-json\/wp\/v2\/posts\/662402\/revisions"}],"wp:featuredmedia":[{"embeddable":true,"href":"https:\/\/www.europesays.com\/pl\/wp-json\/wp\/v2\/media\/662403"}],"wp:attachment":[{"href":"https:\/\/www.europesays.com\/pl\/wp-json\/wp\/v2\/media?parent=662402"}],"wp:term":[{"taxonomy":"category","embeddable":true,"href":"https:\/\/www.europesays.com\/pl\/wp-json\/wp\/v2\/categories?post=662402"},{"taxonomy":"post_tag","embeddable":true,"href":"https:\/\/www.europesays.com\/pl\/wp-json\/wp\/v2\/tags?post=662402"}],"curies":[{"name":"wp","href":"https:\/\/api.w.org\/{rel}","templated":true}]}}