{"id":662462,"date":"2026-09-02T13:32:14","date_gmt":"2026-09-02T13:32:14","guid":{"rendered":"https:\/\/www.europesays.com\/pl\/662462\/"},"modified":"2026-09-02T13:32:14","modified_gmt":"2026-09-02T13:32:14","slug":"wroclaw-siedem-ksiazek-w-finale-literackiej-nagrody-angelus","status":"publish","type":"post","link":"https:\/\/www.europesays.com\/pl\/662462\/","title":{"rendered":"Wroc\u0142aw. Siedem ksi\u0105\u017cek w finale Literackiej Nagrody \u201eAngelus\u201d"},"content":{"rendered":"<p>Siedem ksi\u0105\u017cek &#8211; dwie z Ukrainy, po jednej z Bia\u0142orusi, Czech, Polski, Bu\u0142garii i Serbii &#8211; zosta\u0142o zakwalifikowanych do fina\u0142u tegorocznej Literackiej Nagrody Europy \u015arodkowej \u201eAngelus\u201d. Nazwisko zwyci\u0119zcy zostanie og\u0142oszone podczas gali 17 pa\u017adziernika.<\/p>\n<p>    <a data-lightbox=\"article-gallery\" href=\"https:\/\/e-teatr.pl\/files\/multimedias\/182583\/1-Angelus-7-grzbiety-.jpg\" rel=\"nofollow noopener\" target=\"_blank\">&#13;<br \/>\n    <img loading=\"lazy\" decoding=\"async\" src=\"https:\/\/www.europesays.com\/pl\/wp-content\/uploads\/2026\/09\/thumb_1-Angelus-7-grzbiety-.jpg\" alt=\"\" title=\"Grzbiety nominowanych ksi\u0105\u017cek\" width=\"1100\" height=\"550\"\/>  <\/a><\/p>\n<p>fot. mat. kulturalnywroclaw.pl<\/p>\n<p>O wy\u0142onieniu ksi\u0105\u017cek zakwalifikowanych do fina\u0142u Literackiej Nagrody Europy \u015arodkowej \u201eAngelus\u201d poinformowa\u0142a w czwartek PAP Aleksandra Konopko z Wroc\u0142awskiego Domu Literatury.<\/p>\n<p>Tegoroczne nominacje: \u201eTa\u0144ce nad miastem. Trzy opowie\u015bci\u201d U\u0142adzimiera Ar\u0142ou, prze\u0142. Bohdan Zadura, Pa\u0144stwowy Instytut Wydawniczy (Bia\u0142oru\u015b); \u201eCisza nad stepem. Kazachstan i pami\u0119\u0107 o Rosji\u201d Joanny Czeczott, Wydawnictwo Czarne (Polska); \u201eOgrodnik i \u015bmier\u0107\u201d Georgi Gospodinowa, prze\u0142. Magdalena Pytlak, Wydawnictwo Literackie (Bu\u0142garia); \u201eMoje kobiety\u201d Julii Iluchy, prze\u0142. Katarzyna Fiszer, Wydawnictwo KEW (Ukraina); \u201eDzieci\u201d Mileny Markovi\u0107, prze\u0142. Dorota Jovanka \u0106irli\u0107, Wydawnictwo Warstwy (Serbia); \u201eB\u00edl\u00e1 Voda\u201d Kate\u0159iny Tu\u010dkovej, prze\u0142. Julia R\u00f3\u017cewicz, Wydawnictwo Afera (Czechy); \u201eArabeski\u201d Serhija \u017badana, prze\u0142. Micha\u0142 Petryk, Wydawnictwo Czarne (Ukraina).<\/p>\n<p>O nominacjach do Angelusa zadecydowa\u0142o jury, kt\u00f3remu przewodniczy Andrej Chadanowicz, bia\u0142oruski pisarz, poeta i t\u0142umacz.<\/p>\n<p>Zwyci\u0119zc\u0119 poznamy 17 pa\u017adziernika podczas gali, na kt\u00f3rej zostan\u0105 og\u0142oszeni r\u00f3wnie\u017c laureaci Wroc\u0142awskiej Nagrody Poetyckiej \u201eSilesius\u201d. Obie nagrody maj\u0105 wsp\u00f3lnego patrona \u2013 Angelusa Silesiusa. W tym roku we Wroc\u0142awiu obchodzony jest Rok Anio\u0142a \u015al\u0105zaka (Angelusa Silesiusa), czyli Johannesa Schefflera. Z tej okazji podczas gali 19 pa\u017adziernika zostanie dodatkowo wr\u0119czona po raz pierwszy Nagroda Ossolineum za Przek\u0142ad Poetycki.<\/p>\n<p>Angelus jest nagrod\u0105 dla pisarzy pochodz\u0105cych z Europy \u015arodkowej, kt\u00f3rzy podejmuj\u0105 w swoich dzie\u0142ach tematy najistotniejsze dla wsp\u00f3\u0142czesno\u015bci. Nagroda w wysoko\u015bci 150 tys. z\u0142 przyznawana jest za najlepsz\u0105 ksi\u0105\u017ck\u0119 prozatorsk\u0105 wydan\u0105 w j\u0119zyku polskim w roku poprzednim. Od 2020 roku autorki i autorzy ksi\u0105\u017cek zakwalifikowanych do fina\u0142u mog\u0105 liczy\u0107 na nagrody pieni\u0119\u017cne w wysoko\u015bci 5 tys. z\u0142.<\/p>\n<p>Angelus trafia co roku tak\u017ce do autorki lub autora przek\u0142adu zwyci\u0119skiej ksi\u0105\u017cki na j\u0119zyk polski. W przypadku gdy laureatem jest pisarz z Polski, jury wskazuje t\u0142umacza innej z fina\u0142owych pozycji. Nagroda za przek\u0142ad w 2020 r. zosta\u0142a podwy\u017cszona i wynosi 40 tys. z\u0142. Z kolei na zdobywc\u0119 Nagrody im. Natalii Gorbaniewskiej przyznawanej w plebiscycie internetowym przez czytelnik\u00f3w czeka trzymiesi\u0119czne stypendium pisarskie we Wroc\u0142awiu.<\/p>\n<p>Organizatorem Literackiej Nagrody Europy \u015arodkowej \u201eAngelus\u201d jest Wroc\u0142awski Dom Literatury, a fundatorem miasto Wroc\u0142aw.<\/p>\n","protected":false},"excerpt":{"rendered":"Siedem ksi\u0105\u017cek &#8211; dwie z Ukrainy, po jednej z Bia\u0142orusi, Czech, Polski, Bu\u0142garii i Serbii &#8211; zosta\u0142o zakwalifikowanych&hellip;\n","protected":false},"author":2,"featured_media":662463,"comment_status":"","ping_status":"","sticky":false,"template":"","format":"standard","meta":{"footnotes":"","_share_on_mastodon":"0"},"categories":[51607],"tags":[2434,8588,6588,17490,16331,51630,42,38,40,39,41,649,650,11541,51629,8815,51631,8767,51628,800,8816,1853],"class_list":["post-662462","post","type-post","status-publish","format-standard","has-post-thumbnail","category-wroclaw","tag-aktor","tag-aktorzy","tag-festiwal","tag-festiwale","tag-kariera","tag-kariery","tag-pl","tag-poland","tag-polish","tag-polska","tag-polski","tag-premiera","tag-premiery","tag-realizacja","tag-realizacje","tag-repertuar","tag-ruch-teatralny","tag-sztuka","tag-sztuki","tag-teatr","tag-teatry","tag-wroclaw"],"share_on_mastodon":{"url":"https:\/\/pubeurope.com\/@pl\/117201702730115349","error":""},"_links":{"self":[{"href":"https:\/\/www.europesays.com\/pl\/wp-json\/wp\/v2\/posts\/662462","targetHints":{"allow":["GET"]}}],"collection":[{"href":"https:\/\/www.europesays.com\/pl\/wp-json\/wp\/v2\/posts"}],"about":[{"href":"https:\/\/www.europesays.com\/pl\/wp-json\/wp\/v2\/types\/post"}],"author":[{"embeddable":true,"href":"https:\/\/www.europesays.com\/pl\/wp-json\/wp\/v2\/users\/2"}],"replies":[{"embeddable":true,"href":"https:\/\/www.europesays.com\/pl\/wp-json\/wp\/v2\/comments?post=662462"}],"version-history":[{"count":0,"href":"https:\/\/www.europesays.com\/pl\/wp-json\/wp\/v2\/posts\/662462\/revisions"}],"wp:featuredmedia":[{"embeddable":true,"href":"https:\/\/www.europesays.com\/pl\/wp-json\/wp\/v2\/media\/662463"}],"wp:attachment":[{"href":"https:\/\/www.europesays.com\/pl\/wp-json\/wp\/v2\/media?parent=662462"}],"wp:term":[{"taxonomy":"category","embeddable":true,"href":"https:\/\/www.europesays.com\/pl\/wp-json\/wp\/v2\/categories?post=662462"},{"taxonomy":"post_tag","embeddable":true,"href":"https:\/\/www.europesays.com\/pl\/wp-json\/wp\/v2\/tags?post=662462"}],"curies":[{"name":"wp","href":"https:\/\/api.w.org\/{rel}","templated":true}]}}