{"id":662510,"date":"2026-09-02T13:59:26","date_gmt":"2026-09-02T13:59:26","guid":{"rendered":"https:\/\/www.europesays.com\/pl\/662510\/"},"modified":"2026-09-02T13:59:26","modified_gmt":"2026-09-02T13:59:26","slug":"michal-rosiak-przeniesie-sie-ze-slaska-wroclaw-do-fc-twente","status":"publish","type":"post","link":"https:\/\/www.europesays.com\/pl\/662510\/","title":{"rendered":"Micha\u0142 Rosiak przeniesie si\u0119 ze \u015al\u0105ska Wroc\u0142aw do FC Twente"},"content":{"rendered":"<p>Micha\u0142 Rosiak po udanym okresie w \u015al\u0105sku Wroc\u0142aw opuszcza klub i przenosi si\u0119 do holenderskiego FC Twente. M\u0142ody wahad\u0142owy ma za sob\u0105 bardzo dobry rok, w kt\u00f3rym z zawodnika walcz\u0105cego o miejsce w sk\u0142adzie sta\u0142 si\u0119 jednym z wa\u017cniejszych pi\u0142karzy Wroc\u0142awian. Teraz czeka go jednak zdecydowanie wi\u0119ksze wyzwanie. Czy 20-latek wykorzysta szans\u0119 i rozwinie skrzyd\u0142a poza Polsk\u0105?<\/p>\n<p>Twente w ko\u0144cu dopina transfer, o kt\u00f3rym m\u00f3wi\u0142o si\u0119 od miesi\u0119cy<\/p>\n<p><a href=\"https:\/\/www.twentefans.nl\/michal-rosiak-blijft-in-polen-tweede-bod-fc-twente-afgewezen\/\" rel=\"nofollow noopener\" target=\"_blank\">Temat transferu <\/a><a href=\"https:\/\/www.twentefans.nl\/michal-rosiak-blijft-in-polen-tweede-bod-fc-twente-afgewezen\/\" rel=\"nofollow noopener\" target=\"_blank\">Micha\u0142a Rosiaka<\/a><a href=\"https:\/\/www.twentefans.nl\/michal-rosiak-blijft-in-polen-tweede-bod-fc-twente-afgewezen\/\" rel=\"nofollow noopener\" target=\"_blank\"> do Holandii nie jest niczym nowym.<\/a> Ju\u017c od kilku miesi\u0119cy pojawia\u0142y si\u0119 informacje na temat odej\u015bcia pi\u0142karza do FC Twente, ale dopiero teraz kluby dosz\u0142y do porozumienia. Rosiak nie b\u0119dzie jedynym zawodnikiem \u015al\u0105ska Wroc\u0142aw, kt\u00f3ry tego lata trafi do zespo\u0142u trenera Johna van den Broma. Warto bowiem nadmieni\u0107, \u017ce w FC Twente wyst\u0119puje ju\u017c Krzysztof Kurowski. Na ten moment wydaje si\u0119, \u017ce transfer by\u0142ego zawodnika Arsenalu jest przede wszystkim inwestycj\u0105 w przysz\u0142o\u015b\u0107, poniewa\u017c obsada jego pozycji w zespole jest mocna.<\/p>\n<p>Bart van Rooij to niekwestionowany numer jeden na prawej obronie. 25-letni Holender o ugruntowanej pozycji w Eredivisie jest czo\u0142owym zawodnikiem swojego klubu. To sprawia, \u017ce jest bardzo ma\u0142a szansa na to, aby Rosiak od razu wskoczy\u0142 do pierwszej jedenastki. Zostaje mu wi\u0119c walka o pozycj\u0119 rezerwowego, kt\u00f3r\u0105 obecnie zajmuje Guilherme Peixoto. 20-letni Portugalczyk nie zbiera jednak zbyt wielu minut w pierwszym zespole. Istnieje wi\u0119c spora szansa na to, \u017ce to w\u0142a\u015bnie Micha\u0142 Rosiak wyprzedzi go w hierarchii. Warto nadmieni\u0107 r\u00f3wnie\u017c, \u017ce FC Twente b\u0119dzie gra\u0142o w Europie, a szeroka kadra jest w takiej sytuacji bardzo potrzebna. Z tego powodu Rosiak na pewno b\u0119dzie dostawa\u0142 swoje szanse, wi\u0119c nie zapowiada si\u0119 na to, aby ca\u0142kowicie wypad\u0142 z gry.<\/p>\n<p>Na pewno jego rola w zespole spadnie w por\u00f3wnaniu z tym, jak cz\u0119sto wyst\u0119powa\u0142 w \u015al\u0105sku. Na samym pocz\u0105tku b\u0119dzie zawodnikiem do rotacji, a tak\u017ce pi\u0142karzem wchodz\u0105cym z \u0142awki. Kluczowy b\u0119dzie fakt, jak w tych meczach si\u0119 zaprezentuje i czy zdo\u0142a swoj\u0105 dobr\u0105 gr\u0105 namiesza\u0107 w pierwszym sk\u0142adzie trenera Johna van den Broma. Sam kierunek wydaje si\u0119 obiecuj\u0105cy, poniewa\u017c gra w Holandii w wielu przypadkach po prostu si\u0119 sprawdza.<\/p>\n<p dir=\"ltr\" lang=\"pl\">Jak uda\u0142o mi si\u0119 ustali\u0107 i potwierdzi\u0107 w kilku holenderskich \u017ar\u00f3d\u0142ach wszystko wskazuje na to, \u017ce Micha\u0142 Rosiak opu\u015bci <a href=\"https:\/\/x.com\/SlaskWroclawPl?ref_src=twsrc%5Etfw\" rel=\"nofollow\">@SlaskWroclawPl<\/a> i zostanie zawodnikiem Twente Enschede.<\/p>\n<p>Rosiak w barwach \u015al\u0105ska rozegra\u0142 30 mecz\u00f3w, strzeli\u0142 4 gole i zaliczy\u0142 2 asysty. <a href=\"https:\/\/t.co\/L8FOfTV45I\" rel=\"nofollow\">pic.twitter.com\/L8FOfTV45I<\/a><\/p>\n<p>\u2014 Piotr Pot\u0119pa (@PiotrPotepa) <a href=\"https:\/\/x.com\/PiotrPotepa\/status\/2095101475030532381?ref_src=twsrc%5Etfw\" rel=\"nofollow\">September 2, 2026<\/a><\/p>\n<p>Micha\u0142 Rosiak profilem pasuje do Holandii<\/p>\n<p>Micha\u0142 Rosiak ju\u017c od pocz\u0105tku by\u0142 uznawany za spory talent, kt\u00f3ry d\u0142ugo nie zago\u015bci we Wroc\u0142awiu. Rosiak jest typowym nowoczesnym wahad\u0142owym, kt\u00f3ry charakteryzuje si\u0119 r\u00f3wnie\u017c du\u017c\u0105 wszechstronno\u015bci\u0105. M\u0142ody pi\u0142karz mo\u017ce r\u00f3wnie\u017c wyst\u0119powa\u0107 jako boczny obro\u0144ca oraz defensywny pomocnik, pe\u0142ni\u0105cy rol\u0119 typowej \u201esz\u00f3stki\u201d. Jest bardzo mobilnym pi\u0142karzem, kt\u00f3ry charakteryzuje si\u0119 odwa\u017cn\u0105 gr\u0105 w ataku i nie boi si\u0119 wchodzi\u0107 w pojedynki 1 na 1. Dodatkowo s\u0142ynie z dobrego rozgrywania pi\u0142ki, co daje jego dru\u017cynie sporo mo\u017cliwo\u015bci gry na jeden kontakt na boku boiska. Jego atutem s\u0105 r\u00f3wnie\u017c sta\u0142e fragmenty gry, a w szczeg\u00f3lno\u015bci rzuty wolne, z kt\u00f3rych potrafi\u0142 zdobywa\u0107 bramki. Micha\u0142 Rosiak jak na sw\u00f3j wiek prezentuje bardzo r\u00f3wn\u0105 form\u0119 i rzadko zdarza mu si\u0119 pope\u0142nia\u0107 ra\u017c\u0105ce b\u0142\u0119dy, kt\u00f3re kosztuj\u0105 dru\u017cyn\u0119 np. utrat\u0119 bramki. Na ten moment jest solidnym graczem na poziomie naszej ligi.<\/p>\n<p>Ma jednak kilka mankament\u00f3w, kt\u00f3re z pewno\u015bci\u0105 trzeba poprawi\u0107. Problemem, z kt\u00f3rym zmaga si\u0119 Rosiak, jest na pewno gra w obronie. Nie stoi ona na wybitnym poziomie i zdarza si\u0119, \u017ce wahad\u0142owy \u015al\u0105ska w \u0142atwy spos\u00f3b daje si\u0119 min\u0105\u0107 rywalom. W takich sytuacjach cz\u0119sto ratuje si\u0119 faulem, co jest widoczne w statystykach (\u015brednio 1,2 faulu na mecz). Sam zawodnik ma r\u00f3wnie\u017c problem z pilnowaniem swoich stref na boisku, co te\u017c przek\u0142ada si\u0119 na liczb\u0119 pope\u0142nianych fauli. Je\u015bli chodzi o aspekty ofensywne, \u015brednio wypadaj\u0105 jego do\u015brodkowania nieb\u0119d\u0105ce sta\u0142ymi fragmentami gry. Nie jest to jednak jego kluczowa wada, poniewa\u017c pi\u0142karz najcz\u0119\u015bciej schodzi do \u015brodka boiska i zdecydowanie cz\u0119\u015bciej widzimy u niego pr\u00f3by poda\u0144 progresywnych. Niemniej jednak, kiedy ju\u017c decyduje si\u0119 na do\u015brodkowanie, rzadko kiedy s\u0105 one dobre.<\/p>\n<p>Klub zarobi na tym ruchu naprawd\u0119 solidne pieni\u0105dze, bo kwota transferu wynosi oko\u0142o miliona euro. Do tego najprawdopodobniej dojdzie procent od przysz\u0142ej sprzeda\u017cy, wi\u0119c inwestycja w tego zawodnika bardzo op\u0142aci\u0142a si\u0119 klubowi. Niemniej jednak jego odej\u015bcie mo\u017ce stworzy\u0107 problemy \u015al\u0105skowi Wroc\u0142aw, szczeg\u00f3lnie na jego pozycji.<\/p>\n<p>Odej\u015bcie Rosiaka mo\u017ce by\u0107 problemem dla \u015al\u0105ska?<\/p>\n<p>Micha\u0142 Rosiak od roku jest zwi\u0105zany ze \u015al\u0105skiem Wroc\u0142aw, dla kt\u00f3rego zd\u0105\u017cy\u0142 wyst\u0105pi\u0107 w 30 spotkaniach. Ju\u017c od samego pocz\u0105tku pobytu we Wroc\u0142awiu pokazywa\u0142 si\u0119 z bardzo dobrej strony. Prawdziwa eksplozja jego formy nast\u0105pi\u0142a jednak w rundzie wiosennej, gdy by\u0142y gracz Arsenalu na sta\u0142e wywalczy\u0142 sobie miejsce w sk\u0142adzie. W\u00f3wczas tworzy\u0142 bardzo mocny duet wahad\u0142owych z Krzysztofem Kurowskim, a ich wsp\u00f3\u0142praca znacz\u0105co pomog\u0142a \u015al\u0105skowi w wywalczeniu awansu do PKO Ekstraklasy. W samej elicie Micha\u0142 Rosiak r\u00f3wnie\u017c wygl\u0105da\u0142 nie\u017ale, co tylko przyku\u0142o uwag\u0119 klub\u00f3w spoza naszego kraju.<\/p>\n<p>Samo odej\u015bcie Rosiaka nie powinno nikogo we Wroc\u0142awiu dziwi\u0107, poniewa\u017c od pocz\u0105tku liczono si\u0119 z takim scenariuszem. Klub zd\u0105\u017cy\u0142 si\u0119 nawet zabezpieczy\u0107, sprowadzaj\u0105c zawodnika do rywalizacji na tej pozycji. Do \u015al\u0105ska tego lata trafi\u0142 Alex Timossi Andersson, kt\u00f3ry jak dot\u0105d Wroc\u0142awia nie podbi\u0142. Szwed jak dot\u0105d zagra\u0142 193 minuty na boiskach PKO Ekstraklasy i swoj\u0105 gr\u0105 nie przekona\u0142 do siebie zbyt wielu kibic\u00f3w. St\u0105d pojawia si\u0119 pewna obawa, \u017ce ta strona boiska mo\u017ce zacz\u0105\u0107 by\u0107 s\u0142abym punktem Wroc\u0142awian. Wed\u0142ug plotek pojawiaj\u0105cych si\u0119 w mediach klub pod sam koniec okna ma w planach dokona\u0107 jeszcze kilku wzmocnie\u0144 pierwszej dru\u017cyny. Niewykluczone wi\u0119c, \u017ce pr\u0119dzej czy p\u00f3\u017aniej do \u015al\u0105ska trafi zawodnik, kt\u00f3ry b\u0119dzie mia\u0142 za zadanie zast\u0105pi\u0107 Rosiaka.<\/p>\n<p>Pojawia\u0107 b\u0119d\u0105 si\u0119 jednak pytania dotycz\u0105ce tego, jak \u015al\u0105sk poradzi sobie po odej\u015bciu tego pi\u0142karza. Ma\u0142o prawdopodobne jest jednak to, \u017ce \u015al\u0105sk znajdzie zawodnika o profilu identycznym do Micha\u0142a Rosiaka. Niemniej Wroc\u0142awianie powinni sobie poradzi\u0107 z tym odej\u015bciem, a ju\u017c nied\u0142ugo powinni\u015bmy wiedzie\u0107 wi\u0119cej na temat potencjalnych nowych zawodnik\u00f3w. By\u0107 mo\u017ce do tego czasu Alex Timossi Andersson odzyska form\u0119, b\u0105d\u017a kt\u00f3ry\u015b z pi\u0142karzy akademii otrzyma swoj\u0105 szans\u0119.<\/p>\n<p dir=\"ltr\" lang=\"pl\">\ud83d\udea8 Micha\u0142 Rosiak ma zosta\u0107 nowym zawodnikiem FC Twente.<\/p>\n<p>\u015al\u0105sk ma zarobi\u0107 na tej transakcji naprawd\u0119 fajne pieni\u0105dze.<\/p>\n<p>Micha\u0142 Rosiak w tym sezonie:<br \/>6 spotka\u0144 (347 minut)<\/p>\n<p>\u0179r\u00f3d\u0142o: Piotr Pot\u0119pa <a href=\"https:\/\/t.co\/ln1QbqmW0Q\" rel=\"nofollow\">pic.twitter.com\/ln1QbqmW0Q<\/a><\/p>\n<p>\u2014 Kamil Pawelczyk \u2013 Transfery Pi\u0142karskie Oficjalnie (@pawelczyk_tpo) <a href=\"https:\/\/x.com\/pawelczyk_tpo\/status\/2095121269683318830?ref_src=twsrc%5Etfw\" rel=\"nofollow\">September 2, 2026<\/a><\/p>\n<p>Micha\u0142 Rosiak rozwinie skrzyd\u0142a poza Polsk\u0105?<\/p>\n<p>Etap gry w \u015al\u0105sku Wroc\u0142aw bez w\u0105tpienia by\u0142 udany dla m\u0142odego wahad\u0142owego. Po odej\u015bciu z Arsenalu Micha\u0142 Rosiak potrzebowa\u0142 miejsca, w kt\u00f3rym b\u0119dzie m\u00f3g\u0142 pokaza\u0107 swoje umiej\u0119tno\u015bci. Tak si\u0119 sta\u0142o we Wroc\u0142awiu i niemal rok po przyj\u015bciu do \u015al\u0105ska Rosiak odchodzi za dobre pieni\u0105dze do uznanego holenderskiego klubu. FC Twente mo\u017ce si\u0119 okaza\u0107 trampolin\u0105 dla kariery Polaka i pom\u00f3c mu w przysz\u0142o\u015bci trafi\u0107 do dobrego europejskiego klubu. Niemniej na samym pocz\u0105tku b\u0119dzie musia\u0142 uzbroi\u0107 si\u0119 w cierpliwo\u015b\u0107 i wykorzystywa\u0107 ka\u017cd\u0105 szans\u0119, jak\u0105 otrzyma. Jest to bardzo uzdolniony pi\u0142karz, kt\u00f3ry pod okiem odpowiedniego trenera mo\u017ce sta\u0107 si\u0119 bardzo dobrym wahad\u0142owym.<\/p>\n<p>Tak\u0105 osob\u0105 z pewno\u015bci\u0105 jest John van den Brom, kt\u00f3ry bardzo lubi stawia\u0107 na ofensywn\u0105 gr\u0119. Rosiakowi taki styl powinien odpowiada\u0107, poniewa\u017c wtedy b\u0119dzie m\u00f3g\u0142 pokaza\u0107 swoje najwi\u0119ksze atuty. Transfer ten jest r\u00f3wnie\u017c dobry dla klubu, poniewa\u017c \u015al\u0105sk zarobi na swoim zawodniku dobre pieni\u0105dze, kt\u00f3re b\u0119dzie m\u00f3g\u0142 przeznaczy\u0107 na wzmocnienie kadry. Wychodzi wi\u0119c na to, \u017ce taka transakcja mo\u017ce by\u0107 korzystna dla wszystkich zaanga\u017cowanych w ni\u0105 stron.<\/p>\n<p>Zobacz tak\u017ce:<\/p>\n<p class=\"entry-title text-grey-dark font-serif font-bold text-3xl lg:text-5xl leading-none my-4 pb-4 mx-auto lg:px-10 lg:mx-10\"><a href=\"https:\/\/igol.pl\/dominik-sarapata-znow-wypozyczony-kolejny-polak-w-czeskiej-lidze\/\" rel=\"nofollow noopener\" target=\"_blank\">Dominik Sarapata zn\u00f3w wypo\u017cyczony. Kolejny Polak w lidze czeskiej<\/a><\/p>\n<p class=\"entry-title text-grey-dark font-serif font-bold text-3xl lg:text-5xl leading-none my-4 pb-4 mx-auto lg:px-10 lg:mx-10\"><a href=\"https:\/\/igol.pl\/obronca-legii-wraca-do-ojczyzny-przynajmniej-tymczasowo\/\" rel=\"nofollow noopener\" target=\"_blank\">Obro\u0144ca Legii wraca do ojczyzny \u2013 przynajmniej tymczasowo<\/a><\/p>\n<p class=\"entry-tags\">\n                  <a href=\"https:\/\/igol.pl\/temat\/fc-twente-enschede\/\" rel=\"nofollow noopener\" target=\"_blank\">FC Twente Enschede<\/a><br \/>\n                  <a href=\"https:\/\/igol.pl\/temat\/john-van-den-brom\/\" rel=\"nofollow noopener\" target=\"_blank\">John van den Brom<\/a><br \/>\n                  <a href=\"https:\/\/igol.pl\/temat\/michal-rosiak\/\" rel=\"nofollow noopener\" target=\"_blank\">Micha\u0142 Rosiak<\/a><br \/>\n                  <a href=\"https:\/\/igol.pl\/temat\/slask-wroclaw\/\" rel=\"nofollow noopener\" target=\"_blank\">\u015al\u0105sk Wroc\u0142aw<\/a>\n                <\/p>\n<p>      <script async src=\"https:\/\/platform.twitter.com\/widgets.js\" charset=\"utf-8\"><\/script><\/p>\n","protected":false},"excerpt":{"rendered":"Micha\u0142 Rosiak po udanym okresie w \u015al\u0105sku Wroc\u0142aw opuszcza klub i przenosi si\u0119 do holenderskiego FC Twente. M\u0142ody&hellip;\n","protected":false},"author":2,"featured_media":662511,"comment_status":"","ping_status":"","sticky":false,"template":"","format":"standard","meta":{"footnotes":"","_share_on_mastodon":"0"},"categories":[51607],"tags":[128818,128819,112357,42,38,40,39,41,697,1853],"class_list":["post-662510","post","type-post","status-publish","format-standard","has-post-thumbnail","category-wroclaw","tag-fc-twente-enschede","tag-john-van-den-brom","tag-michal-rosiak","tag-pl","tag-poland","tag-polish","tag-polska","tag-polski","tag-slask-wroclaw","tag-wroclaw"],"share_on_mastodon":{"url":"https:\/\/pubeurope.com\/@pl\/117201808037748242","error":""},"_links":{"self":[{"href":"https:\/\/www.europesays.com\/pl\/wp-json\/wp\/v2\/posts\/662510","targetHints":{"allow":["GET"]}}],"collection":[{"href":"https:\/\/www.europesays.com\/pl\/wp-json\/wp\/v2\/posts"}],"about":[{"href":"https:\/\/www.europesays.com\/pl\/wp-json\/wp\/v2\/types\/post"}],"author":[{"embeddable":true,"href":"https:\/\/www.europesays.com\/pl\/wp-json\/wp\/v2\/users\/2"}],"replies":[{"embeddable":true,"href":"https:\/\/www.europesays.com\/pl\/wp-json\/wp\/v2\/comments?post=662510"}],"version-history":[{"count":0,"href":"https:\/\/www.europesays.com\/pl\/wp-json\/wp\/v2\/posts\/662510\/revisions"}],"wp:featuredmedia":[{"embeddable":true,"href":"https:\/\/www.europesays.com\/pl\/wp-json\/wp\/v2\/media\/662511"}],"wp:attachment":[{"href":"https:\/\/www.europesays.com\/pl\/wp-json\/wp\/v2\/media?parent=662510"}],"wp:term":[{"taxonomy":"category","embeddable":true,"href":"https:\/\/www.europesays.com\/pl\/wp-json\/wp\/v2\/categories?post=662510"},{"taxonomy":"post_tag","embeddable":true,"href":"https:\/\/www.europesays.com\/pl\/wp-json\/wp\/v2\/tags?post=662510"}],"curies":[{"name":"wp","href":"https:\/\/api.w.org\/{rel}","templated":true}]}}