{"id":662546,"date":"2026-09-02T14:19:16","date_gmt":"2026-09-02T14:19:16","guid":{"rendered":"https:\/\/www.europesays.com\/pl\/662546\/"},"modified":"2026-09-02T14:19:16","modified_gmt":"2026-09-02T14:19:16","slug":"festiwal-i-%e2%9d%a4%ef%b8%8f-marketing-technology-ponownie-zagosci-w-stolicy-wielkopolski","status":"publish","type":"post","link":"https:\/\/www.europesays.com\/pl\/662546\/","title":{"rendered":"Festiwal I \u2764\ufe0f Marketing &#038; Technology ponownie zago\u015bci w stolicy wielkopolski!"},"content":{"rendered":"<p style=\"text-align: null;\">Tegoroczna jesienna edycja b\u0119dzie mia\u0142a rozbudowan\u0105, festiwalow\u0105 formu\u0142\u0119. W jednym miejscu spotkaj\u0105 si\u0119 konferencje, specjalistyczne \u015bcie\u017cki PRO, szkolenia, strefa EXPO oraz przestrzenie stworzone z my\u015bl\u0105 o networkingu i wymianie do\u015bwiadcze\u0144. \u0141\u0105cznie uczestnicy b\u0119d\u0105 mogli wybiera\u0107 spo\u015br\u00f3d 12 konferencji tematycznych, dopasowuj\u0105c program do swojej specjalizacji i poziomu zaawansowania.<\/p>\n<p>    <a class=\"componentsRecommendationsSingleArticle__link\" href=\"https:\/\/warszawa.naszemiasto.pl\/tak-wyglada-najladniejsza-szkola-w-warszawie-zbudowal-ja-deweloper-kosztowala-38-mln-zl\/ar\/c5p2-27924173\" data-ec=\"componentsRecommendationsSingleArticle\" data-event-position-el=\"link\" data-ecp=\"url=https:\/\/warszawa.naszemiasto.pl\/tak-wyglada-najladniejsza-szkola-w-warszawie-zbudowal-ja-deweloper-kosztowala-38-mln-zl\/ar\/c5p2-27924173,title=Tak wygl&#x105;da naj&#x142;adniejsza szko&#x142;a w Warszawie. Kosztowa&#x142;a 38 mln z&#x142;\" rel=\"nofollow noopener\" target=\"_blank\"><img decoding=\"async\" class=\"componentsRecommendationsSingleArticle__tileImg\" loading=\"lazy\" src=\"https:\/\/www.europesays.com\/pl\/wp-content\/uploads\/2026\/09\/il20250901_932803879_small.jpg\" data-image-type=\"articles\" alt=\"Tak wygl&#x105;da naj&#x142;adniejsza szko&#x142;a w Warszawie. Kosztowa&#x142;a 38 mln z&#x142;\"\/>Tak wygl\u0105da naj\u0142adniejsza szko\u0142a w Warszawie. Kosztowa\u0142a 38 mln z\u0142<\/p>\n<p class=\"componentsRecommendationsSingleArticle__lead\">Budynek Szko\u0142y Podstawowej nr 119 im. 3 Berli\u0144skiego Pu\u0142ku Piechoty przy ul. Konstruktorskiej 10 przyci\u0105ga uwag\u0119 nietypow\u0105 architektur\u0105 i nale\u017cy do najciekawszych nowych obiekt\u00f3w edukacyjnych w Warsza&#8230;<\/p>\n<p><img decoding=\"async\" class=\"atomsPartialImageAvatar atomsPartialImageAvatar--textSubtle\" data-event-position-context=\"atomsPartialImageAvatar\" alt=\"Mateusz &#x141;uba\" width=\"24\" height=\"24\" src=\"https:\/\/www.europesays.com\/pl\/wp-content\/uploads\/2026\/09\/1788358752_592_6643402f88159_icon.jpg\" loading=\"lazy\"\/>Mateusz \u0141uba<\/a><\/p>\n<p style=\"text-align: null;\">Od marketingu i social medi\u00f3w po AI, sprzeda\u017c i Retail Media<\/p>\n<p style=\"text-align: null;\">Program tegorocznej edycji pokazuje, jak bardzo w ostatnich latach poszerzy\u0142 si\u0119 zakres kompetencji potrzebnych w marketingu i biznesie. Obok dobrze znanych \u015bcie\u017cek I \u2764\ufe0f Marketing i I \u2764\ufe0f Social Media pojawi\u0105 si\u0119 konferencje po\u015bwi\u0119cone m.in. AI, e-commerce, HR, PR oraz Retail Media.<\/p>\n<p style=\"text-align: null;\">Istotn\u0105 cz\u0119\u015bci\u0105 programu b\u0119d\u0105 tak\u017ce \u015bcie\u017cki I \u2764\ufe0f PRO, skierowane do bardziej zaawansowanych uczestnik\u00f3w. Jesieni\u0105 eksperci zag\u0142\u0119bi\u0105 si\u0119 m.in. w takie obszary jak AI Video, Agenci AI, GEO &amp; LLM Optimization, AI Sales oraz AI Vibe Coding. To tematy odpowiadaj\u0105ce na zmiany, kt\u00f3re ju\u017c dzi\u015b wp\u0142ywaj\u0105 na spos\u00f3b tworzenia tre\u015bci, prowadzenia sprzeda\u017cy, budowania widoczno\u015bci marek czy rozwijania produkt\u00f3w cyfrowych.<\/p>\n<p style=\"text-align: null;\">Klasyczne wyst\u0105pienia na #ilovemkt trwaj\u0105 18 minut. W przypadku \u015bcie\u017cek PRO prelegenci otrzymuj\u0105 40 minut, dzi\u0119ki czemu mog\u0105 szerzej om\u00f3wi\u0107 konkretne procesy, narz\u0119dzia, workflow i case studies.<\/p>\n<p>    <a class=\"componentsRecommendationsSingleArticle__link\" href=\"https:\/\/wroclaw.naszemiasto.pl\/milion-wyswietlen-w-kilkanascie-godzin-youtuber-zmiazdzyl-restauracje-we-wroclawskim-zoo-totalny-chlam-w-chorych-cenach\/ar\/c17p2-29311423\" data-ec=\"componentsRecommendationsSingleArticle\" data-event-position-el=\"link\" data-ecp=\"url=https:\/\/wroclaw.naszemiasto.pl\/milion-wyswietlen-w-kilkanascie-godzin-youtuber-zmiazdzyl-restauracje-we-wroclawskim-zoo-totalny-chlam-w-chorych-cenach\/ar\/c17p2-29311423,title=Ksi&#x105;&#x17C;ulo zmia&#x17C;d&#x17C;y&#x142; jedzenie we wroc&#x142;awskim zoo. Film obejrza&#x142; ju&#x17C; milion os&#xF3;b\" rel=\"nofollow noopener\" target=\"_blank\"><img decoding=\"async\" class=\"componentsRecommendationsSingleArticle__tileImg\" loading=\"lazy\" src=\"https:\/\/www.europesays.com\/pl\/wp-content\/uploads\/2026\/09\/1788358753_21_26083106d8_975200791_small.jpg\" data-image-type=\"articles\" alt=\"Ksi&#x105;&#x17C;ulo zmia&#x17C;d&#x17C;y&#x142; jedzenie we wroc&#x142;awskim zoo. Film obejrza&#x142; ju&#x17C; milion os&#xF3;b\"\/>Ksi\u0105\u017culo zmia\u017cd\u017cy\u0142 jedzenie we wroc\u0142awskim zoo. Film obejrza\u0142 ju\u017c milion os\u00f3b<\/p>\n<p class=\"componentsRecommendationsSingleArticle__lead\">Szymon Nyczke, znany w internecie jako Ksi\u0105\u017culo, opublikowa\u0142 w niedzielny wiecz\u00f3r nowy odcinek swojego kulinarnego cyklu, w kt\u00f3rym ocenia lokale gastronomiczne dzia\u0142aj\u0105ce na terenie wroc\u0142awskiego ogro&#8230;<\/p>\n<p><img decoding=\"async\" class=\"atomsPartialImageAvatar atomsPartialImageAvatar--textSubtle\" data-event-position-context=\"atomsPartialImageAvatar\" alt=\"Tomasz Pawlak\" width=\"24\" height=\"24\" src=\"https:\/\/www.europesays.com\/pl\/wp-content\/uploads\/2026\/09\/1788358754_245_6780117bd9d86_icon.jpg\" loading=\"lazy\"\/>Tomasz Pawlak<\/a><\/p>\n<p style=\"text-align: null;\">Na scenach wydarzenia pojawi\u0105 si\u0119 eksperci reprezentuj\u0105cy r\u00f3\u017cne obszary wsp\u00f3\u0142czesnego marketingu, technologii i biznesu. W\u015br\u00f3d potwierdzonych prelegent\u00f3w s\u0105 m.in. Pawe\u0142 Tkaczyk, Micha\u0142 Sadowski, Szymon Negacz, Maciej Budzich, Nicole Tomanek czy Kacper So\u0142tys.<\/p>\n<p style=\"text-align: null;\">Tematy wyst\u0105pie\u0144 mocno odnosz\u0105 si\u0119 do aktualnych zmian na rynku. Pawe\u0142 Tkaczyk opowie o toksycznej stronie viralowo\u015bci, Micha\u0142 Sadowski przedstawi prognozy dotycz\u0105ce wp\u0142ywu AI na marketing w 2027 roku, a Szymon Negacz przyjrzy si\u0119 temu, dlaczego klienci nie kupuj\u0105 nawet wtedy, gdy firma &#8211; przynajmniej pozornie &#8211; prowadzi dobry marketing.<\/p>\n<p style=\"text-align: null;\">Nie zabraknie r\u00f3wnie\u017c temat\u00f3w dotycz\u0105cych generatywnego AI, automatyzacji, zmieniaj\u0105cego si\u0119 \u015bwiata wyszukiwania, nowych modeli sprzeda\u017cy, social medi\u00f3w, komunikacji, employer brandingu czy do\u015bwiadcze\u0144 klient\u00f3w.<\/p>\n<p style=\"text-align: null;\">I \u2764\ufe0f Marketing &amp; Technology od lat wyr\u00f3\u017cnia si\u0119 tak\u017ce grywalizacj\u0105. To uczestnicy oceniaj\u0105 prezentacje, a wysoko\u015b\u0107 wynagrodzenia prelegent\u00f3w zale\u017cy od zdobytych ocen. W programie nie ma sprzeda\u017cowych prelekcji &#8211; zadaniem wyst\u0119puj\u0105cych jest przede wszystkim dostarczenie wiedzy, kt\u00f3r\u0105 uczestnicy mog\u0105 p\u00f3\u017aniej wykorzysta\u0107 w swojej pracy.<\/p>\n<p style=\"text-align: null;\">Marketingowy tydzie\u0144 zacznie si\u0119 dzie\u0144 wcze\u015bniej<\/p>\n<p style=\"text-align: null;\">Osoby, kt\u00f3re chc\u0105 wykorzysta\u0107 pobyt w Poznaniu tak\u017ce na intensywn\u0105 nauk\u0119 w mniejszych grupach, mog\u0105 skorzysta\u0107 z pi\u0119ciu temat\u00f3w szkole\u0144 ju\u017c 27 pa\u017adziernika:<\/p>\n<p>AI dla marketingu,<\/p>\n<p>Marketing medyczny,<\/p>\n<p>AI Storytelling,<\/p>\n<p>Marketing w bran\u017cy beauty,<\/p>\n<p>Zarz\u0105dzanie kryzysowe w firmie.<\/p>\n<p style=\"text-align: null;\">To propozycja dla uczestnik\u00f3w, kt\u00f3rzy poza konferencyjn\u0105 inspiracj\u0105 szukaj\u0105 bardziej warsztatowej formy pracy i mo\u017cliwo\u015bci prze\u0142o\u017cenia omawianych zagadnie\u0144 na konkretne dzia\u0142ania.<\/p>\n<p>    <a class=\"componentsRecommendationsSingleArticle__link\" href=\"https:\/\/warszawa.naszemiasto.pl\/w-warszawie-powstalo-muzeum-lodow-jest-slodko-kolorowo-i-bardzo-nietypowo\/ar\/c1p2-29303525\" data-ec=\"componentsRecommendationsSingleArticle\" data-event-position-el=\"link\" data-ecp=\"url=https:\/\/warszawa.naszemiasto.pl\/w-warszawie-powstalo-muzeum-lodow-jest-slodko-kolorowo-i-bardzo-nietypowo\/ar\/c1p2-29303525,title=W Warszawie powsta&#x142;o Muzeum Lod&#xF3;w. Jest s&#x142;odko kolorowo i bardzo nietypowo\" rel=\"nofollow noopener\" target=\"_blank\"><img decoding=\"async\" class=\"componentsRecommendationsSingleArticle__tileImg\" loading=\"lazy\" src=\"https:\/\/www.europesays.com\/pl\/wp-content\/uploads\/2026\/09\/260828024f_974947299_small.jpg\" data-image-type=\"articles\" alt=\"W Warszawie powsta&#x142;o Muzeum Lod&#xF3;w. Jest s&#x142;odko, kolorowo i bardzo nietypowo\"\/>W Warszawie powsta\u0142o Muzeum Lod\u00f3w. Jest s\u0142odko, kolorowo i bardzo nietypowo<\/p>\n<p class=\"componentsRecommendationsSingleArticle__lead\">W Warszawie otworzy\u0142o si\u0119 nowe, bardzo s\u0142odkie miejsce. Muzeum Lod\u00f3w zaprasza w podr\u00f3\u017c przez histori\u0119 jednego z najpopularniejszych deser\u00f3w na \u015bwiecie. Jest tylko jeden problem: z tej wycieczki trudno&#8230;<\/p>\n<p><img decoding=\"async\" class=\"atomsPartialImageAvatar atomsPartialImageAvatar--textSubtle\" data-event-position-context=\"atomsPartialImageAvatar\" alt=\"Greta Sulik\" width=\"24\" height=\"24\" src=\"https:\/\/www.europesays.com\/pl\/wp-content\/uploads\/2026\/09\/6a1ed3c979a80_icon.jpg\" loading=\"lazy\"\/>Greta Sulik<\/a><\/p>\n<p style=\"text-align: null;\">Ponad 100 wystawc\u00f3w w strefie EXPO<\/p>\n<p style=\"text-align: null;\">Wa\u017cn\u0105 cz\u0119\u015bci\u0105 wydarzenia b\u0119dzie r\u00f3wnie\u017c EXPO I \u2764\ufe0f marketing &amp; technology. W przestrzeni targowej pojawi si\u0119 ponad 100 wystawc\u00f3w prezentuj\u0105cych rozwi\u0105zania dla marketingu, sprzeda\u017cy, e-commerce, nowych technologii i biznesu.<\/p>\n<p style=\"text-align: null;\">Strefa ma by\u0107 nie tylko miejscem prezentacji produkt\u00f3w i us\u0142ug, ale przede wszystkim przestrzeni\u0105 do rozm\u00f3w: testowania narz\u0119dzi, poznawania nowych rozwi\u0105za\u0144, szukania partner\u00f3w biznesowych i wymiany do\u015bwiadcze\u0144 mi\u0119dzy przedstawicielami firm a uczestnikami konferencji.<\/p>\n<p style=\"text-align: null;\">Dzi\u0119ki po\u0142\u0105czeniu cz\u0119\u015bci merytorycznej z rozbudowan\u0105 przestrzeni\u0105 targow\u0105 tegoroczna edycja I \u2764\ufe0f Marketing &amp; Technology ma by\u0107 nie tylko konferencj\u0105, ale pe\u0142nowymiarowym bran\u017cowym festiwalem, podczas kt\u00f3rego wiedza, technologia i networking spotkaj\u0105 si\u0119 w jednym miejscu.<\/p>\n<p style=\"text-align: null;\">Szczeg\u00f3\u0142owa agenda, informacje o prelegentach i bilety dost\u0119pne s\u0105 na stronie <a href=\"http:\/\/ilovemkt.pl\/\" title=\"\" rel=\"nofollow noopener\" target=\"_blank\">ilovemkt.pl<\/a>.<\/p>\n","protected":false},"excerpt":{"rendered":"Tegoroczna jesienna edycja b\u0119dzie mia\u0142a rozbudowan\u0105, festiwalow\u0105 formu\u0142\u0119. W jednym miejscu spotkaj\u0105 si\u0119 konferencje, specjalistyczne \u015bcie\u017cki PRO, szkolenia,&hellip;\n","protected":false},"author":2,"featured_media":662547,"comment_status":"","ping_status":"","sticky":false,"template":"","format":"standard","meta":{"footnotes":"","_share_on_mastodon":"0"},"categories":[51614],"tags":[2151,110598,10814,42,38,40,39,41],"class_list":["post-662546","post","type-post","status-publish","format-standard","has-post-thumbnail","category-bialystok","tag-bialystok","tag-ecom","tag-marketing","tag-pl","tag-poland","tag-polish","tag-polska","tag-polski"],"share_on_mastodon":{"url":"https:\/\/pubeurope.com\/@pl\/117201888483188848","error":""},"_links":{"self":[{"href":"https:\/\/www.europesays.com\/pl\/wp-json\/wp\/v2\/posts\/662546","targetHints":{"allow":["GET"]}}],"collection":[{"href":"https:\/\/www.europesays.com\/pl\/wp-json\/wp\/v2\/posts"}],"about":[{"href":"https:\/\/www.europesays.com\/pl\/wp-json\/wp\/v2\/types\/post"}],"author":[{"embeddable":true,"href":"https:\/\/www.europesays.com\/pl\/wp-json\/wp\/v2\/users\/2"}],"replies":[{"embeddable":true,"href":"https:\/\/www.europesays.com\/pl\/wp-json\/wp\/v2\/comments?post=662546"}],"version-history":[{"count":0,"href":"https:\/\/www.europesays.com\/pl\/wp-json\/wp\/v2\/posts\/662546\/revisions"}],"wp:featuredmedia":[{"embeddable":true,"href":"https:\/\/www.europesays.com\/pl\/wp-json\/wp\/v2\/media\/662547"}],"wp:attachment":[{"href":"https:\/\/www.europesays.com\/pl\/wp-json\/wp\/v2\/media?parent=662546"}],"wp:term":[{"taxonomy":"category","embeddable":true,"href":"https:\/\/www.europesays.com\/pl\/wp-json\/wp\/v2\/categories?post=662546"},{"taxonomy":"post_tag","embeddable":true,"href":"https:\/\/www.europesays.com\/pl\/wp-json\/wp\/v2\/tags?post=662546"}],"curies":[{"name":"wp","href":"https:\/\/api.w.org\/{rel}","templated":true}]}}