{"id":662550,"date":"2026-09-02T14:21:16","date_gmt":"2026-09-02T14:21:16","guid":{"rendered":"https:\/\/www.europesays.com\/pl\/662550\/"},"modified":"2026-09-02T14:21:16","modified_gmt":"2026-09-02T14:21:16","slug":"lubelscy-strazacy-wrocili-z-misji-w-hiszpanii-wojewoda-sa-cenieni-w-calej-polsce","status":"publish","type":"post","link":"https:\/\/www.europesays.com\/pl\/662550\/","title":{"rendered":"Lubelscy stra\u017cacy wr\u00f3cili z misji w Hiszpanii. Wojewoda: S\u0105 cenieni w ca\u0142ej Polsce"},"content":{"rendered":"<p>Polscy stra\u017cacy z modu\u0142u GFFF Poland, dzia\u0142aj\u0105cego w ramach Unijnego Mechanizmu Ochrony Ludno\u015bci, zako\u0144czyli mi\u0119dzynarodow\u0105 misj\u0119 prepozycjonowania w Hiszpanii i powr\u00f3cili do Polski. W sk\u0142ad trzydziestopi\u0119cioosobowej rotacji wesz\u0142o dwunastu ratownik\u00f3w z wojew\u00f3dztwa lubelskiego z grupy GFFF Lublin, reprezentuj\u0105cych Komend\u0119 Wojew\u00f3dzk\u0105 PSP w Lublinie, Komendy Miejskie w Lublinie i Zamo\u015bciu, a tak\u017ce Komendy Powiatowe w Kra\u015bniku, Krasnymstawie i Pu\u0142awach.<\/p>\n<p>Podczas dzia\u0142a\u0144 na P\u00f3\u0142wyspie Iberyjskim lubelscy funkcjonariusze pozostawali w gotowo\u015bci do walki z rozleg\u0142ymi po\u017carami las\u00f3w. Operowali w dw\u00f3ch pododdzia\u0142ach: szkol\u0105cym si\u0119 z transportu lotniczego zespole Alpha w bazie \u015bmig\u0142owcowej Talavera de la Reina i odpowiedzialnym za systemy \u0142\u0105czno\u015bci zespole Bravo.<\/p>\n<p>Specjalistyczna s\u0142u\u017cba<\/p>\n<p>Modu\u0142 GFFF Lublin jest cz\u0119\u015bci\u0105 GFFF Poland. Grupa Ground Forest Fire Fighting zrzesza stra\u017cak\u00f3w, kt\u00f3rych zadaniem jest walka z po\u017carami las\u00f3w na poziomie gruntu. W Polsce funkcjonuje siedem takich modu\u0142\u00f3w, licz\u0105cych sumarycznie trzystu wyszkolonych ratownik\u00f3w.<\/p>\n<p>&#8211; To niezwykle specjalistyczna s\u0142u\u017cba &#8211; podkre\u015bla\u0142 wojewoda Krzysztof Komorski.\u00a0<\/p>\n<p>Polityk przypomnia\u0142, \u017ce modu\u0142 GFFF Poland przeszed\u0142 niedawno oficjaln\u0105 certyfikacj\u0119 Europejskiej Puli Ochrony Ludno\u015bci w Portugalii.<\/p>\n<p>&#8211; Otrzymali j\u0105 w tym samym czasie, gdy prowadzili\u015bmy akcj\u0119 ga\u015bnicz\u0105 w Puszczy Solskiej. I mo\u017cna powiedzie\u0107, \u017ce w Puszczy Solskiej zdobyli pierwsze praktyczne do\u015bwiadczenie po certyfikacji. W sierpniu nasza grupa GFFF uczestniczy\u0142a w misji po\u0142\u0105czonej z \u0107wiczeniami i wymian\u0105 do\u015bwiadcze\u0144 na terenie Hiszpanii, gdzie po\u017cary, zw\u0142aszcza wielkopowierzchniowe, s\u0105 codzienno\u015bci\u0105. Dla naszych stra\u017cak\u00f3w by\u0142a to wi\u0119c doskona\u0142a okazja do nauki. Pod wzgl\u0119dem wyposa\u017cenia, wiedzy czy zaanga\u017cowania nie ust\u0119puj\u0105 bowiem kolegom z P\u00f3\u0142wyspu Iberyjskiego, ale tam panuj\u0105 inne warunki: odmienne jest ukszta\u0142towanie terenu, r\u00f3\u017cni si\u0119 geologia, utrzymuj\u0105 si\u0119 wysokie temperatury, r\u00f3wnie\u017c w nocy. Walka z \u017cywio\u0142em przebiega po prostu w trudniejszych okoliczno\u015bciach atmosferycznych. Rozmawia\u0142em ju\u017c z naszymi funkcjonariuszami. Przed nimi kolejne szkolenia i wyjazdy. Jako administracja rz\u0105dowa zrobimy wszystko, \u017ceby zaspokoi\u0107 ich potrzeby sprz\u0119towe i szkoleniowe &#8211; zapowiada\u0142 wojewoda Komorski.\u00a0<\/p>\n<p><img loading=\"lazy\" decoding=\"async\" style=\"aspect-ratio:2048\/1365;\" src=\"https:\/\/www.europesays.com\/pl\/wp-content\/uploads\/2026\/09\/788715905-1551158272887701-5717830394051903268-n.jpg\" width=\"2048\" height=\"1365\"\/>Pomogli Hiszpanom<\/p>\n<p>&#8211; Misja w Hiszpanii obejmowa\u0142a zaj\u0119cia teoretyczne i praktyczne. Poniewa\u017c sytuacja po\u017carowa w Hiszpanii jest bardzo trudna, nasi stra\u017cacy wzi\u0119li r\u00f3wnie\u017c udzia\u0142 w realnych dzia\u0142aniach ratowniczo-ga\u015bniczych. Wspomagali hiszpa\u0144skie s\u0142u\u017cby w trudnodost\u0119pnych terenach le\u015bnych &#8211; opowiada\u0142 Zenon Pisiewicz, Lubelski Komendant Wojew\u00f3dzki PSP.\u00a0<\/p>\n<p>Lubelska stra\u017c po\u017carna chce czerpa\u0107 wzorce z najbardziej ekstremalnych sytuacji.<\/p>\n<p id=\"p-rc_a9de4d904886545f-76\">&#8211; W Hiszpanii wyst\u0119puje trudniejszy teren, wy\u017csze temperatury i zr\u00f3\u017cnicowana ro\u015blinno\u015b\u0107. W Polsce klimat r\u00f3wnie\u017c si\u0119 zmienia. Musimy liczy\u0107 si\u0119 z coraz trudniejszymi warunkami: suszami, wysokimi temperaturami, utrudnionym dost\u0119pem do miejsc po\u017car\u00f3w. Dlatego chcemy si\u0119 szkoli\u0107 i wspiera\u0107 partner\u00f3w za granic\u0105. To do\u015bwiadczenie zaprocentuje w wojew\u00f3dztwie lubelskim. Nie wsz\u0119dzie jeste\u015bmy w stanie dojecha\u0107 pojazdami. Priorytetem staje si\u0119 wykorzystanie statk\u00f3w powietrznych: \u015bmig\u0142owc\u00f3w i samolot\u00f3w ga\u015bniczych dostosowanych do naszych warunk\u00f3w. Wa\u017cn\u0105 rol\u0119 odgrywaj\u0105 te\u017c bezza\u0142ogowe drony. S\u0142u\u017c\u0105 do monitorowania po\u017car\u00f3w i koordynacji dzia\u0142a\u0144 na ziemi. Po\u0142\u0105czenie rozpoznania z powietrza ze si\u0142ami na ziemi daje najlepsze efekty &#8211; m\u00f3wi\u0142 komendant Pisiewicz.<\/p>\n<p><img loading=\"lazy\" decoding=\"async\" style=\"aspect-ratio:2048\/1365;\" src=\"https:\/\/www.europesays.com\/pl\/wp-content\/uploads\/2026\/09\/787305980-2563402030747388-2246077026719528346-n.jpg\" width=\"2048\" height=\"1365\"\/>Ucz\u0105 si\u0119 od najlepszych<\/p>\n<p id=\"p-rc_a9de4d904886545f-76\">Szczeg\u00f3\u0142y misji polskich stra\u017cak\u00f3w w Hiszpanii relacjonowa\u0142 starszy kapitan Konrad Lisowski z GFFF Lublin.<\/p>\n<p id=\"p-rc_a9de4d904886545f-78\">&#8211; W dniach 20-31 sierpnia jako modu\u0142 GFFF Poland uczestniczyli\u015bmy w dzia\u0142aniach i \u0107wiczeniach w ramach Unijnego Mechanizmu Ochrony Ludno\u015bci. Poznali\u015bmy system ratowniczo-ga\u015bniczy w regionie Kastylia-La Mancha. Zdobyli\u015bmy ogromne do\u015bwiadczenie. Zobaczyli\u015bmy, jak skutecznie wykorzystywa\u0107 \u015bmig\u0142owce i drony, zar\u00f3wno do gaszenia, jak i do prognozowania rozwoju po\u017car\u00f3w. Specyfika pracy na miejscu faktycznie by\u0142a zupe\u0142nie inna ni\u017c w Polsce. Temperatury w dzie\u0144 przekracza\u0142y 30 stopni, w nocy nie spada\u0142y poni\u017cej 20 stopni. Brak wilgoci sprawia\u0142, \u017ce ro\u015blinno\u015b\u0107 pali\u0142a si\u0119 b\u0142yskawicznie. Silny wiatr, niska wilgotno\u015b\u0107, g\u00f3rzysty, kamienisty teren wymaga\u0142y innej taktyki. W przysz\u0142o\u015bci te metody mog\u0105 przyda\u0107 si\u0119 r\u00f3wnie\u017c u nas. Uczymy si\u0119 od najlepszych, a Hiszpanie to \u015bcis\u0142a czo\u0142\u00f3wka w Europie &#8211; stwierdzi\u0142 starszy kapitan Lisowski.\u00a0<\/p>\n<p id=\"p-rc_a9de4d904886545f-78\">Cz\u0142onek modu\u0142u GFFF Lublin m\u00f3wi\u0142 o wykorzystywaniu dron\u00f3w w akcjach ga\u015bniczych.<\/p>\n<p id=\"p-rc_a9de4d904886545f-84\">&#8211; U\u017cywamy dron\u00f3w z kamerami termowizyjnymi. Chcemy dopracowa\u0107 nasz system na wz\u00f3r hiszpa\u0144skiego. Widok z g\u00f3ry pozwala analizowa\u0107 ca\u0142y obszar. Mo\u017cemy prognozowa\u0107, w kt\u00f3rym kierunku i jak szybko po\u017car b\u0119dzie si\u0119 rozprzestrzenia\u0142, bra\u0107 pod uwag\u0119 kierunek wiatru i ukszta\u0142towanie terenu. W Hiszpanii pierwsze uderzenie wykonuj\u0105 \u015bmig\u0142owce i samoloty zrzucaj\u0105ce wod\u0119. Dopiero p\u00f3\u017aniej wchodz\u0105 zast\u0119py na pojazdach lub grupy piesze z narz\u0119dziami r\u0119cznymi. Kluczem do sukcesu jest pe\u0142na koordynacja tych dzia\u0142a\u0144 &#8211; obja\u015bnia\u0142 starszy kapitan Konrad Lisowski.<\/p>\n<p><img loading=\"lazy\" decoding=\"async\" style=\"aspect-ratio:2048\/1365;\" src=\"https:\/\/www.europesays.com\/pl\/wp-content\/uploads\/2026\/09\/786628700-1091378630016790-7489327083474568139-n_1.jpg\" width=\"2048\" height=\"1365\"\/>Elita w Polsce<\/p>\n<p id=\"p-rc_a9de4d904886545f-84\">Spytali\u015bmy, czy stra\u017c po\u017carna na Lubelszczy\u017anie posiada sprz\u0119t na poziomie por\u00f3wnywalnym do tego, jakim dysponuj\u0105 funkcjonariusze w Hiszpanii.<\/p>\n<p id=\"p-rc_a9de4d904886545f-87\">&#8211; System hiszpa\u0144ski r\u00f3\u017cni si\u0119 od naszego, poniewa\u017c specyfika ich po\u017car\u00f3w jest inna. Sprz\u0119t, kt\u00f3rym dysponujemy obecnie, jest w zupe\u0142no\u015bci wystarczaj\u0105cy. W Polsce po\u017cary nie rozprzestrzeniaj\u0105 si\u0119 jeszcze tak szybko i gwa\u0142townie jak na po\u0142udniu Europy. Powstanie grup takich jak nasza, specjalizuj\u0105cych si\u0119 w walce z po\u017carami na ziemi, pokazuje jednak, \u017ce przygotowujemy si\u0119 na nowe wyzwania klimatyczne &#8211; m\u00f3wi\u0142 stra\u017cak z GFFF Lublin.<\/p>\n<p id=\"p-rc_a9de4d904886545f-92\">&#8211; Je\u015bli chodzi o wyposa\u017cenie: w ci\u0105gu ostatnich dw\u00f3ch, trzech lat w lubelsk\u0105 PSP zainwestowali\u015bmy ogromne \u015brodki. Pochodzi\u0142y one z obrony cywilnej, ochrony ludno\u015bci, bud\u017cetu pa\u0144stwa i funduszy europejskich. To \u0142\u0105cznie prawie trzysta milion\u00f3w z\u0142otych przekazanych na sprz\u0119t i wozy bojowe. W samym tylko ubieg\u0142ym roku przekazali\u015bmy stra\u017cakom do u\u017cytku sze\u015b\u0107dziesi\u0105t nowych pojazd\u00f3w. Projekt realizowany ze \u015brodk\u00f3w unijnych by\u0142 jedynym tego typu przedsi\u0119wzi\u0119ciem w Polsce. Nasz sprz\u0119t stoi na bardzo wysokim poziomie, a wysokie kompetencje i do\u015bwiadczenie naszych stra\u017cak\u00f3w s\u0105 cenione w ca\u0142ym kraju. Jestem o to ca\u0142kowicie spokojny &#8211; zako\u0144czy\u0142 wojewoda Krzysztof Komorski.<\/p>\n","protected":false},"excerpt":{"rendered":"Polscy stra\u017cacy z modu\u0142u GFFF Poland, dzia\u0142aj\u0105cego w ramach Unijnego Mechanizmu Ochrony Ludno\u015bci, zako\u0144czyli mi\u0119dzynarodow\u0105 misj\u0119 prepozycjonowania w&hellip;\n","protected":false},"author":2,"featured_media":662551,"comment_status":"","ping_status":"","sticky":false,"template":"","format":"standard","meta":{"footnotes":"","_share_on_mastodon":"0"},"categories":[51612],"tags":[93984,267,94668,1081,38282,42,38,40,39,41,114114,7891],"class_list":["post-662550","post","type-post","status-publish","format-standard","has-post-thumbnail","category-lublin","tag-gfff-lublin","tag-hiszpania","tag-krzysztof-komorski","tag-lublin","tag-ochrona-ludnosci","tag-pl","tag-poland","tag-polish","tag-polska","tag-polski","tag-pozary-lasow","tag-straz-pozarna"],"share_on_mastodon":{"url":"https:\/\/pubeurope.com\/@pl\/117201895610557650","error":""},"_links":{"self":[{"href":"https:\/\/www.europesays.com\/pl\/wp-json\/wp\/v2\/posts\/662550","targetHints":{"allow":["GET"]}}],"collection":[{"href":"https:\/\/www.europesays.com\/pl\/wp-json\/wp\/v2\/posts"}],"about":[{"href":"https:\/\/www.europesays.com\/pl\/wp-json\/wp\/v2\/types\/post"}],"author":[{"embeddable":true,"href":"https:\/\/www.europesays.com\/pl\/wp-json\/wp\/v2\/users\/2"}],"replies":[{"embeddable":true,"href":"https:\/\/www.europesays.com\/pl\/wp-json\/wp\/v2\/comments?post=662550"}],"version-history":[{"count":0,"href":"https:\/\/www.europesays.com\/pl\/wp-json\/wp\/v2\/posts\/662550\/revisions"}],"wp:featuredmedia":[{"embeddable":true,"href":"https:\/\/www.europesays.com\/pl\/wp-json\/wp\/v2\/media\/662551"}],"wp:attachment":[{"href":"https:\/\/www.europesays.com\/pl\/wp-json\/wp\/v2\/media?parent=662550"}],"wp:term":[{"taxonomy":"category","embeddable":true,"href":"https:\/\/www.europesays.com\/pl\/wp-json\/wp\/v2\/categories?post=662550"},{"taxonomy":"post_tag","embeddable":true,"href":"https:\/\/www.europesays.com\/pl\/wp-json\/wp\/v2\/tags?post=662550"}],"curies":[{"name":"wp","href":"https:\/\/api.w.org\/{rel}","templated":true}]}}