{"id":662586,"date":"2026-09-02T14:39:13","date_gmt":"2026-09-02T14:39:13","guid":{"rendered":"https:\/\/www.europesays.com\/pl\/662586\/"},"modified":"2026-09-02T14:39:13","modified_gmt":"2026-09-02T14:39:13","slug":"tusk-z-koszulka-zondacrypto-szlapka-odpowiada-nawrockiemu","status":"publish","type":"post","link":"https:\/\/www.europesays.com\/pl\/662586\/","title":{"rendered":"Tusk z koszulk\u0105 Zondacrypto. Sz\u0142apka odpowiada Nawrockiemu"},"content":{"rendered":"\n<p>&#13;<br \/>\nKarol Nawrocki podczas konferencji prasowej po\u00a0pierwszym dniu odbywaj\u0105cego si\u0119 w\u00a0Juracie wydarzenia &#8222;Przysz\u0142o\u015b\u0107.pl&#8221; odrzuci\u0142 sugestie dotycz\u0105ce jego zwi\u0105zk\u00f3w z\u00a0Zondacrypto. \u2013\u00a0Je\u015bli pan premier Donald Tusk uznaje, \u017ce\u00a0jest to\u00a0najwi\u0119ksza afera po\u00a01989\u00a0r., ma\u00a0do\u00a0tego oczywi\u015bcie pe\u0142ne prawo, ale\u00a0to\u00a0nie jest dobra informacja dla\u00a0pana premiera. Przypominam, \u017ce\u00a0pan premier odpowiada za\u00a0polskie s\u0142u\u017cby. <a href=\"https:\/\/dorzeczy.pl\/opinie\/935875\/tusk-nie-odpuszcza-nawrockiemu-tu-sie-nie-ma-co-smiac-panowie.html\" rel=\"nofollow noopener\" target=\"_blank\">Przypominam, \u017ce\u00a0to\u00a0pan premier pozowa\u0142 z\u00a0koszulk\u0105 Zondacrypto<\/a> \u2013\u00a0powiedzia\u0142. &#13;\n<\/p>\n<p>&#13;<br \/>\nTo w\u0142a\u015bnie do\u00a0tych s\u0142\u00f3w odni\u00f3s\u0142 si\u0119 rzecznik rz\u0105du podczas dzisiejszej konferencji prasowej. Sz\u0142apka podkre\u015bli\u0142, \u017ce\u00a0zarzuty prezydenta s\u0105 nieprawdziwe, a\u00a0premier otrzyma\u0142 koszulk\u0119 w\u00a0prezencie. &#13;\n<\/p>\n<p>&#13;<br \/>\n\u2013 Zaczynamy smutnie, ale\u00a0od\u00a0pana prezydenta Nawrockiego, kt\u00f3ry twierdzi\u0142, \u017ce\u00a0pan premier pozowa\u0142 z\u00a0koszulk\u0105 z\u00a0napisem Zondacrypto. Panie prezydencie, to\u00a0jest k\u0142amstwo i\u00a0pan to\u00a0wie doskonale. Pan ze\u00a0swojego czo\u0142a nie\u00a0zmyje tego, \u017ce\u00a0pan trzy razy blokowa\u0142 regulacje i\u00a0wetowa\u0142 regulacje dotycz\u0105ce kryptowalut i\u00a0te powi\u0105zania s\u0105 tutaj oczywiste, natomiast pan doskonale wie, \u017ce\u00a0pan premier odpowiedzia\u0142 na\u00a0zaproszenie m\u0142odzik\u00f3w, m\u0142odych zawodnik\u00f3w klubu Lechia Gda\u0144sk, pojecha\u0142 z\u00a0nimi si\u0119 spotka\u0107, bo\u00a0zaprosili pana premiera i\u00a0przekazali panu premierowi koszulk\u0119 Lechia Gda\u0144sk. Panie prezydencie, nie\u00a0wolno tak k\u0142ama\u0107 \u2013\u00a0stwierdzi\u0142 Adam Sz\u0142apka na\u00a0konferencji prasowej. &#13;\n<\/p>\n<p>Afera Zondacrypto<\/p>\n<p>&#13;<br \/>\n<a href=\"https:\/\/dorzeczy.pl\/kraj\/937003\/kaczynski-o-aferze-zondacrypto-komisja-sledcza-to-dzisiaj-najlepsze-rozwiazanie.html\" title=\"Afera Zondacrypto. Kaczy\u0144ski zabra\u0142 g\u0142os\" rel=\"nofollow noopener\" target=\"_blank\">Sprawa Zondacrypto<\/a> jest w\u00a0ostatnich dniach na\u00a0czo\u0142\u00f3wkach medi\u00f3w w\u00a0Polsce. W\u00a0kwietniu Prokuratura Regionalna w\u00a0Katowicach wszcz\u0119\u0142a \u015bledztwo dotycz\u0105ce mo\u017cliwego oszustwa wobec klient\u00f3w gie\u0142dy. Wcze\u015bniej media informowa\u0142y o\u00a0problemach z\u00a0jej p\u0142ynno\u015bci\u0105 finansow\u0105 oraz\u00a0o\u00a0powi\u0105zaniach sp\u00f3\u0142ek zwi\u0105zanych z\u00a0Przemys\u0142awem Kralem z\u00a0politykami prawicy. &#13;\n<\/p>\n<p>&#13;<br \/>\nDoniesienia prasowe dotyczy\u0142y m.in. wp\u0142at od\u00a0sp\u00f3\u0142ek Krala na\u00a0fundacje zwi\u0105zane ze\u00a0Zbigniewem Ziobr\u0105 (PiS) i\u00a0Przemys\u0142awem Wiplerem (Konfederacja) oraz\u00a0kontakt\u00f3w biznesmena z\u00a0politykami zajmuj\u0105cymi si\u0119 regulacjami rynku kryptowalut. &#13;\n<\/p>\n<p>&#13;<br \/>\nW centrum politycznego sporu znalaz\u0142a si\u0119 tak\u017ce ustawa reguluj\u0105ca rynek kryptoaktyw\u00f3w, kt\u00f3rej kolejne wersje by\u0142y wetowane przez prezydenta Karola Nawrockiego. &#13;\n<\/p>\n<p>&#13;<br \/>\n   Czytaj te\u017c:<br \/><a href=\"https:\/\/dorzeczy.pl\/kraj\/937195\/afera-zondacrypto-policja-prowadzi-przeszukania-w-pkol-i-uokik.html\" rel=\"follow nofollow noopener\" data-schema=\"DORZECZY\" data-image=\"https:\/\/img.dorzeczy.pl\/_thumb\/78\/b3\/92921f376cab1xx4045683cca193.jpeg\" target=\"_blank\">Akcja s\u0142u\u017cb ws. Zondacrypto. Policja wesz\u0142a do\u00a0PKOI i\u00a0UOKiK<\/a>   Czytaj te\u017c:<br \/><a href=\"https:\/\/dorzeczy.pl\/opinie\/937159\/afera-zondacrypto-zurek-zatrzymano-kolejne-3-osoby.html\" rel=\"follow nofollow noopener\" data-schema=\"DORZECZY\" data-image=\"https:\/\/img.dorzeczy.pl\/_thumb\/df\/5a\/b8bdbc6f5a507352285eec35c4f6.jpeg\" target=\"_blank\">Afera Zondacrypto. \u017burek: Zatrzymano kolejne osoby<\/a> &#13;<\/p>\n","protected":false},"excerpt":{"rendered":"&#13; Karol Nawrocki podczas konferencji prasowej po\u00a0pierwszym dniu odbywaj\u0105cego si\u0119 w\u00a0Juracie wydarzenia &#8222;Przysz\u0142o\u015b\u0107.pl&#8221; odrzuci\u0142 sugestie dotycz\u0105ce jego zwi\u0105zk\u00f3w&hellip;\n","protected":false},"author":2,"featured_media":662587,"comment_status":"","ping_status":"","sticky":false,"template":"","format":"standard","meta":{"footnotes":"","_share_on_mastodon":"0"},"categories":[62713],"tags":[1345,98,49,1315,102,2171,17994],"class_list":["post-662586","post","type-post","status-publish","format-standard","has-post-thumbnail","category-donald-tusk","tag-donald-tusk","tag-dorzeczy","tag-kraj","tag-nawrocki","tag-opinie","tag-szlapka","tag-zondacrypto"],"share_on_mastodon":{"url":"https:\/\/pubeurope.com\/@pl\/117201965179984924","error":""},"_links":{"self":[{"href":"https:\/\/www.europesays.com\/pl\/wp-json\/wp\/v2\/posts\/662586","targetHints":{"allow":["GET"]}}],"collection":[{"href":"https:\/\/www.europesays.com\/pl\/wp-json\/wp\/v2\/posts"}],"about":[{"href":"https:\/\/www.europesays.com\/pl\/wp-json\/wp\/v2\/types\/post"}],"author":[{"embeddable":true,"href":"https:\/\/www.europesays.com\/pl\/wp-json\/wp\/v2\/users\/2"}],"replies":[{"embeddable":true,"href":"https:\/\/www.europesays.com\/pl\/wp-json\/wp\/v2\/comments?post=662586"}],"version-history":[{"count":0,"href":"https:\/\/www.europesays.com\/pl\/wp-json\/wp\/v2\/posts\/662586\/revisions"}],"wp:featuredmedia":[{"embeddable":true,"href":"https:\/\/www.europesays.com\/pl\/wp-json\/wp\/v2\/media\/662587"}],"wp:attachment":[{"href":"https:\/\/www.europesays.com\/pl\/wp-json\/wp\/v2\/media?parent=662586"}],"wp:term":[{"taxonomy":"category","embeddable":true,"href":"https:\/\/www.europesays.com\/pl\/wp-json\/wp\/v2\/categories?post=662586"},{"taxonomy":"post_tag","embeddable":true,"href":"https:\/\/www.europesays.com\/pl\/wp-json\/wp\/v2\/tags?post=662586"}],"curies":[{"name":"wp","href":"https:\/\/api.w.org\/{rel}","templated":true}]}}