{"id":662588,"date":"2026-09-02T14:40:27","date_gmt":"2026-09-02T14:40:27","guid":{"rendered":"https:\/\/www.europesays.com\/pl\/662588\/"},"modified":"2026-09-02T14:40:27","modified_gmt":"2026-09-02T14:40:27","slug":"glosy-nawrockiego-przypisano-trzaskowskiemu-i-odwrotnie-w-tychach-prokuratura-umorzyla-sprawe","status":"publish","type":"post","link":"https:\/\/www.europesays.com\/pl\/662588\/","title":{"rendered":"G\u0142osy Nawrockiego przypisano Trzaskowskiemu i odwrotnie w Tychach. Prokuratura umorzy\u0142a spraw\u0119"},"content":{"rendered":"<p>Prokuratura Okr\u0119gowa w Katowicach umorzy\u0142a spraw\u0119 zamiany g\u0142os\u00f3w podczas wybor\u00f3w na urz\u0105d Prezydenta Rzeczypospolitej Polskiej w Tychach. Chodzi o Obwodow\u0105 Komisj\u0119 Wyborcz\u0105 nr 35 w Tychach. G\u0142osy Karola Nawrockiego przypisano Rafa\u0142owi Trzaskowskiemu i odwrotnie.<\/p>\n<p>O sprawie jako pierwsza informowa\u0142a Gazeta.pl. Dane z komisji wyborczej nr 35 przy ul. Lwa To\u0142stoja w Tychach zdecydowanie nie mia\u0142y wp\u0142ywu na wynik wybor\u00f3w, ale faktycznie dosz\u0142o do pomy\u0142ki. W II turze wybor\u00f3w na Karola Nawrockiego zag\u0142osowa\u0142o 581 os\u00f3b. Ten startowa\u0142 z poparciem PiS, a na kandydata Koalicji Obywatelskiej Rafa\u0142a Trzaskowskiego \u2013 347.<\/p>\n<p>Sytuacja by\u0142a dziwna, bo w Tychach w og\u00f3lnej liczbie g\u0142os\u00f3w wygra\u0142 Trzaskowski, maj\u0105c ich ponad 35 tys. Nawrocki m\u00f3g\u0142 liczy\u0107 na niespe\u0142na 30 tys. oddanych g\u0142os\u00f3w. Ostatecznie g\u0142osy z komisji przeliczono jeszcze raz w S\u0105dzie Rejonowym w Tychach. Okaza\u0142o si\u0119, \u017ce wyniki zamieniono.<\/p>\n<p>Do b\u0142\u0119du mia\u0142o doj\u015b\u0107 w wyniku zm\u0119czenia i przepisywania wynik\u00f3w, gdzie podawano wyniki informatykowi jako \u201ekandydat pierwszy\u201d \u2013 my\u015blano o Trzaskowskim, a \u201ekandydat drugi\u201d \u2013 tutaj my\u015blano o Nawrockim. Chodzi o liczb\u0119 oddanych g\u0142os\u00f3w. Informatyk natomiast \u2013 jak podaje Gazeta.pl \u2013 mia\u0142 w systemie alfabetycznie Nawrockiego jako pierwszego i Trzaskowskiego jako drugiego. Tak te\u017c wyniki przepisano.<\/p>\n","protected":false},"excerpt":{"rendered":"Prokuratura Okr\u0119gowa w Katowicach umorzy\u0142a spraw\u0119 zamiany g\u0142os\u00f3w podczas wybor\u00f3w na urz\u0105d Prezydenta Rzeczypospolitej Polskiej w Tychach. Chodzi&hellip;\n","protected":false},"author":2,"featured_media":662589,"comment_status":"","ping_status":"","sticky":false,"template":"","format":"standard","meta":{"footnotes":"","_share_on_mastodon":"0"},"categories":[62712],"tags":[690,128821,128822,128823,128824,2837,128825,5113,128826,5717,128827],"class_list":["post-662588","post","type-post","status-publish","format-standard","has-post-thumbnail","category-karol-nawrocki","tag-karol-nawrocki","tag-komisja-wyborcza","tag-lwa-tolstoja","tag-obwodowa-komisja-wyborcza-nr-35","tag-prokuratura-okregowa-w-katowicach","tag-rafal-trzaskowski","tag-sad-rejonowy-w-tychach","tag-tychy","tag-wybory-2025","tag-wybory-prezydenckie","tag-wybory-w-tychach"],"share_on_mastodon":{"url":"https:\/\/pubeurope.com\/@pl\/117201969081794626","error":""},"_links":{"self":[{"href":"https:\/\/www.europesays.com\/pl\/wp-json\/wp\/v2\/posts\/662588","targetHints":{"allow":["GET"]}}],"collection":[{"href":"https:\/\/www.europesays.com\/pl\/wp-json\/wp\/v2\/posts"}],"about":[{"href":"https:\/\/www.europesays.com\/pl\/wp-json\/wp\/v2\/types\/post"}],"author":[{"embeddable":true,"href":"https:\/\/www.europesays.com\/pl\/wp-json\/wp\/v2\/users\/2"}],"replies":[{"embeddable":true,"href":"https:\/\/www.europesays.com\/pl\/wp-json\/wp\/v2\/comments?post=662588"}],"version-history":[{"count":0,"href":"https:\/\/www.europesays.com\/pl\/wp-json\/wp\/v2\/posts\/662588\/revisions"}],"wp:featuredmedia":[{"embeddable":true,"href":"https:\/\/www.europesays.com\/pl\/wp-json\/wp\/v2\/media\/662589"}],"wp:attachment":[{"href":"https:\/\/www.europesays.com\/pl\/wp-json\/wp\/v2\/media?parent=662588"}],"wp:term":[{"taxonomy":"category","embeddable":true,"href":"https:\/\/www.europesays.com\/pl\/wp-json\/wp\/v2\/categories?post=662588"},{"taxonomy":"post_tag","embeddable":true,"href":"https:\/\/www.europesays.com\/pl\/wp-json\/wp\/v2\/tags?post=662588"}],"curies":[{"name":"wp","href":"https:\/\/api.w.org\/{rel}","templated":true}]}}