{"id":662598,"date":"2026-09-02T14:48:27","date_gmt":"2026-09-02T14:48:27","guid":{"rendered":"https:\/\/www.europesays.com\/pl\/662598\/"},"modified":"2026-09-02T14:48:27","modified_gmt":"2026-09-02T14:48:27","slug":"lubelscy-strazacy-wrocili-z-hiszpanii-gasili-wielohektarowe-pozary-lasow","status":"publish","type":"post","link":"https:\/\/www.europesays.com\/pl\/662598\/","title":{"rendered":"Lubelscy stra\u017cacy wr\u00f3cili z Hiszpanii. Gasili wielohektarowe po\u017cary las\u00f3w"},"content":{"rendered":"<p>Po powrocie do kraju ze stra\u017cakami z modu\u0142u GFFF Lublin spotkali si\u0119 wojewoda lubelski Krzysztof Komorski oraz wicewojewoda Wojciech Wo\u0142och. Rozmawiano mi\u0119dzy innymi o przebiegu dzia\u0142a\u0144, zdobytych do\u015bwiadczeniach i dalszym rozwoju specjalistycznej grupy.<\/p>\n<p>Dwana\u015bcie os\u00f3b z Lubelszczyzny<\/p>\n<p>Lubelski modu\u0142 jest cz\u0119\u015bci\u0105 og\u00f3lnopolskiej grupy przeznaczonej do prowadzenia dzia\u0142a\u0144 ga\u015bniczych w trudno dost\u0119pnym terenie. Podczas misji stra\u017cacy mogli nie tylko wspiera\u0107 hiszpa\u0144skie s\u0142u\u017cby, lecz tak\u017ce doskonali\u0107 swoje umiej\u0119tno\u015bci.<\/p>\n<p>\u2014 Lubelski modu\u0142 jest jednym z siedmiu wchodz\u0105cych w sk\u0142ad og\u00f3lnopolskiej grupy GFFF Poland. Ground Forest Fire Fighting to wyspecjalizowana grupa stra\u017cak\u00f3w do walki w trudnym terenie na poziomie gruntu. Dzi\u015b go\u015bcimy grup\u0119 12 stra\u017cak\u00f3w, kt\u00f3rzy wr\u00f3cili w\u0142a\u015bnie do Polski z misji w Hiszpanii. By\u0142a to misja po\u0142\u0105czona z \u0107wiczeniami i wymian\u0105 do\u015bwiadcze\u0144 \u2014 powiedzia\u0142 wojewoda lubelski Krzysztof Komorski.<\/p>\n<p>Stra\u017cacy z wojew\u00f3dztwa lubelskiego przebywali w Hiszpanii od 20 do 31 sierpnia. Pe\u0142nili zmian\u0119 wsp\u00f3lnie z funkcjonariuszami z wojew\u00f3dztw podlaskiego, wielkopolskiego, \u0142\u00f3dzkiego, mazowieckiego i opolskiego oraz z Komendy G\u0142\u00f3wnej Pa\u0144stwowej Stra\u017cy Po\u017carnej.<\/p>\n<p>Gasili po\u017cary w g\u00f3rzystym terenie<\/p>\n<p>Podczas pobytu na P\u00f3\u0142wyspie Iberyjskim polscy stra\u017cacy brali bezpo\u015bredni udzia\u0142 w gaszeniu wielohektarowych po\u017car\u00f3w. Dzia\u0142ania prowadzono w wymagaj\u0105cym, g\u00f3rzystym terenie, w warunkach r\u00f3\u017cni\u0105cych si\u0119 od tych, z kt\u00f3rymi ratownicy spotykaj\u0105 si\u0119 w Polsce.<\/p>\n<p>\u2014 Stra\u017cacy w Hiszpanii cz\u0119sto maj\u0105 do czynienia z wielkopowierzchniowymi po\u017carami las\u00f3w. W zwi\u0105zku z tym maj\u0105 du\u017co konkretnej wiedzy, kompetencji, do\u015bwiadczenia. Z racji nasilenia tych po\u017car\u00f3w \u2014 do\u015bwiadczenia r\u00f3\u017cnorodnego. Geologia, ro\u015blinno\u015b\u0107, ukszta\u0142towanie terenu, temperatury. Walka z \u017cywio\u0142em odbywa si\u0119 tam w nieco innych warunkach ni\u017c w Polsce. Dlatego dla naszych stra\u017cak\u00f3w by\u0142a to \u015bwietna okazja do zdobycia kolejnych do\u015bwiadcze\u0144 \u2014 podkre\u015bli\u0142 Krzysztof Komorski.<\/p>\n<p>W sk\u0142ad lubelskiej grupy wesz\u0142o czterech stra\u017cak\u00f3w z Komendy Miejskiej PSP w Zamo\u015bciu, trzech z Komendy Powiatowej PSP w Krasnymstawie, dw\u00f3ch z Komendy Powiatowej PSP w Pu\u0142awach oraz po jednym funkcjonariuszu z Komendy Wojew\u00f3dzkiej PSP w Lublinie, Komendy Powiatowej PSP w Kra\u015bniku i Komendy Miejskiej PSP w Lublinie.<\/p>\n<p>Kolejne szkolenia przed stra\u017cakami<\/p>\n<p>Misja by\u0142a r\u00f3wnie\u017c okazj\u0105 do podniesienia kompetencji, zdobycia nowych umiej\u0119tno\u015bci oraz zacie\u015bnienia wsp\u00f3\u0142pracy z hiszpa\u0144skimi stra\u017cakami. Cz\u0142onkowie modu\u0142u maj\u0105 kontynuowa\u0107 szkolenia i przygotowania do kolejnych dzia\u0142a\u0144.<\/p>\n<p>\u2014 Przed nimi kolejne szkolenia. Kolejne wyjazdy, na kt\u00f3rych b\u0119d\u0105 zdobywali nowe umiej\u0119tno\u015bci. A my, jako administracja rz\u0105dowa w terenie nadzoruj\u0105ca koordynacj\u0119 wsp\u00f3\u0142pracy naszych s\u0142u\u017cb mundurowych, b\u0119dziemy robi\u0107 wszystko, aby ich potrzeby sprz\u0119towe i szkoleniowe by\u0142y zaspokojone na najwy\u017cszym poziomie \u2014 doda\u0142 wojewoda.<\/p>\n<p>    Galeria zdj\u0119\u0107<\/p>\n<p>                                    <img decoding=\"async\" class=\"gallery-item\" src=\"https:\/\/www.europesays.com\/pl\/wp-content\/uploads\/2026\/09\/medium-792506517_1562468755564230_1315116666369279780_n.jpg\" loading=\"lazy\" width=\"2048\" height=\"1366\"\/><\/p>\n<p>            Zdj\u0119cie 1 z 7<\/p>\n<p>                                    <img decoding=\"async\" class=\"gallery-item\" src=\"https:\/\/www.europesays.com\/pl\/wp-content\/uploads\/2026\/09\/medium-790756485_1059228533178937_7035107546639062551_n.jpg\" loading=\"lazy\" width=\"2048\" height=\"1365\"\/><\/p>\n<p>            Zdj\u0119cie 2 z 7<\/p>\n<p>                                    <img decoding=\"async\" class=\"gallery-item\" src=\"https:\/\/www.europesays.com\/pl\/wp-content\/uploads\/2026\/09\/medium-790209215_1073359788574636_7423147352180178072_n.jpg\" loading=\"lazy\" width=\"2048\" height=\"1365\"\/><\/p>\n<p>            Zdj\u0119cie 3 z 7<\/p>\n<p>                                    <img decoding=\"async\" class=\"gallery-item\" src=\"https:\/\/www.europesays.com\/pl\/wp-content\/uploads\/2026\/09\/medium-790087033_1801297514380783_4283755100888343319_n.jpg\" loading=\"lazy\" width=\"2048\" height=\"1365\"\/><\/p>\n<p>            Zdj\u0119cie 4 z 7<\/p>\n<p>                                    <img decoding=\"async\" class=\"gallery-item\" src=\"https:\/\/www.europesays.com\/pl\/wp-content\/uploads\/2026\/09\/medium-788728789_1557566326119197_1511887027982907876_n.jpg\" loading=\"lazy\" width=\"2048\" height=\"1365\"\/><\/p>\n<p>            Zdj\u0119cie 5 z 7<\/p>\n<p>\u0179r\u00f3d\u0142o: LUW<\/p>\n<p>\n                                    <a href=\"https:\/\/www.google.com\/preferences\/source?q=lublin112.pl\" target=\"_blank\" rel=\"noopener noreferrer nofollow\" onclick=\"if (!window.__cfRLUnblockHandlers) return false; gtag(&#039;event&#039;, &#039;google_preferred_source_click&#039;, {&#010;                                           &#039;link_url&#039;: this.href,&#010;                                           &#039;link_text&#039;: &#039;Ustaw lublin112.pl jako preferowane \u017ar\u00f3d\u0142o&#039;&#010;                                       });\" style=\"text-align:center;display:block;\" data-cf-modified-5fd65d72874b09fb7cc11994-=\"\"><br \/>\n                                        <img decoding=\"async\" src=\"https:\/\/www.europesays.com\/pl\/wp-content\/uploads\/2026\/09\/1788360507_70_lublin112-google-source.webp\" alt=\"Ustaw lublin112.pl jako preferowane \u017ar\u00f3d\u0142o w Google\" style=\"max-width: 70%;\"\/><br \/>\n                                    <\/a><br \/>\n                                    <\/p>\n","protected":false},"excerpt":{"rendered":"Po powrocie do kraju ze stra\u017cakami z modu\u0142u GFFF Lublin spotkali si\u0119 wojewoda lubelski Krzysztof Komorski oraz wicewojewoda&hellip;\n","protected":false},"author":2,"featured_media":662599,"comment_status":"","ping_status":"","sticky":false,"template":"","format":"standard","meta":{"footnotes":"","_share_on_mastodon":"0"},"categories":[51612],"tags":[118019,267,94668,2732,1081,26444,42,38,40,39,41,114114,17671,75779],"class_list":["post-662598","post","type-post","status-publish","format-standard","has-post-thumbnail","category-lublin","tag-gfff-poland","tag-hiszpania","tag-krzysztof-komorski","tag-lubelszczyzna","tag-lublin","tag-misja","tag-pl","tag-poland","tag-polish","tag-polska","tag-polski","tag-pozary-lasow","tag-psp","tag-strazacy"],"share_on_mastodon":{"url":"https:\/\/pubeurope.com\/@pl\/117202001887927006","error":""},"_links":{"self":[{"href":"https:\/\/www.europesays.com\/pl\/wp-json\/wp\/v2\/posts\/662598","targetHints":{"allow":["GET"]}}],"collection":[{"href":"https:\/\/www.europesays.com\/pl\/wp-json\/wp\/v2\/posts"}],"about":[{"href":"https:\/\/www.europesays.com\/pl\/wp-json\/wp\/v2\/types\/post"}],"author":[{"embeddable":true,"href":"https:\/\/www.europesays.com\/pl\/wp-json\/wp\/v2\/users\/2"}],"replies":[{"embeddable":true,"href":"https:\/\/www.europesays.com\/pl\/wp-json\/wp\/v2\/comments?post=662598"}],"version-history":[{"count":0,"href":"https:\/\/www.europesays.com\/pl\/wp-json\/wp\/v2\/posts\/662598\/revisions"}],"wp:featuredmedia":[{"embeddable":true,"href":"https:\/\/www.europesays.com\/pl\/wp-json\/wp\/v2\/media\/662599"}],"wp:attachment":[{"href":"https:\/\/www.europesays.com\/pl\/wp-json\/wp\/v2\/media?parent=662598"}],"wp:term":[{"taxonomy":"category","embeddable":true,"href":"https:\/\/www.europesays.com\/pl\/wp-json\/wp\/v2\/categories?post=662598"},{"taxonomy":"post_tag","embeddable":true,"href":"https:\/\/www.europesays.com\/pl\/wp-json\/wp\/v2\/tags?post=662598"}],"curies":[{"name":"wp","href":"https:\/\/api.w.org\/{rel}","templated":true}]}}